{"id":10035,"date":"2022-07-22T18:08:02","date_gmt":"2022-07-22T23:08:02","guid":{"rendered":"https:\/\/www.aquilaguna.com\/?p=10035"},"modified":"2022-07-22T18:08:03","modified_gmt":"2022-07-22T23:08:03","slug":"turismo-coahuila-invita-a-visitar-puerto-noas-y-pueblos-magicos-de-viesca-y-parras","status":"publish","type":"post","link":"https:\/\/www.aquilaguna.com\/index.php\/2022\/07\/22\/turismo-coahuila-invita-a-visitar-puerto-noas-y-pueblos-magicos-de-viesca-y-parras\/","title":{"rendered":"TURISMO COAHUILA INVITA A VISITAR PUERTO NOAS Y PUEBLOS M\u00c1GICOS DE VIESCA Y PARRAS."},"content":{"rendered":"\n<p>Torre\u00f3n, Coahuila de Zaragoza; a 21 de Julio de 2022.- El Gobierno de Coahuila, en coordinaci\u00f3n con el Ayuntamiento de Torre\u00f3n, invitan a visitar el Puerto Noas, disfrutar de un paseo en el Telef\u00e9rico de Torre\u00f3n y acudir a los Pueblos M\u00e1gicos de Viesca y Parras de la Fuente, entre otras actividades.<\/p>\n\n\n\n<p>Mar\u00eda Eugenia Villarreal Abusaid, Subsecretaria de Turismo en La Laguna, coment\u00f3 que la Regi\u00f3n Laguna tiene muchas opciones para visitar en estas vacaciones.<\/p>\n\n\n\n<p>\u201cEn Torre\u00f3n, cada d\u00eda hay m\u00e1s opciones, hay m\u00e1s cosas por hacer. Contamos con el Puerto Noas, con el Museo Arocena, el Teatro Isauro Mart\u00ednez, el Paseo Col\u00f3n\u201d, dijo.<\/p>\n\n\n\n<p>Adem\u00e1s de Viesca, la Capilla de la Se\u00f1ora de Santa Ana, Las Dunas, existen varias rutas, diversos tours con lo que invita a conocer Coahuila.<\/p>\n\n\n\n<p>La funcionaria coment\u00f3 que esto no ser\u00eda posible sin seguridad, tema que ha sido prioritario para la Administraci\u00f3n que encabeza el gobernador Miguel \u00c1ngel Riquelme Sol\u00eds.<\/p>\n\n\n\n<p>En su momento, Luis T\u00e9llez, Director de Turismo, invita a la poblaci\u00f3n a conocer \u201cTorre\u00f3n, Mi destino eres\u201d.<\/p>\n\n\n\n<p>Coment\u00f3 que habr\u00e1 un rally cuyo objetivo es promocionar La Perla de La Laguna, su historia y su riqueza cultural.<\/p>\n\n\n\n<p>Hoy 21 de julio abren las inscripciones, del 24 al 30 ser\u00e1 el rally y el d\u00eda 31 se premiar\u00e1 a los ganadores en el Paseo Col\u00f3n.<\/p>\n\n\n\n<p>Los interesados en participar pueden visitar la p\u00e1gina del Ayuntamiento de Torre\u00f3n y la de Turismo, donde vienen las bases.<\/p>\n\n\n\n<p>Por su parte, Ver\u00f3nica Soto D\u00edaz, Directora General del Telef\u00e9rico de Torre\u00f3n y Puerto Noas, detall\u00f3 que para dar una mejor atenci\u00f3n a la ciudadan\u00eda se modific\u00f3 el horario para estas vacaciones.<\/p>\n\n\n\n<p>Es decir, martes, mi\u00e9rcoles y domingo la poblaci\u00f3n puede acudir de las 11:00 a las 21:00 horas a taquilla.<\/p>\n\n\n\n<p>En tanto que de jueves a s\u00e1bado pueden asistir de las 11:00 a las 23:00 horas a comprar su boleto, sin embargo, en cualquier d\u00eda el servicio del Telef\u00e9rico cierra una hora m\u00e1s tarde.<\/p>\n\n\n\n<p>La servidora p\u00fablica invit\u00f3 a las y los coahuilenses a visitar el lugar m\u00e1s atractivo de la entidad.<\/p>\n\n\n\n<p>Soto D\u00edaz describi\u00f3 que de jueves a domingo se brindan clases de origami y t\u00e9cnicas de pintura, enfocadas a las y los ni\u00f1os.<\/p>\n\n\n\n<p>Adem\u00e1s de los ba\u00f1os de espuma, que se realizan a las 12:30, 13:30 y 14:30 horas, dejando claro que \u201cno se gasta mucha agua y sirve para refrescarnos\u201d.<\/p>\n\n\n\n<p>Por su parte, Antonio M\u00e9ndez Vigat\u00e1, titular del Instituto Municipal de Cultura y Educaci\u00f3n, exhorta a la ciudadan\u00eda a visitar Casa Mudejar y los Museos del Ferrocarril y Casa del Cerro, entre otros.<\/p>\n\n\n\n<p>Destac\u00f3 que en este momento se desarrollan cursos de verano, donde est\u00e1n inscritos 693 alumnos, empero, si se pueden visitar los recintos.<\/p>\n\n\n\n<p>De martes a s\u00e1bado est\u00e1n abiertos de las 10:00 a las 16:00 horas, y los domingos s\u00f3lo est\u00e1n abiertos el Museo del Ferrocarril y el Museo Casa del Cerro, de las 10:00 a las 15:00 horas.<\/p>\n\n\n\n<p>Aqu\u00ed se anunci\u00f3 que habr\u00e1 dos m\u00f3dulos de informaci\u00f3n, pr\u00f3ximamente, en Casa Mudejar y Puerto Noas, para orientar a los turistas y visitantes.<\/p>\n\n\n\n<p>Y si alguien quiere visitar Viesca, Parras de la Fuente y Cuatro Ci\u00e9negas, la empresa de turismo Promac los invita a contactarlos en la p\u00e1gina de Facebook que lleva el mismo nombre.<\/p>\n\n\n\n<p>O bien llamar al n\u00famero celular:871 346 4198, con Filiberto Islas Pimentel.<\/p>\n","protected":false},"excerpt":{"rendered":"<p>Torre\u00f3n, Coahuila de Zaragoza; a 21 de Julio de 2022.- El Gobierno de Coahuila, en coordinaci\u00f3n con el Ayuntamiento de Torre\u00f3n, invitan a visitar el Puerto Noas, disfrutar de un paseo en el Telef\u00e9rico de Torre\u00f3n y acudir a los Pueblos M\u00e1gicos de Viesca y Parras de la Fuente, entre otras actividades. Mar\u00eda Eugenia Villarreal Abusaid, Subsecretaria de Turismo en La Laguna, coment\u00f3 que la Regi\u00f3n Laguna tiene muchas opciones&#8230;<\/p>\n","protected":false},"author":1,"featured_media":10036,"comment_status":"closed","ping_status":"closed","sticky":false,"template":"","format":"standard","meta":{"footnotes":""},"categories":[5,15,28,7,34,45],"tags":[],"class_list":["post-10035","post","type-post","status-publish","format-standard","has-post-thumbnail","hentry","category-coahuila","category-gobierno-de-coahuila","category-la-laguna","category-torreon","category-turismo","category-viesca","wpcat-5-id","wpcat-15-id","wpcat-28-id","wpcat-7-id","wpcat-34-id","wpcat-45-id"],"_links":{"self":[{"href":"https:\/\/www.aquilaguna.com\/index.php\/wp-json\/wp\/v2\/posts\/10035","targetHints":{"allow":["GET"]}}],"collection":[{"href":"https:\/\/www.aquilaguna.com\/index.php\/wp-json\/wp\/v2\/posts"}],"about":[{"href":"https:\/\/www.aquilaguna.com\/index.php\/wp-json\/wp\/v2\/types\/post"}],"author":[{"embeddable":true,"href":"https:\/\/www.aquilaguna.com\/index.php\/wp-json\/wp\/v2\/users\/1"}],"replies":[{"embeddable":true,"href":"https:\/\/www.aquilaguna.com\/index.php\/wp-json\/wp\/v2\/comments?post=10035"}],"version-history":[{"count":1,"href":"https:\/\/www.aquilaguna.com\/index.php\/wp-json\/wp\/v2\/posts\/10035\/revisions"}],"predecessor-version":[{"id":10037,"href":"https:\/\/www.aquilaguna.com\/index.php\/wp-json\/wp\/v2\/posts\/10035\/revisions\/10037"}],"wp:featuredmedia":[{"embeddable":true,"href":"https:\/\/www.aquilaguna.com\/index.php\/wp-json\/wp\/v2\/media\/10036"}],"wp:attachment":[{"href":"https:\/\/www.aquilaguna.com\/index.php\/wp-json\/wp\/v2\/media?parent=10035"}],"wp:term":[{"taxonomy":"category","embeddable":true,"href":"https:\/\/www.aquilaguna.com\/index.php\/wp-json\/wp\/v2\/categories?post=10035"},{"taxonomy":"post_tag","embeddable":true,"href":"https:\/\/www.aquilaguna.com\/index.php\/wp-json\/wp\/v2\/tags?post=10035"}],"curies":[{"name":"wp","href":"https:\/\/api.w.org\/{rel}","templated":true}]}}