{"id":10055,"date":"2022-07-24T19:34:12","date_gmt":"2022-07-25T00:34:12","guid":{"rendered":"https:\/\/www.aquilaguna.com\/?p=10055"},"modified":"2022-07-24T19:34:13","modified_gmt":"2022-07-25T00:34:13","slug":"en-estas-vacaciones-disfruta-las-tradicionales-ferias-regionales-en-coahuila","status":"publish","type":"post","link":"https:\/\/www.aquilaguna.com\/index.php\/2022\/07\/24\/en-estas-vacaciones-disfruta-las-tradicionales-ferias-regionales-en-coahuila\/","title":{"rendered":"EN ESTAS VACACIONES, DISFRUTA LAS TRADICIONALES FERIAS REGIONALES EN COAHUILA."},"content":{"rendered":"\n<p>\u00b7\u00a0\u00a0\u00a0\u00a0\u00a0\u00a0\u00a0\u00a0\u00a0<strong><em>Actualmente se realizan las ferias de Saltillo, San Buenaventura, Viesca y Guerrero<\/em><\/strong><\/p>\n\n\n\n<p>Saltillo, Coahuila de Zaragoza; a 23 de Julio de 2022.- En estas vacaciones de verano, haz turismo en Coahuila, viviendo el folclor, alegr\u00eda y entretenimiento de las tradicionales ferias que se llevan a cabo en esta temporada.<\/p>\n\n\n\n<p>Actualmente se realizan las ferias de Saltillo y de San Buenaventura, eventos de mucha historia y tradici\u00f3n, ya consolidadas en la entidad y que atraen miles de asistentes por la diversidad de espect\u00e1culos que ofrecen al p\u00fablico. Tambi\u00e9n la Expo Feria Santiago Ap\u00f3stol, en Viesca, del 21 al 25 de julio, y la Feria de la Sand\u00eda, en Guerrero, el 22 y 23 de julio.<\/p>\n\n\n\n<p>La Feria de San Buenaventura es del 8 al 24 de julio. Su cartel lo integraron artistas como Conjunto Primavera y Lalo Mora, Banda MS, Ed\u00e9n Mu\u00f1oz, Car\u00edn Le\u00f3n y Grupo Duelo, Los Hermanos Barr\u00f3n (con un baile gratuito); Mar\u00eda Jos\u00e9, Los Dos Carnales, Laberinto, La Korporaci\u00f3n MX, y este domingo cierra Cinch S\u00faper Bull.<\/p>\n\n\n\n<p>La Feria de Saltillo es del 14 de julio al 7 de agosto; las actividades iniciaron con el grupo Bronco. Se han presentado Los Tres Tristes Tigres, Sonido Mazter, Los Cantaritos del Ritmo, Sonora Skandalo, Kalimba, Pesado y Banda Carnaval.<\/p>\n\n\n\n<p>El resto del cartel lo integran: Flor Amargo, quien se presenta este domingo 24; Buena Vista Social Club, Poncho de Nigris, Duelo, Salom\u00f3n Robles, La Casetera, Inspector, El Potro, Grupo Mojado, Leandro R\u00edos, Pablo Montero y Alex Trevi\u00f1o.<\/p>\n\n\n\n<p>Adem\u00e1s, el Museo del Desierto presenta Gigantes del Cret\u00e1cico, con r\u00e9plicas de dinosaurios gigantes (los m\u00e1s grandes presentados por MUDE hasta el momento); el Circo Roncaly Circus, la Lancha Loca, Teatro Urbano Ucraniano, Voladores de Papantla, Rodeo Infantil, corredor gastron\u00f3mico y de artesan\u00edas, cine en pantallas gigantes, entre otras atracciones.<\/p>\n\n\n\n<p><strong>PR\u00d3XIMAS FERIAS Y FIESTAS PATRONALES<\/strong><\/p>\n\n\n\n<p>La Feria de la Uva, en Cuatro Ci\u00e9negas, y la Astro Feria, en San Juan de Sabinas, del 29 de julio al 7 de agosto; la Feria de la Uva, en Parras, a partir del 5 de agosto; la FeriAcero de Monclova, del 11 al 21 de agosto; la Feria de Santa Rosa de Lima, en M\u00fazquiz; la Feria de Escobedo, del 26 de agosto al 4 de septiembre; la Feria de Torre\u00f3n, del 2 de septiembre al 2 de octubre.<\/p>\n\n\n\n<p>Tambi\u00e9n en el estado se efect\u00faan fiestas patronales como la de Santiago Ap\u00f3stol, en Monclova, los d\u00edas 16,17, 24, 25 y 30 de julio; en Progreso se celebra el aniversario del Ejido Mota Corona, el 23 de julio; la Fiesta de Valladares, en Candela, del 23 al 26 de julio, y tambi\u00e9n en este Pueblo M\u00e1gico, la Fiesta del Santo Cristo de la Capilla, del 5 al 7 de agosto.<\/p>\n\n\n\n<p>\u201cLas ferias son fiesta y un espacio para el esparcimiento familiar, porque se viven gratas experiencias con la parte musical, pero tambi\u00e9n se disfruta la gastronom\u00eda, las artesan\u00edas, cultura y costumbres de cada regi\u00f3n\u201d, expres\u00f3 la Secretaria de Turismo y Desarrollo de Pueblos M\u00e1gicos, Ramos Ramos.<\/p>\n","protected":false},"excerpt":{"rendered":"<p>\u00b7\u00a0\u00a0\u00a0\u00a0\u00a0\u00a0\u00a0\u00a0\u00a0Actualmente se realizan las ferias de Saltillo, San Buenaventura, Viesca y Guerrero Saltillo, Coahuila de Zaragoza; a 23 de Julio de 2022.- En estas vacaciones de verano, haz turismo en Coahuila, viviendo el folclor, alegr\u00eda y entretenimiento de las tradicionales ferias que se llevan a cabo en esta temporada. Actualmente se realizan las ferias de Saltillo y de San Buenaventura, eventos de mucha historia y tradici\u00f3n, ya consolidadas en la&#8230;<\/p>\n","protected":false},"author":1,"featured_media":10056,"comment_status":"closed","ping_status":"closed","sticky":false,"template":"","format":"standard","meta":{"footnotes":""},"categories":[5,15,34],"tags":[],"class_list":["post-10055","post","type-post","status-publish","format-standard","has-post-thumbnail","hentry","category-coahuila","category-gobierno-de-coahuila","category-turismo","wpcat-5-id","wpcat-15-id","wpcat-34-id"],"_links":{"self":[{"href":"https:\/\/www.aquilaguna.com\/index.php\/wp-json\/wp\/v2\/posts\/10055","targetHints":{"allow":["GET"]}}],"collection":[{"href":"https:\/\/www.aquilaguna.com\/index.php\/wp-json\/wp\/v2\/posts"}],"about":[{"href":"https:\/\/www.aquilaguna.com\/index.php\/wp-json\/wp\/v2\/types\/post"}],"author":[{"embeddable":true,"href":"https:\/\/www.aquilaguna.com\/index.php\/wp-json\/wp\/v2\/users\/1"}],"replies":[{"embeddable":true,"href":"https:\/\/www.aquilaguna.com\/index.php\/wp-json\/wp\/v2\/comments?post=10055"}],"version-history":[{"count":1,"href":"https:\/\/www.aquilaguna.com\/index.php\/wp-json\/wp\/v2\/posts\/10055\/revisions"}],"predecessor-version":[{"id":10057,"href":"https:\/\/www.aquilaguna.com\/index.php\/wp-json\/wp\/v2\/posts\/10055\/revisions\/10057"}],"wp:featuredmedia":[{"embeddable":true,"href":"https:\/\/www.aquilaguna.com\/index.php\/wp-json\/wp\/v2\/media\/10056"}],"wp:attachment":[{"href":"https:\/\/www.aquilaguna.com\/index.php\/wp-json\/wp\/v2\/media?parent=10055"}],"wp:term":[{"taxonomy":"category","embeddable":true,"href":"https:\/\/www.aquilaguna.com\/index.php\/wp-json\/wp\/v2\/categories?post=10055"},{"taxonomy":"post_tag","embeddable":true,"href":"https:\/\/www.aquilaguna.com\/index.php\/wp-json\/wp\/v2\/tags?post=10055"}],"curies":[{"name":"wp","href":"https:\/\/api.w.org\/{rel}","templated":true}]}}