{"id":10097,"date":"2022-07-25T18:47:38","date_gmt":"2022-07-25T23:47:38","guid":{"rendered":"https:\/\/www.aquilaguna.com\/?p=10097"},"modified":"2022-07-25T18:47:38","modified_gmt":"2022-07-25T23:47:38","slug":"afirma-rodrigo-fuentes-que-reforma-electoral-de-amlo-no-pasara-en-camara-de-diputados","status":"publish","type":"post","link":"https:\/\/www.aquilaguna.com\/index.php\/2022\/07\/25\/afirma-rodrigo-fuentes-que-reforma-electoral-de-amlo-no-pasara-en-camara-de-diputados\/","title":{"rendered":"Afirma Rodrigo Fuentes que Reforma Electoral de AMLO no pasar\u00e1 en C\u00e1mara de Diputados."},"content":{"rendered":"\n<p>Torre\u00f3n, Coahuila.- &#8220;\u00bfQu\u00e9\u00a0 le falta al Presidente AMLO en la C\u00e1mara de Diputados?, pues votos, y por eso, no va a pasar su iniciativa de Reforma Electoral&#8221;,\u00a0 se pregunta y se contesta, el l\u00edder del Partido Revolucionario Institucional en Coahuila, el diputado federal, ingeniero Rodrigo Fuentes Avila, que ya les ha sido enviada a los legisladores para su conocimiento y discusi\u00f3n.<\/p>\n\n\n\n<p>Asi, rapidito\u00a0 el dirigente\u00a0 zanj\u00f3\u00a0 el tema\u00a0 asegurando\u00a0 que, &#8220;la Reforma Electoral tendr\u00e1 el mismo final que la Reforma El\u00e9ctrica. Ninguna Reforma Constitucional&#8221;, asegura, &#8220;va a pasar en esta Legislatura. Ya\u00a0 se lo adelantamos al Presidente&#8221;.<\/p>\n\n\n\n<p>El tema, del inter\u00e9s del \u00e1mbito pol\u00edtico en este pa\u00eds, no se dej\u00f3 atr\u00e1s en el breve encuentro con los Medios, a su arribo esta ma\u00f1ana al Centro de Convenciones en esta ciudad.<\/p>\n\n\n\n<p>Ahi no dejo de abordar temas \u00a0 que ocupan el inter\u00e9s y la preocupaciones\u00a0 de la\u00a0 de la poblaci\u00f3n que en estos tiempos registra\u00a0 la merma de sus ingresos via la inflaci\u00f3n, narrando que, &#8220;siempre que se critica \u00a0 al Gobierno, desde el Poder Legislativo,\u00a0 la respuesta de sus funcionarias y funcionarios\u00a0 es que. Hoy, los adultos mayores\u00a0 reciben mas recursos, y que hoy los j\u00f3venes reciben apoyo, y siempre da vuelta en torno a los apoyos sociales&#8221;.<\/p>\n\n\n\n<p>Ejemplifico luego con, &#8220;es como si\u00a0 te vas a tu familia y vez a los hijos y les das el doble del domingo a estos y as\u00ed, pues s\u00ed, eres el mejor\u00a0 papa del mundo, pero al final, hay una familia endeudada y\u00a0 \u00a0 en eso vamos a terminar, con un pa\u00eds endeudado&#8221;.\u00a0<\/p>\n\n\n\n<p>No hay recurso,\u00a0 dice, &#8220;porque pr\u00e1cticamente no\u00a0 se est\u00e1 apoyando\u00a0 realmente a los emprendedores\u00a0 a quienes hacen producir a este M\u00e9xico, a sus empresarios, a sus microempresarios&#8221;.\u00a0<\/p>\n\n\n\n<p>Informo luego que, &#8220;la Comisi\u00f3n permanente de la C\u00e1mara de Diputados,\u00a0 y tambi\u00e9n el Senado se trae la estrategia para poder solicitar tanto al Secretario de Hacienda y otros miembros del Gabinete, que acudan a explicar\u00a0 la estrategia espec\u00edfica, pues cuando el Gobierno convoca a una estrategia para\u00a0 apoyar la canasta b\u00e1sica, pues al final vemos que no se ha dado absolutamente ning\u00fan resultado. Solo mas d\u00e1divas y mas pobrezas al pueblo de M\u00e9xico&#8221;, concluy\u00f3,<\/p>\n\n\n\n<p>En cuanto al tema de seguridad p\u00fablica en este gobierno federal, manifest\u00f3, &#8220;nosotros, que les podemos decir&#8221;.<\/p>\n\n\n\n<p>&#8220;En Coahuila no nos relajamos, tenemos un excelente Gobernador echado pa\u00b4 delante\u00a0 en el tema de la seguridad y ello nos\u00a0 va a permitir tener estabilidad&#8221;.<\/p>\n\n\n\n<p>No entiende\u00a0 dijo luego, &#8220;el Se\u00f1or Presidente de la Rep\u00fablica, que ya los abrazos no alcanzan,\u00a0 si bien como discurso es muy bueno, pero con todo respeto, que no la chingue&#8221;.<\/p>\n\n\n\n<p>&#8220;\u00a1Que vaya\u00a0 Zacatecas!\u00a0 a ver que le dicen las familias \u00a1Qu\u00e9 vaya a\u00a0 Michoac\u00e1n! \u00a0 a ver que le dicen las familias de sus desparecidos, de las personas agraviadas, de las personas muertas, \u00a0 y que esto no puede ser posible, y sobre todo, la falta de respeto a las Fuerzas Armadas a la Guardia\u00a0 Nacional,\u00a0 a la Marina, que no los deja actuar&#8221;.<\/p>\n\n\n\n<p>Ratifica luego que, &#8220;el Comandante Supremo en este pa\u00eds, que es el Presidente de la Rep\u00fablica en turno, no los deja actuar&#8221;, ratifica.<\/p>\n\n\n\n<p>&#8220;Qu\u00e9 nos pueden contar\u00a0 a los coahuilenses, a los laguneros de eso, que conocemos sus entra\u00f1as, eso ya lo vivimos aqu\u00ed \u00a0 y en el pasado recordemos, que hubo gente c\u00f3mplice de esto, empresarios que se metieron a hacer\u00a0 negocios con\u00a0 los narcotraficantes y d\u00f3nde terminaron&#8221;.<\/p>\n\n\n\n<p>Tuvo que llegar, afirm\u00f3, &#8220;Miguel Riquelme a poner\u00a0 orden en este Estado, se prohibieron cosas, a m\u00ed me toc\u00f3 ser diputado local cuando prohibimos los casinos, se control\u00f3 el alcohol, se metieron a reglas y cintura cosas que no se atend\u00edan&#8221;.<\/p>\n\n\n\n<p>&#8220;Por\u00a0 este tipo de estas situaciones no se hacen en otras partes del pa\u00eds y sobre todo, se hacen de la vista gorda y voltean hacia otro lado., principalmente\u00a0 donde se vive ahorita el tema de la inseguridad&#8221;.<\/p>\n\n\n\n<p>Platiquen, recomend\u00f3 a los reporteros, &#8220;con los empresarios, con los \u00a0 comerciantes, con los productores de Zacatecas\u00a0 no se vayan tan lejos. Hablen de la econom\u00eda, de los aumentos en la canasta b\u00e1sica&#8221;.\u00a0<\/p>\n\n\n\n<p>\u00a0Y a manera de ejemplo cito el tema del precio de los aguacates, &#8220;que no se debe\u00a0 a que no haya una buena producci\u00f3n, o bien haya un problema de clima, se debe al clima de inseguridad\u00a0 que se vive en Michoac\u00e1n; al cobro de piso&#8221;.<\/p>\n\n\n\n<p>Para rematar\u00a0 con, &#8220;y el Presidente\u00a0 de la Rep\u00fablica,\u00a0 se est\u00e1 haciendo pendejo&#8221;.<\/p>\n","protected":false},"excerpt":{"rendered":"<p>Torre\u00f3n, Coahuila.- &#8220;\u00bfQu\u00e9\u00a0 le falta al Presidente AMLO en la C\u00e1mara de Diputados?, pues votos, y por eso, no va a pasar su iniciativa de Reforma Electoral&#8221;,\u00a0 se pregunta y se contesta, el l\u00edder del Partido Revolucionario Institucional en Coahuila, el diputado federal, ingeniero Rodrigo Fuentes Avila, que ya les ha sido enviada a los legisladores para su conocimiento y discusi\u00f3n. Asi, rapidito\u00a0 el dirigente\u00a0 zanj\u00f3\u00a0 el tema\u00a0 asegurando\u00a0 que,&#8230;<\/p>\n","protected":false},"author":2,"featured_media":0,"comment_status":"closed","ping_status":"","sticky":false,"template":"","format":"standard","meta":{"footnotes":""},"categories":[5,66,31,16],"tags":[],"class_list":["post-10097","post","type-post","status-publish","format-standard","hentry","category-coahuila","category-diputados","category-gobierno-federal","category-pri","wpcat-5-id","wpcat-66-id","wpcat-31-id","wpcat-16-id"],"_links":{"self":[{"href":"https:\/\/www.aquilaguna.com\/index.php\/wp-json\/wp\/v2\/posts\/10097","targetHints":{"allow":["GET"]}}],"collection":[{"href":"https:\/\/www.aquilaguna.com\/index.php\/wp-json\/wp\/v2\/posts"}],"about":[{"href":"https:\/\/www.aquilaguna.com\/index.php\/wp-json\/wp\/v2\/types\/post"}],"author":[{"embeddable":true,"href":"https:\/\/www.aquilaguna.com\/index.php\/wp-json\/wp\/v2\/users\/2"}],"replies":[{"embeddable":true,"href":"https:\/\/www.aquilaguna.com\/index.php\/wp-json\/wp\/v2\/comments?post=10097"}],"version-history":[{"count":1,"href":"https:\/\/www.aquilaguna.com\/index.php\/wp-json\/wp\/v2\/posts\/10097\/revisions"}],"predecessor-version":[{"id":10098,"href":"https:\/\/www.aquilaguna.com\/index.php\/wp-json\/wp\/v2\/posts\/10097\/revisions\/10098"}],"wp:attachment":[{"href":"https:\/\/www.aquilaguna.com\/index.php\/wp-json\/wp\/v2\/media?parent=10097"}],"wp:term":[{"taxonomy":"category","embeddable":true,"href":"https:\/\/www.aquilaguna.com\/index.php\/wp-json\/wp\/v2\/categories?post=10097"},{"taxonomy":"post_tag","embeddable":true,"href":"https:\/\/www.aquilaguna.com\/index.php\/wp-json\/wp\/v2\/tags?post=10097"}],"curies":[{"name":"wp","href":"https:\/\/api.w.org\/{rel}","templated":true}]}}