{"id":10102,"date":"2022-07-26T18:30:14","date_gmt":"2022-07-26T23:30:14","guid":{"rendered":"https:\/\/www.aquilaguna.com\/?p=10102"},"modified":"2022-07-26T18:30:15","modified_gmt":"2022-07-26T23:30:15","slug":"alista-salud-coahuila-semana-mundial-de-la-lactancia-materna","status":"publish","type":"post","link":"https:\/\/www.aquilaguna.com\/index.php\/2022\/07\/26\/alista-salud-coahuila-semana-mundial-de-la-lactancia-materna\/","title":{"rendered":"ALISTA SALUD COAHUILA SEMANA MUNDIAL DE LA LACTANCIA MATERNA."},"content":{"rendered":"\n<p>Saltillo, Coahuila de Zaragoza; a 26 de Julio del 2022.- Previo a la celebraci\u00f3n de la Semana Mundial de la Lactancia Materna, del 1 al 7 de agosto, la Secretar\u00eda de Salud del Estado inform\u00f3 que como cada a\u00f1o participar\u00e1 en las acciones de difusi\u00f3n sobre la importancia de la lactancia durante los primeros meses de vida de los beb\u00e9s; lo anterior convocada por la Alianza Mundial por la Lactancia Materna, entidad que trabaja de manera conjunta con la Organizaci\u00f3n Mundial de la Salud y la UNICEF.<\/p>\n\n\n\n<p>Al respecto, Roberto Bernal G\u00f3mez, Secretario de Salud de Coahuila, explic\u00f3 que en 2022, por 31 a\u00f1os consecutivos, M\u00e9xico se une a esta celebraci\u00f3n, cuyo lema de la campa\u00f1a es \u201cDa un paso al frente por la Lactancia Materna Educar y apoyar\u201d; el tema se centrar\u00e1 en brindar al personal m\u00e9dico, autoridades, gobernantes y comunidades las herramientas informativas y pr\u00e1cticas para promover y apoyar la lactancia materna en diferentes niveles de la sociedad. Ser\u00e1n informadas, educadas y empoderadas para fortalecer su capacidad de proporcionar y mantener entornos favorables a la lactancia materna para las familias en el mundo posterior a la pandemia.<\/p>\n\n\n\n<p>\u201cGracias al apoyo del gobernador Miguel \u00c1ngel Riquelme Sol\u00eds mantenemos espacios como los lactarios para promover esta pr\u00e1ctica en varios edificios p\u00fablicos y promovemos en espacios privados\u201d, dijo.<\/p>\n\n\n\n<p>A\u00f1adi\u00f3 que durante el inicio y desarrollo de la pandemia, la lactancia materna entr\u00f3 en una \u201czona de turbulencia\u201d, ante el temor que manifestaba un gran n\u00famero de madres con resultado positivo de infectar a sus beb\u00e9s una vez que los amamantaran. Por ello reconoci\u00f3 la importancia de participar en campa\u00f1as que busquen concientizar a la poblaci\u00f3n sobre actividades que mejoren su calidad de vida y la de sus hijos, tal y como lo es la lactancia.<\/p>\n\n\n\n<p>\u201cLa lactancia materna es clave para las estrategias de desarrollo sostenible posteriores a la pandemia, ya que mejora la nutrici\u00f3n, garantiza la seguridad alimentaria y reduce las desigualdades entre pa\u00edses y dentro de ellos. Para lograr fomentar, apoyar y proteger la lactancia, es primordial que todo el personal de Salud que est\u00e9 en contacto en el continuo de la atenci\u00f3n prenatal, la atenci\u00f3n obst\u00e9trica y el periodo postnatal con la mujer embarazada, pu\u00e9rpera, la persona reci\u00e9n nacida y sus familias, est\u00e9 capacitado en lactancia materna, para brindar una asesor\u00eda oportuna y de calidad y se pueda proporcionar el acompa\u00f1amiento del personal de Salud a la usuaria en el periodo de lactancia, seg\u00fan las necesidad que \u00e9sta requiera\u201d.<\/p>\n\n\n\n<p>Por lo anterior, Bernal G\u00f3mez dio a conocer que el personal m\u00e9dico especializado tomar\u00e1 el curso de la plataforma de la Direcci\u00f3n General de Calidad y Educaci\u00f3n en Salud \u201cFundamentos en Lactancia Materna\u201d.<\/p>\n\n\n\n<p>Se desarrollar\u00e1 con el objetivo de que los m\u00e9dicos y enfermeras que atienden a las mujeres y sus familias durante el embarazo, parto, puerperio y a la persona reci\u00e9n nacida, realicen acciones fundamentadas para la promoci\u00f3n, protecci\u00f3n y atenci\u00f3n de la lactancia materna, con el fin de contribuir a mejorar la salud materna y perinatal disponible en:&nbsp;<a href=\"http:\/\/moodle2.dgces.salud.gob.mx\/moodle\/\" target=\"_blank\" rel=\"noreferrer noopener\">http:\/\/moodle2.dgces.salud.gob.mx\/moodle\/<\/a><\/p>\n","protected":false},"excerpt":{"rendered":"<p>Saltillo, Coahuila de Zaragoza; a 26 de Julio del 2022.- Previo a la celebraci\u00f3n de la Semana Mundial de la Lactancia Materna, del 1 al 7 de agosto, la Secretar\u00eda de Salud del Estado inform\u00f3 que como cada a\u00f1o participar\u00e1 en las acciones de difusi\u00f3n sobre la importancia de la lactancia durante los primeros meses de vida de los beb\u00e9s; lo anterior convocada por la Alianza Mundial por la Lactancia&#8230;<\/p>\n","protected":false},"author":1,"featured_media":10103,"comment_status":"closed","ping_status":"closed","sticky":false,"template":"","format":"standard","meta":{"footnotes":""},"categories":[5,15,14],"tags":[],"class_list":["post-10102","post","type-post","status-publish","format-standard","has-post-thumbnail","hentry","category-coahuila","category-gobierno-de-coahuila","category-salud","wpcat-5-id","wpcat-15-id","wpcat-14-id"],"_links":{"self":[{"href":"https:\/\/www.aquilaguna.com\/index.php\/wp-json\/wp\/v2\/posts\/10102","targetHints":{"allow":["GET"]}}],"collection":[{"href":"https:\/\/www.aquilaguna.com\/index.php\/wp-json\/wp\/v2\/posts"}],"about":[{"href":"https:\/\/www.aquilaguna.com\/index.php\/wp-json\/wp\/v2\/types\/post"}],"author":[{"embeddable":true,"href":"https:\/\/www.aquilaguna.com\/index.php\/wp-json\/wp\/v2\/users\/1"}],"replies":[{"embeddable":true,"href":"https:\/\/www.aquilaguna.com\/index.php\/wp-json\/wp\/v2\/comments?post=10102"}],"version-history":[{"count":1,"href":"https:\/\/www.aquilaguna.com\/index.php\/wp-json\/wp\/v2\/posts\/10102\/revisions"}],"predecessor-version":[{"id":10104,"href":"https:\/\/www.aquilaguna.com\/index.php\/wp-json\/wp\/v2\/posts\/10102\/revisions\/10104"}],"wp:featuredmedia":[{"embeddable":true,"href":"https:\/\/www.aquilaguna.com\/index.php\/wp-json\/wp\/v2\/media\/10103"}],"wp:attachment":[{"href":"https:\/\/www.aquilaguna.com\/index.php\/wp-json\/wp\/v2\/media?parent=10102"}],"wp:term":[{"taxonomy":"category","embeddable":true,"href":"https:\/\/www.aquilaguna.com\/index.php\/wp-json\/wp\/v2\/categories?post=10102"},{"taxonomy":"post_tag","embeddable":true,"href":"https:\/\/www.aquilaguna.com\/index.php\/wp-json\/wp\/v2\/tags?post=10102"}],"curies":[{"name":"wp","href":"https:\/\/api.w.org\/{rel}","templated":true}]}}