{"id":10158,"date":"2022-07-28T18:27:47","date_gmt":"2022-07-28T23:27:47","guid":{"rendered":"https:\/\/www.aquilaguna.com\/?p=10158"},"modified":"2022-07-28T18:27:47","modified_gmt":"2022-07-28T23:27:47","slug":"este-fin-de-semana-inician-recorridos-guiados-por-la-ruta-de-las-noas","status":"publish","type":"post","link":"https:\/\/www.aquilaguna.com\/index.php\/2022\/07\/28\/este-fin-de-semana-inician-recorridos-guiados-por-la-ruta-de-las-noas\/","title":{"rendered":"Este fin de semana inician recorridos guiados por la Ruta de las Noas."},"content":{"rendered":"\n<p>Torre\u00f3n, Coahuila A 28 de julio de 2022.<\/p>\n\n\n\n<p>El d\u00eda de ma\u00f1ana personal de la Direcci\u00f3n de Protecci\u00f3n Civil y Bomberos de<br>Torre\u00f3n, realizar\u00e1 un recorrido guiado por la Ruta de las Noas para promover la<br>pr\u00e1ctica del senderismo de manera segura y responsable.<\/p>\n\n\n\n<p>Jorge Luis Ju\u00e1rez Llanas, titular de la dependencia, dijo que en tiempos recientes<br>se ha vuelto muy com\u00fan la visita a esta zona para disfrutar de la vegetaci\u00f3n, fauna<br>y paisaje del \u00e1rea, motivo por lo que consider\u00f3 prudente realizar recorridos en los<br>cuales elementos de protecci\u00f3n civil y bomberos se desempe\u00f1en como gu\u00edas,<br>para poder garantizar la seguridad de los deportistas y visitantes.<\/p>\n\n\n\n<p>El funcionario dijo que en ocasiones anteriores se han presentado situaciones de<br>personas que se han perdido o han tenido que ser atendidas de manera urgente,<br>por lo que sugiri\u00f3 que antes de aventurarse a realizar este recorrido sepan atender<br>emergencias m\u00e9dicas tales como una luxaci\u00f3n, deshidrataci\u00f3n o ca\u00edda.<\/p>\n\n\n\n<p>Los participantes podr\u00e1n familiarizarse con la ruta, as\u00ed mismo conocer\u00e1n el grado<br>de dificultad que representan los diferentes tramos de los trayectos que alcanzan<br>hasta los 1,610 metros sobre el nivel del mar, altura m\u00e1xima donde se ubica el<br>helipuerto y el cual es el objetivo de los senderistas.<\/p>\n\n\n\n<p>Ju\u00e1rez Llanas dijo que el recorrido se llevar\u00e1 a cabo el d\u00eda de ma\u00f1ana a las 18:00<br>horas, y recomend\u00f3 a los interesados acudir con pantal\u00f3n adecuado, 2 litros de<br>agua, playera de manga larga, usar gorro o similar, utilizar bast\u00f3n, as\u00ed como<br>cargar en una mochila, lampara de mano, una carta topogr\u00e1fica del Cerro de las<br>Noas, br\u00fajula cartogr\u00e1fica, pluma y regla.<\/p>\n\n\n\n<p>Mencion\u00f3 que a la fecha se han registrado 30 personas, sin embargo los registros<br>siguen abiertos y pueden realizarse enviando un mensaje directo a la p\u00e1gina<br>de\u00a0 Facebook de Protecci\u00f3n Civil\u00a0o comunic\u00e1ndose al tel\u00e9fono 871 1 92 24 05.<\/p>\n","protected":false},"excerpt":{"rendered":"<p>Torre\u00f3n, Coahuila A 28 de julio de 2022. El d\u00eda de ma\u00f1ana personal de la Direcci\u00f3n de Protecci\u00f3n Civil y Bomberos deTorre\u00f3n, realizar\u00e1 un recorrido guiado por la Ruta de las Noas para promover lapr\u00e1ctica del senderismo de manera segura y responsable. Jorge Luis Ju\u00e1rez Llanas, titular de la dependencia, dijo que en tiempos recientesse ha vuelto muy com\u00fan la visita a esta zona para disfrutar de la vegetaci\u00f3n, faunay&#8230;<\/p>\n","protected":false},"author":1,"featured_media":10159,"comment_status":"closed","ping_status":"closed","sticky":false,"template":"","format":"standard","meta":{"footnotes":""},"categories":[5,28,7,34],"tags":[],"class_list":["post-10158","post","type-post","status-publish","format-standard","has-post-thumbnail","hentry","category-coahuila","category-la-laguna","category-torreon","category-turismo","wpcat-5-id","wpcat-28-id","wpcat-7-id","wpcat-34-id"],"_links":{"self":[{"href":"https:\/\/www.aquilaguna.com\/index.php\/wp-json\/wp\/v2\/posts\/10158","targetHints":{"allow":["GET"]}}],"collection":[{"href":"https:\/\/www.aquilaguna.com\/index.php\/wp-json\/wp\/v2\/posts"}],"about":[{"href":"https:\/\/www.aquilaguna.com\/index.php\/wp-json\/wp\/v2\/types\/post"}],"author":[{"embeddable":true,"href":"https:\/\/www.aquilaguna.com\/index.php\/wp-json\/wp\/v2\/users\/1"}],"replies":[{"embeddable":true,"href":"https:\/\/www.aquilaguna.com\/index.php\/wp-json\/wp\/v2\/comments?post=10158"}],"version-history":[{"count":1,"href":"https:\/\/www.aquilaguna.com\/index.php\/wp-json\/wp\/v2\/posts\/10158\/revisions"}],"predecessor-version":[{"id":10160,"href":"https:\/\/www.aquilaguna.com\/index.php\/wp-json\/wp\/v2\/posts\/10158\/revisions\/10160"}],"wp:featuredmedia":[{"embeddable":true,"href":"https:\/\/www.aquilaguna.com\/index.php\/wp-json\/wp\/v2\/media\/10159"}],"wp:attachment":[{"href":"https:\/\/www.aquilaguna.com\/index.php\/wp-json\/wp\/v2\/media?parent=10158"}],"wp:term":[{"taxonomy":"category","embeddable":true,"href":"https:\/\/www.aquilaguna.com\/index.php\/wp-json\/wp\/v2\/categories?post=10158"},{"taxonomy":"post_tag","embeddable":true,"href":"https:\/\/www.aquilaguna.com\/index.php\/wp-json\/wp\/v2\/tags?post=10158"}],"curies":[{"name":"wp","href":"https:\/\/api.w.org\/{rel}","templated":true}]}}