{"id":10161,"date":"2022-07-28T18:28:38","date_gmt":"2022-07-28T23:28:38","guid":{"rendered":"https:\/\/www.aquilaguna.com\/?p=10161"},"modified":"2022-07-28T18:28:39","modified_gmt":"2022-07-28T23:28:39","slug":"en-coahuila-cero-tolerancia-a-la-discriminacion-mars","status":"publish","type":"post","link":"https:\/\/www.aquilaguna.com\/index.php\/2022\/07\/28\/en-coahuila-cero-tolerancia-a-la-discriminacion-mars\/","title":{"rendered":"EN COAHUILA, CERO TOLERANCIA A LA DISCRIMINACI\u00d3N: MARS."},"content":{"rendered":"\n<p>\u00b7\u00a0\u00a0\u00a0\u00a0\u00a0\u00a0\u00a0\u00a0\u00a0<strong><em>Destaca el Gobernador Miguel Riquelme que el Estado es l\u00edder en el norte de M\u00e9xico en la Prevenci\u00f3n, Atenci\u00f3n y Sanci\u00f3n en Igualdad y No Discriminaci\u00f3n.<\/em><\/strong><\/p>\n\n\n\n<p>Saltillo, Coahuila de Zaragoza; a 28 de Julio de 2022.- El gobernador Miguel Riquelme Sol\u00eds destac\u00f3 que en Coahuila se fomenta la empat\u00eda entre la poblaci\u00f3n para avanzar en la construcci\u00f3n de una sociedad incluyente y libre de discriminaci\u00f3n.<\/p>\n\n\n\n<p>Desde la Direcci\u00f3n para Promover la Igualdad y Prevenir la Discriminaci\u00f3n (DIPIPD) se trabaja en ese sentido junto a dependencias e instituciones gubernamentales y la propia sociedad, indic\u00f3.<\/p>\n\n\n\n<p>\u201cActualmente Coahuila es l\u00edder en el norte de M\u00e9xico por su programa permanente de Prevenci\u00f3n, Atenci\u00f3n y Sanci\u00f3n en Igualdad y No Discriminaci\u00f3n\u201d, se\u00f1al\u00f3.<\/p>\n\n\n\n<p>\u201cSe cuenta con el reconocimiento de respetadas agrupaciones, como el Consejo&nbsp; para Prevenir y Eliminar la Discriminaci\u00f3n de la Ciudad de M\u00e9xico (COPRED), a cargo de la maestra Geraldina Gonz\u00e1lez de la Vega Hern\u00e1ndez\u201d.<\/p>\n\n\n\n<p>Explic\u00f3 que si bien existen organismos promotores de la igualdad y la no discriminaci\u00f3n en el Pa\u00eds, \u201ctambi\u00e9n es cierto que en el tenor de la materializaci\u00f3n y la ejecuci\u00f3n de la Ley, la Direcci\u00f3n para Promover la Igualdad y Prevenir la Discriminaci\u00f3n de Coahuila es l\u00edder en el norte del Pa\u00eds. No s\u00f3lo deja huella, sino que adem\u00e1s genera antecedentes relacionados con las resoluciones emitidas en su oportunidad, ya que no s\u00f3lo se determina una sanci\u00f3n a quien cometi\u00f3 un acto discriminatorio.<\/p>\n\n\n\n<p>&#8220;En estos casos se aplican conceptos establecidos por la Corte Interamericana de Derechos Humanos (\u00f3rgano judicial aut\u00f3nomo de la OEA), para que quede bien establecido cuando se presente una situaci\u00f3n no pertinente o bien que se considera como un acto de discriminaci\u00f3n, y fijar ese antecedente\u201d, agreg\u00f3.<\/p>\n\n\n\n<p>Enfatiz\u00f3 que en Coahuila se promueve la cero tolerancia a la discriminaci\u00f3n en todas sus formas, y cuando se presentan casos, se atiende conforme a la Ley.<\/p>\n\n\n\n<p>Aunque la Ley de Acceso a la Informaci\u00f3n proh\u00edbe hacer p\u00fablicos los datos o pormenores de procesos judiciales entablados por discriminaci\u00f3n, la DIPIPD da seguimiento puntual y absoluto a cada uno de ellos, indic\u00f3 el Mandatario coahuilense.<\/p>\n\n\n\n<p>Luego, destac\u00f3 que el personal que forma parte de esta Direcci\u00f3n est\u00e1 certificado por la Secretar\u00eda del Trabajo y Previsi\u00f3n Social para el desempe\u00f1o de sus funciones profesionales.<\/p>\n\n\n\n<p>El gobernador Miguel Riquelme exhort\u00f3 a todas aquellas personas que se consideren v\u00edctimas de discriminaci\u00f3n a que pueden acudir a las oficinas de la DIPIPD, que se localizan en la calle Cuauht\u00e9moc 346, entre Ramos Arizpe y Col\u00f3n, en la Zona Centro de Saltillo, y a los tel\u00e9fonos 844 430 8145\u00b8 y 844 430 8146 y al 844 481 7524; al&nbsp; 01 800 000 2624, o en el correo&nbsp;<a href=\"mailto:nodiscriminacion@coahuila.gob.mx\" target=\"_blank\" rel=\"noreferrer noopener\">nodiscriminacion@coahuila.gob.mx<\/a>.<\/p>\n","protected":false},"excerpt":{"rendered":"<p>\u00b7\u00a0\u00a0\u00a0\u00a0\u00a0\u00a0\u00a0\u00a0\u00a0Destaca el Gobernador Miguel Riquelme que el Estado es l\u00edder en el norte de M\u00e9xico en la Prevenci\u00f3n, Atenci\u00f3n y Sanci\u00f3n en Igualdad y No Discriminaci\u00f3n. Saltillo, Coahuila de Zaragoza; a 28 de Julio de 2022.- El gobernador Miguel Riquelme Sol\u00eds destac\u00f3 que en Coahuila se fomenta la empat\u00eda entre la poblaci\u00f3n para avanzar en la construcci\u00f3n de una sociedad incluyente y libre de discriminaci\u00f3n. Desde la Direcci\u00f3n para Promover&#8230;<\/p>\n","protected":false},"author":1,"featured_media":0,"comment_status":"closed","ping_status":"closed","sticky":false,"template":"","format":"standard","meta":{"footnotes":""},"categories":[5,38,15],"tags":[],"class_list":["post-10161","post","type-post","status-publish","format-standard","hentry","category-coahuila","category-derechos-humanos","category-gobierno-de-coahuila","wpcat-5-id","wpcat-38-id","wpcat-15-id"],"_links":{"self":[{"href":"https:\/\/www.aquilaguna.com\/index.php\/wp-json\/wp\/v2\/posts\/10161","targetHints":{"allow":["GET"]}}],"collection":[{"href":"https:\/\/www.aquilaguna.com\/index.php\/wp-json\/wp\/v2\/posts"}],"about":[{"href":"https:\/\/www.aquilaguna.com\/index.php\/wp-json\/wp\/v2\/types\/post"}],"author":[{"embeddable":true,"href":"https:\/\/www.aquilaguna.com\/index.php\/wp-json\/wp\/v2\/users\/1"}],"replies":[{"embeddable":true,"href":"https:\/\/www.aquilaguna.com\/index.php\/wp-json\/wp\/v2\/comments?post=10161"}],"version-history":[{"count":1,"href":"https:\/\/www.aquilaguna.com\/index.php\/wp-json\/wp\/v2\/posts\/10161\/revisions"}],"predecessor-version":[{"id":10162,"href":"https:\/\/www.aquilaguna.com\/index.php\/wp-json\/wp\/v2\/posts\/10161\/revisions\/10162"}],"wp:attachment":[{"href":"https:\/\/www.aquilaguna.com\/index.php\/wp-json\/wp\/v2\/media?parent=10161"}],"wp:term":[{"taxonomy":"category","embeddable":true,"href":"https:\/\/www.aquilaguna.com\/index.php\/wp-json\/wp\/v2\/categories?post=10161"},{"taxonomy":"post_tag","embeddable":true,"href":"https:\/\/www.aquilaguna.com\/index.php\/wp-json\/wp\/v2\/tags?post=10161"}],"curies":[{"name":"wp","href":"https:\/\/api.w.org\/{rel}","templated":true}]}}