{"id":10207,"date":"2022-08-01T18:58:40","date_gmt":"2022-08-01T23:58:40","guid":{"rendered":"https:\/\/www.aquilaguna.com\/?p=10207"},"modified":"2022-08-01T18:58:40","modified_gmt":"2022-08-01T23:58:40","slug":"investigadora-de-la-facultad-de-ciencias-fisico-matematicas-y-sus-alumnos-explican-la-optica-a-traves-del-arte","status":"publish","type":"post","link":"https:\/\/www.aquilaguna.com\/index.php\/2022\/08\/01\/investigadora-de-la-facultad-de-ciencias-fisico-matematicas-y-sus-alumnos-explican-la-optica-a-traves-del-arte\/","title":{"rendered":"Investigadora de la Facultad de Ciencias F\u00edsico Matem\u00e1ticas y sus Alumnos Explican la \u00d3ptica a trav\u00e9s del Arte."},"content":{"rendered":"\n<p>SALTILLO, Coahuila. 1 de agosto de 2022.- Con la intenci\u00f3n de promover y<br>explicar el estudio de la F\u00edsica de una forma coloquial, la docente e investigadora<br>de la Facultad de Ciencias F\u00edsico Matem\u00e1ticas de la Universidad Aut\u00f3noma de<br>Coahuila, Dra. Beatriz Adriana Mart\u00ednez Irivas, dirigi\u00f3 a sus alumnos para la<br>representaci\u00f3n del tema \u201cDesarrollo de la \u00d3ptica\u201d a trav\u00e9s de una obra teatral.<\/p>\n\n\n\n<p>Esta actividad se llev\u00f3 a cabo como parte de una de las unidades de la asignatura,<br>correspondiente a la Historia de la \u00d3ptica; iniciativa que en 2020 tuvieron los<br>alumnos de dicha materia y que, al obtener resultados positivos, decidieron<br>recrearla gracias a que las clases presenciales ya lo permit\u00edan.<\/p>\n\n\n\n<p>El proyecto \u201cDesarrollo de la \u00d3ptica\u201d naci\u00f3 de la necesidad de explorar la F\u00edsica<br>desde sus inicios, para con ello comprender los logros y tropiezos que tuvieron los<br>cient\u00edficos hasta llegar a lo que se conoce en la actualidad, lo que permite a los<br>alumnos entender la historia desde una perspectiva atractiva y diferente a lo que<br>se imparte en el aula.<\/p>\n\n\n\n<p>La Dra. Beatriz Adriana Mart\u00ednez, expres\u00f3 que el arte y las ciencias van de la<br>mano para la divulgaci\u00f3n del conocimiento, y decidi\u00f3 utilizar el teatro en<br>espec\u00edfico, pues encontr\u00f3 que de esta manera los alumnos desarrollan otras<br>habilidades que refuerzan su formaci\u00f3n como el compromiso, la responsabilidad,<br>la disciplina y el razonamiento cr\u00edtico para emitir opiniones respecto al tema y la<br>investigaci\u00f3n.<\/p>\n\n\n\n<p>La investigadora dijo que este es un gran proyecto que le gustar\u00eda dar a conocer a<br>otro tipo de p\u00fablico, pues considera que los recursos utilizados hacen que el tema<br>de la \u00d3ptica sea f\u00e1cilmente digerible, adem\u00e1s de que ha detectado que, al seguir<br>el proceso de investigaci\u00f3n, aprendizaje de di\u00e1logos e interpretaci\u00f3n, los alumnos<br>absorben en mayor medida los conocimientos y les es m\u00e1s sencillo transmitirlos.<\/p>\n\n\n\n<p>Agreg\u00f3, que la divulgaci\u00f3n es responsabilidad de quienes generan conocimiento<br>cient\u00edfico, por lo que ha decidido iniciar en lo local y ya tienen programada una<br>presentaci\u00f3n de la obra el primer Jueves Cultural del pr\u00f3ximo ciclo escolar, para<br>mostrar a los alumnos de la Facultad de Ciencias F\u00edsico Matem\u00e1ticas otra forma<br>de aprender y socializar la F\u00edsica; posteriormente buscar\u00e1 canales de difusi\u00f3n<br>dentro de la Universidad y de ser posible en instituciones externas.<\/p>\n\n\n\n<p>La docente e investigadora destac\u00f3 que algo positivo que les dej\u00f3 este proyecto,<br>es que despu\u00e9s de dos a\u00f1os de clases virtuales y de no poder realizar actividades<br>grupales, esta obra les abri\u00f3 un panorama diferente a los estudiantes, que<br>pudieron convivir y trabajar en equipo en el desarrollo previo y la puesta en<br>escena, que resaltan las aptitudes y habilidades de interacci\u00f3n de los alumnos.<\/p>\n\n\n\n<p>Dijo que la intenci\u00f3n principal del proyecto es que los alumnos comprendan la<br>F\u00edsica y sus aplicaciones, al grado de poder explicarla de una forma sencilla a<br>ni\u00f1os peque\u00f1os, y que la ciencia sea divulgada a gran escala, ya que quienes se<br>encuentran fuera de la Facultad y la Universidad, sepan lo que se hace y que el<br>estudio de esta ciencia est\u00e1 muy lejos de ser aburrido.<\/p>\n\n\n\n<p>La Dra. Mart\u00ednez Irivas enfatiz\u00f3 en que fueron los mismos alumnos los encargados<br>de costear la producci\u00f3n de la puesta en escena, pues ellos elaboraron sus<br>vestuarios y gestionaron el mobiliario que se utiliz\u00f3, adem\u00e1s de que un estudiante<br>de otra materia se ofreci\u00f3 para grabar y hacer las ediciones necesarias en el<br>producto audiovisual.<\/p>\n\n\n\n<p>Participaron en la obra los alumnos Jos\u00e9 David Lamas Medina, como Adri\u00e1n<br>(protagonista); Jorge Luis Medrano Mendieta, narrador; David Perales Olgu\u00edn,<br>como Isaac Newton; Sergio Jes\u00fas Iglesias Arechar, como Al Hazen; V\u00edctor Ulises<br>L\u00f3pez Ch\u00e1vez, como Louis Malus; Juan Armando Herrera Olivares, como<br>Christiaan Huygens; Jos\u00e9 Francisco Sifuentes Venegas, como Pierre de Fermat;<br>\u00d3scar Joel Castro Contreras, como Thomas Young.<\/p>\n\n\n\n<p>Tambi\u00e9n colabor\u00f3 Carlos Enrique Fraustro Ch\u00e1vez, como Augustin Fresnel; Le\u00f3n<br>Alejandro P\u00e9rez Galv\u00e1n, como Leonardo Fuller; Silvia Monserrat Mart\u00ednez<br>Renter\u00eda, como Snell; \u00d3scar Iv\u00e1n G\u00f3mez Zabala, como Galileo Galilei; Jos\u00e9<br>Abisaid Mart\u00ednez Mata, como Michelson; Gerardo Tovar Mac\u00edas, como Gauss; Ana<br>Beatriz Guerra P\u00e9rez, como Albert Einstein; Ana Cecilia Cort\u00e9s Vargas, como<br>Maxwell; David Alejandro Espinoza Salinas, amigo de Adri\u00e1n (protagonista), y<br>Carlos Eduardo Cabello V\u00e1zquez, en la c\u00e1mara y edici\u00f3n.<\/p>\n\n\n\n<p>En otro tema, a\u00f1adi\u00f3 que un grupo de acad\u00e9micos y alumnos de la FCFM est\u00e1n<br>por iniciar un proyecto de divulgaci\u00f3n, en el que explicar\u00e1n a trav\u00e9s de la F\u00edsica los<br>fen\u00f3menos astron\u00f3micos, esto con la intenci\u00f3n de reforzar la Noche de<br>Observatorio, que realizan el \u00faltimo d\u00eda de cada mes en el Observatorio<br>Astron\u00f3mico de la instituci\u00f3n, en esta actividad se abren las puertas al p\u00fablico<br>para acudir y observar las estrellas y constelaciones bajo la gu\u00eda del astr\u00f3nomo<br>Juan Segura.<\/p>\n\n\n\n<p>Actualmente, la docente trabaja al lado de la Dra. Mar\u00eda Teresa Romero de la<br>Cruz, y de los doctores Reyes Garc\u00eda D\u00edaz y Ra\u00fal Ochoa Valiente, en el desarrollo<br>num\u00e9rico para representar modelos matem\u00e1ticos en relaci\u00f3n a la \u00f3ptica no lineal,<br>que se ve representada cuando una fuente de luz l\u00e1ser incide en un medio y por<br>consecuencia se modifican sus propiedades, por lo que investigan cu\u00e1les son las<br>particularidades que cambian.<\/p>\n\n\n\n<p>La Dra. Mart\u00ednez Irivas es originaria de C\u00f3rdova, Veracruz, realiz\u00f3 sus estudios de<br>Ingenier\u00eda en Electr\u00f3nica en el entonces Instituto Tecnol\u00f3gico de Orizaba (ahora<br>Tecnol\u00f3gico Nacional de M\u00e9xico Campus Orizaba), la maestr\u00eda y doctorado en<br>F\u00edsica Aplicada los curs\u00f3 en la Benem\u00e9rita Universidad Aut\u00f3noma de Puebla, para<br>luego llegar a la m\u00e1xima casa de estudios gracias a una convocatoria de<br>investigadores, en la que se le catalog\u00f3 como investigadora y Profesora de<br>Tiempo Completo.<\/p>\n\n\n\n<p>La docente e investigadora a\u00f1adi\u00f3 que agradece la oportunidad de formar parte<br>del cuerpo acad\u00e9mico de Ingenier\u00eda F\u00edsica en la direcci\u00f3n de Investigaci\u00f3n y<br>Posgrado de la Universidad, pues en el Centro de pa\u00eds las instituciones educativas<br>no brindan ofertas laborales ni espacios para cient\u00edficos adecuados para el<br>desarrollo de investigaciones en materia de F\u00edsica Aplicada.<\/p>\n","protected":false},"excerpt":{"rendered":"<p>SALTILLO, Coahuila. 1 de agosto de 2022.- Con la intenci\u00f3n de promover yexplicar el estudio de la F\u00edsica de una forma coloquial, la docente e investigadorade la Facultad de Ciencias F\u00edsico Matem\u00e1ticas de la Universidad Aut\u00f3noma deCoahuila, Dra. Beatriz Adriana Mart\u00ednez Irivas, dirigi\u00f3 a sus alumnos para larepresentaci\u00f3n del tema \u201cDesarrollo de la \u00d3ptica\u201d a trav\u00e9s de una obra teatral. Esta actividad se llev\u00f3 a cabo como parte de una&#8230;<\/p>\n","protected":false},"author":1,"featured_media":0,"comment_status":"closed","ping_status":"closed","sticky":false,"template":"","format":"standard","meta":{"footnotes":""},"categories":[2],"tags":[],"class_list":["post-10207","post","type-post","status-publish","format-standard","hentry","category-uadec","wpcat-2-id"],"_links":{"self":[{"href":"https:\/\/www.aquilaguna.com\/index.php\/wp-json\/wp\/v2\/posts\/10207","targetHints":{"allow":["GET"]}}],"collection":[{"href":"https:\/\/www.aquilaguna.com\/index.php\/wp-json\/wp\/v2\/posts"}],"about":[{"href":"https:\/\/www.aquilaguna.com\/index.php\/wp-json\/wp\/v2\/types\/post"}],"author":[{"embeddable":true,"href":"https:\/\/www.aquilaguna.com\/index.php\/wp-json\/wp\/v2\/users\/1"}],"replies":[{"embeddable":true,"href":"https:\/\/www.aquilaguna.com\/index.php\/wp-json\/wp\/v2\/comments?post=10207"}],"version-history":[{"count":1,"href":"https:\/\/www.aquilaguna.com\/index.php\/wp-json\/wp\/v2\/posts\/10207\/revisions"}],"predecessor-version":[{"id":10208,"href":"https:\/\/www.aquilaguna.com\/index.php\/wp-json\/wp\/v2\/posts\/10207\/revisions\/10208"}],"wp:attachment":[{"href":"https:\/\/www.aquilaguna.com\/index.php\/wp-json\/wp\/v2\/media?parent=10207"}],"wp:term":[{"taxonomy":"category","embeddable":true,"href":"https:\/\/www.aquilaguna.com\/index.php\/wp-json\/wp\/v2\/categories?post=10207"},{"taxonomy":"post_tag","embeddable":true,"href":"https:\/\/www.aquilaguna.com\/index.php\/wp-json\/wp\/v2\/tags?post=10207"}],"curies":[{"name":"wp","href":"https:\/\/api.w.org\/{rel}","templated":true}]}}