{"id":1027,"date":"2021-03-18T18:52:00","date_gmt":"2021-03-19T00:52:00","guid":{"rendered":"https:\/\/www.aquilaguna.com\/?p=1027"},"modified":"2021-03-18T18:52:01","modified_gmt":"2021-03-19T00:52:01","slug":"reconoce-mars-a-brigadistas-su-valor-en-combate-al-fuego-en-sierra-de-arteaga","status":"publish","type":"post","link":"https:\/\/www.aquilaguna.com\/index.php\/2021\/03\/18\/reconoce-mars-a-brigadistas-su-valor-en-combate-al-fuego-en-sierra-de-arteaga\/","title":{"rendered":"RECONOCE MARS A BRIGADISTAS SU VALOR EN COMBATE AL FUEGO EN SIERRA DE ARTEAGA."},"content":{"rendered":"\n<p>&#8211;\u00a0\u00a0\u00a0\u00a0\u00a0\u00a0\u00a0<strong><em>Supervisa Gobernador Miguel \u00c1ngel Riquelme inicio de operaciones de combate al incendio en la sierra de Arteaga .<\/em><\/strong><\/p>\n\n\n\n<p>Arteaga, Coahuila de Zaragoza; a 18 de Marzo de 2021.- Al supervisar la reanudaci\u00f3n de las labores de combate al incendio forestal que avanza sin control en la Sierra de Arteaga, el gobernador Miguel \u00c1ngel Riquelme Sol\u00eds refrend\u00f3 todo el apoyo a los grupos de 450 brigadistas que trabajan en el \u00e1rea, al momento de informar que la Fiscal\u00eda General del Estado (FGE) inici\u00f3 investigaciones para determinar responsabilidades del lamentable acontecimiento, que ya se considera un desastre ecol\u00f3gico.<\/p>\n\n\n\n<p>En la reuni\u00f3n, se reiter\u00f3 que la afectaci\u00f3n en Coahuila hasta el momento es de 3 mil 500 hect\u00e1reas, que sin duda ser\u00e1n a\u00fan m\u00e1s conforme avancen las horas y los estragos ocasionados por las llamas.<\/p>\n\n\n\n<p>El Mandatario estatal reconoci\u00f3 a las autoridades de los tres \u00f3rdenes de Gobierno, as\u00ed como de la Secretar\u00eda de la Defensa Nacional y de la Guardia Nacional, que dan seguimiento puntual a la lucha en contra del fuego en los parajes afectados por las llamas.<\/p>\n\n\n\n<p>En el parte informativo que recibi\u00f3 Riquelme Sol\u00eds a temprana hora, en el centro de mando ubicado en las cercan\u00edas a los puntos donde avanza el siniestro, se indic\u00f3 que s\u00f3lo se registraba un 5 por ciento de control y cero de liquidaci\u00f3n.<\/p>\n\n\n\n<p>Las condiciones climatol\u00f3gicas adversas por el cambio del viento, que se esperaba constante para las pr\u00f3ximas horas, adem\u00e1s de la agresividad del fuego, dificultaban el accionar de los brigadistas.<\/p>\n\n\n\n<p>El gobernador Miguel Riquelme, quien suspendi\u00f3 agenda de trabajo en la Ciudad de M\u00e9xico para seguir personalmente los pormenores de los operativos, program\u00f3 su retorno al centro de mando en horas de la tarde.<\/p>\n\n\n\n<p>Por otra parte, agradeci\u00f3 y reconoci\u00f3 el respaldo de la sociedad que hace llegar agua, fruta y alimentos, adem\u00e1s de bebidas energizantes, a los combatientes. Pidi\u00f3 a la poblaci\u00f3n no acudir a las inmediaciones del incendio porque representan alto riesgo.<\/p>\n\n\n\n<p>En paralelo, al recordar que se carece del apoyo del Gobierno Federal con recursos para la operaci\u00f3n de las tareas de control, se\u00f1al\u00f3 que el Gobierno de Coahuila puso a disposici\u00f3n de las acciones 3 helic\u00f3pteros, y est\u00e1 en posibilidades de rentar uno m\u00e1s.<\/p>\n\n\n\n<p>Destac\u00f3 que las aeronaves desde la tarde del mi\u00e9rcoles comenzaron con descargas de agua hacia los puntos m\u00e1s intensos de fuego, adem\u00e1s de trasladar al personal hasta las \u00e1reas del siniestro.<\/p>\n\n\n\n<p>De presentarse las condiciones climatol\u00f3gicas adecuadas, en las pr\u00f3ximas horas continuar\u00e1n con esta labor.<\/p>\n\n\n\n<p>ACCIONES<\/p>\n\n\n\n<p>Jefes operativos del combate indicaron que este jueves se desplegaron tres grupos de brigadistas con la finalidad de atacar el siniestro, adem\u00e1s de que personal del Ej\u00e9rcito Mexicano abri\u00f3 una brecha corta fuego en un sitio estrat\u00e9gico.Consideraron, adem\u00e1s, evacuar a un grupo de alrededor de 50 personas de la comunidad de El Baratillo, ubicado en la parte alta de la sierra, puesto que el fuego avanza luego de retornar a territorio de Coahuila desde puntos de Nuevo Le\u00f3n.<\/p>\n\n\n\n<p>En ese contexto, se puso de manifiesto que en todo momento se privilegiar\u00e1 la seguridad de los combatientes ante el alto riesgo que enfrentan en el desempe\u00f1o de su labor.<\/p>\n\n\n\n<p>Adem\u00e1s, se reforzar\u00e1n los filtros ubicados en la carretera de acceso a las cercan\u00edas donde se presenta la conflagraci\u00f3n para evitar alg\u00fan percance.<\/p>\n","protected":false},"excerpt":{"rendered":"<p>&#8211;\u00a0\u00a0\u00a0\u00a0\u00a0\u00a0\u00a0Supervisa Gobernador Miguel \u00c1ngel Riquelme inicio de operaciones de combate al incendio en la sierra de Arteaga . Arteaga, Coahuila de Zaragoza; a 18 de Marzo de 2021.- Al supervisar la reanudaci\u00f3n de las labores de combate al incendio forestal que avanza sin control en la Sierra de Arteaga, el gobernador Miguel \u00c1ngel Riquelme Sol\u00eds refrend\u00f3 todo el apoyo a los grupos de 450 brigadistas que trabajan en el \u00e1rea,&#8230;<\/p>\n","protected":false},"author":1,"featured_media":1028,"comment_status":"closed","ping_status":"closed","sticky":false,"template":"","format":"standard","meta":{"footnotes":""},"categories":[5,15,24],"tags":[],"class_list":["post-1027","post","type-post","status-publish","format-standard","has-post-thumbnail","hentry","category-coahuila","category-gobierno-de-coahuila","category-seguridad","wpcat-5-id","wpcat-15-id","wpcat-24-id"],"_links":{"self":[{"href":"https:\/\/www.aquilaguna.com\/index.php\/wp-json\/wp\/v2\/posts\/1027","targetHints":{"allow":["GET"]}}],"collection":[{"href":"https:\/\/www.aquilaguna.com\/index.php\/wp-json\/wp\/v2\/posts"}],"about":[{"href":"https:\/\/www.aquilaguna.com\/index.php\/wp-json\/wp\/v2\/types\/post"}],"author":[{"embeddable":true,"href":"https:\/\/www.aquilaguna.com\/index.php\/wp-json\/wp\/v2\/users\/1"}],"replies":[{"embeddable":true,"href":"https:\/\/www.aquilaguna.com\/index.php\/wp-json\/wp\/v2\/comments?post=1027"}],"version-history":[{"count":1,"href":"https:\/\/www.aquilaguna.com\/index.php\/wp-json\/wp\/v2\/posts\/1027\/revisions"}],"predecessor-version":[{"id":1029,"href":"https:\/\/www.aquilaguna.com\/index.php\/wp-json\/wp\/v2\/posts\/1027\/revisions\/1029"}],"wp:featuredmedia":[{"embeddable":true,"href":"https:\/\/www.aquilaguna.com\/index.php\/wp-json\/wp\/v2\/media\/1028"}],"wp:attachment":[{"href":"https:\/\/www.aquilaguna.com\/index.php\/wp-json\/wp\/v2\/media?parent=1027"}],"wp:term":[{"taxonomy":"category","embeddable":true,"href":"https:\/\/www.aquilaguna.com\/index.php\/wp-json\/wp\/v2\/categories?post=1027"},{"taxonomy":"post_tag","embeddable":true,"href":"https:\/\/www.aquilaguna.com\/index.php\/wp-json\/wp\/v2\/tags?post=1027"}],"curies":[{"name":"wp","href":"https:\/\/api.w.org\/{rel}","templated":true}]}}