{"id":10277,"date":"2022-08-04T20:07:41","date_gmt":"2022-08-05T01:07:41","guid":{"rendered":"https:\/\/www.aquilaguna.com\/?p=10277"},"modified":"2022-08-04T20:07:42","modified_gmt":"2022-08-05T01:07:42","slug":"operara-dif-coahuila-cocina-movil-para-apoyo-a-rescatistas","status":"publish","type":"post","link":"https:\/\/www.aquilaguna.com\/index.php\/2022\/08\/04\/operara-dif-coahuila-cocina-movil-para-apoyo-a-rescatistas\/","title":{"rendered":"OPERAR\u00c1 DIF COAHUILA COCINA M\u00d3VIL PARA APOYO A RESCATISTAS."},"content":{"rendered":"\n<p>Saltillo, Coahuila de Zaragoza; a 3 de Agosto de 2022.- Por instrucciones de la Presidenta Honoraria del DIF Coahuila, Marcela Gorg\u00f3n Carrillo, y en coordinaci\u00f3n con la estrategia de rescate implementada por el Gobierno de Coahuila, el Gobierno Federal y el Municipio de Sabinas, este jueves entrar\u00e1 en operaci\u00f3n una cocina m\u00f3vil que estar\u00e1 al servicio de las familias de los mineros no localizados.<\/p>\n\n\n\n<p>Tambi\u00e9n dar\u00e1 servicio a las y los rescatistas que se encuentran en la mina de carb\u00f3n ubicada en el \u00e1rea conocida como \u201cConchas\u201d.<\/p>\n\n\n\n<p>Roberto C\u00e1rdenas Zavala, Director General del DIF Coahuila, detall\u00f3 que el equipo que se pone a disposici\u00f3n es utilizado para apoyar en contingencias.<\/p>\n\n\n\n<p>Dicha unidad cuenta con la capacidad para la preparaci\u00f3n de 150 platillos por tanda, apunt\u00f3.<\/p>\n\n\n\n<p>\u201cEst\u00e1 equipada con un fog\u00f3n de 6 quemadores, horno de microondas, licuadora industrial, refrigerador, ollas, cocinas, batidoras, tablas para picar y cuchillos, entre otros enseres\u201d, a\u00f1adi\u00f3.<\/p>\n\n\n\n<p>Asimismo, C\u00e1rdenas Zavala indic\u00f3 que este jueves se har\u00e1 uso tambi\u00e9n de los Centros Comunitarios y Comedores de las Personas Adultas Mayores de Sabinas, Agujita y San Juan de Sabinas, para brindar el almuerzo de los familiares de mineros y rescatistas, a quienes a trav\u00e9s de la cocina m\u00f3vil se les brindar\u00e1 desayuno, comida y cena el tiempo que sea necesario.<\/p>\n","protected":false},"excerpt":{"rendered":"<p>Saltillo, Coahuila de Zaragoza; a 3 de Agosto de 2022.- Por instrucciones de la Presidenta Honoraria del DIF Coahuila, Marcela Gorg\u00f3n Carrillo, y en coordinaci\u00f3n con la estrategia de rescate implementada por el Gobierno de Coahuila, el Gobierno Federal y el Municipio de Sabinas, este jueves entrar\u00e1 en operaci\u00f3n una cocina m\u00f3vil que estar\u00e1 al servicio de las familias de los mineros no localizados. Tambi\u00e9n dar\u00e1 servicio a las y&#8230;<\/p>\n","protected":false},"author":1,"featured_media":10278,"comment_status":"closed","ping_status":"closed","sticky":false,"template":"","format":"standard","meta":{"footnotes":""},"categories":[5,15,54,24],"tags":[],"class_list":["post-10277","post","type-post","status-publish","format-standard","has-post-thumbnail","hentry","category-coahuila","category-gobierno-de-coahuila","category-proteccion-civil","category-seguridad","wpcat-5-id","wpcat-15-id","wpcat-54-id","wpcat-24-id"],"_links":{"self":[{"href":"https:\/\/www.aquilaguna.com\/index.php\/wp-json\/wp\/v2\/posts\/10277","targetHints":{"allow":["GET"]}}],"collection":[{"href":"https:\/\/www.aquilaguna.com\/index.php\/wp-json\/wp\/v2\/posts"}],"about":[{"href":"https:\/\/www.aquilaguna.com\/index.php\/wp-json\/wp\/v2\/types\/post"}],"author":[{"embeddable":true,"href":"https:\/\/www.aquilaguna.com\/index.php\/wp-json\/wp\/v2\/users\/1"}],"replies":[{"embeddable":true,"href":"https:\/\/www.aquilaguna.com\/index.php\/wp-json\/wp\/v2\/comments?post=10277"}],"version-history":[{"count":1,"href":"https:\/\/www.aquilaguna.com\/index.php\/wp-json\/wp\/v2\/posts\/10277\/revisions"}],"predecessor-version":[{"id":10279,"href":"https:\/\/www.aquilaguna.com\/index.php\/wp-json\/wp\/v2\/posts\/10277\/revisions\/10279"}],"wp:featuredmedia":[{"embeddable":true,"href":"https:\/\/www.aquilaguna.com\/index.php\/wp-json\/wp\/v2\/media\/10278"}],"wp:attachment":[{"href":"https:\/\/www.aquilaguna.com\/index.php\/wp-json\/wp\/v2\/media?parent=10277"}],"wp:term":[{"taxonomy":"category","embeddable":true,"href":"https:\/\/www.aquilaguna.com\/index.php\/wp-json\/wp\/v2\/categories?post=10277"},{"taxonomy":"post_tag","embeddable":true,"href":"https:\/\/www.aquilaguna.com\/index.php\/wp-json\/wp\/v2\/tags?post=10277"}],"curies":[{"name":"wp","href":"https:\/\/api.w.org\/{rel}","templated":true}]}}