{"id":10310,"date":"2022-08-07T18:34:47","date_gmt":"2022-08-07T23:34:47","guid":{"rendered":"https:\/\/www.aquilaguna.com\/?p=10310"},"modified":"2022-08-07T18:34:47","modified_gmt":"2022-08-07T23:34:47","slug":"participa-comision-de-busqueda-de-coahuila-en-encuentro-nacional-con-el-comite-internacional-de-la-cruz-roja","status":"publish","type":"post","link":"https:\/\/www.aquilaguna.com\/index.php\/2022\/08\/07\/participa-comision-de-busqueda-de-coahuila-en-encuentro-nacional-con-el-comite-internacional-de-la-cruz-roja\/","title":{"rendered":"PARTICIPA COMISI\u00d3N DE B\u00daSQUEDA DE COAHUILA EN ENCUENTRO NACIONAL CON EL COMIT\u00c9 INTERNACIONAL DE LA CRUZ ROJA."},"content":{"rendered":"\n<p>Saltillo, Coahuila de Zaragoza; a 6 de Agosto de 2022.- La Comisi\u00f3n local de b\u00fasqueda particip\u00f3 en un encuentro nacional con el Comit\u00e9 Internacional de la Cruz Roja, donde se compartieron las experiencias de ese organismo internacional, as\u00ed como de las diversas instituciones encargadas de la b\u00fasqueda de personas en el Pa\u00eds.<\/p>\n\n\n\n<p>En el encuentro que se realiz\u00f3 en la Ciudad de M\u00e9xico durante los d\u00edas 13, 14 y 15 de julio, el titular de la Comisi\u00f3n de B\u00fasqueda del Estado de Coahuila de Zaragoza expuso los avances alcanzados en la pol\u00edtica p\u00fablica estatal.<\/p>\n\n\n\n<p>Ricardo Mart\u00ednez Loyola, Comisionado de B\u00fasqueda del Estado de Coahuila, present\u00f3 la metodolog\u00eda de trabajo que se ha venido implementando en la entidad a partir de un di\u00e1logo permanente con los distintos colectivos y sus acompa\u00f1antes.<\/p>\n\n\n\n<p>Mart\u00ednez Loyola destac\u00f3 la importancia de la participaci\u00f3n de las v\u00edctimas indirectas en la totalidad del proceso de construcci\u00f3n de las pol\u00edticas p\u00fablicas. Comparti\u00f3: \u201cLos avances alcanzados en la entidad en rubros como la armonizaci\u00f3n legislativa y el fortalecimiento institucional han sido gracias a la disposici\u00f3n de las familias al di\u00e1logo, y de la voluntad pol\u00edtica que prevalece en la entidad desde el m\u00e1s alto nivel\u201d.<\/p>\n\n\n\n<p>En el encuentro se reconoci\u00f3 el modelo novedoso implementado por Coahuila a trav\u00e9s del Centro Regional de Identificaci\u00f3n Humana, mediante un enfoque de identificaci\u00f3n masiva.<\/p>\n\n\n\n<p>Al respecto, el titular de la Comisi\u00f3n de B\u00fasqueda de Coahuila subray\u00f3 la importancia del trabajo realizado por Yezka Garza Ram\u00edrez desde la Coordinaci\u00f3n general del Centro Regional de Identificaci\u00f3n Humana (CRIH), as\u00ed como el apoyo que la Comisi\u00f3n Nacional de B\u00fasqueda ha brindado a las entidades federativas y que ha permitido la consolidaci\u00f3n de las Comisiones Locales de B\u00fasqueda.<\/p>\n","protected":false},"excerpt":{"rendered":"<p>Saltillo, Coahuila de Zaragoza; a 6 de Agosto de 2022.- La Comisi\u00f3n local de b\u00fasqueda particip\u00f3 en un encuentro nacional con el Comit\u00e9 Internacional de la Cruz Roja, donde se compartieron las experiencias de ese organismo internacional, as\u00ed como de las diversas instituciones encargadas de la b\u00fasqueda de personas en el Pa\u00eds. En el encuentro que se realiz\u00f3 en la Ciudad de M\u00e9xico durante los d\u00edas 13, 14 y 15&#8230;<\/p>\n","protected":false},"author":1,"featured_media":10311,"comment_status":"closed","ping_status":"closed","sticky":false,"template":"","format":"standard","meta":{"footnotes":""},"categories":[5,15,24],"tags":[],"class_list":["post-10310","post","type-post","status-publish","format-standard","has-post-thumbnail","hentry","category-coahuila","category-gobierno-de-coahuila","category-seguridad","wpcat-5-id","wpcat-15-id","wpcat-24-id"],"_links":{"self":[{"href":"https:\/\/www.aquilaguna.com\/index.php\/wp-json\/wp\/v2\/posts\/10310","targetHints":{"allow":["GET"]}}],"collection":[{"href":"https:\/\/www.aquilaguna.com\/index.php\/wp-json\/wp\/v2\/posts"}],"about":[{"href":"https:\/\/www.aquilaguna.com\/index.php\/wp-json\/wp\/v2\/types\/post"}],"author":[{"embeddable":true,"href":"https:\/\/www.aquilaguna.com\/index.php\/wp-json\/wp\/v2\/users\/1"}],"replies":[{"embeddable":true,"href":"https:\/\/www.aquilaguna.com\/index.php\/wp-json\/wp\/v2\/comments?post=10310"}],"version-history":[{"count":1,"href":"https:\/\/www.aquilaguna.com\/index.php\/wp-json\/wp\/v2\/posts\/10310\/revisions"}],"predecessor-version":[{"id":10312,"href":"https:\/\/www.aquilaguna.com\/index.php\/wp-json\/wp\/v2\/posts\/10310\/revisions\/10312"}],"wp:featuredmedia":[{"embeddable":true,"href":"https:\/\/www.aquilaguna.com\/index.php\/wp-json\/wp\/v2\/media\/10311"}],"wp:attachment":[{"href":"https:\/\/www.aquilaguna.com\/index.php\/wp-json\/wp\/v2\/media?parent=10310"}],"wp:term":[{"taxonomy":"category","embeddable":true,"href":"https:\/\/www.aquilaguna.com\/index.php\/wp-json\/wp\/v2\/categories?post=10310"},{"taxonomy":"post_tag","embeddable":true,"href":"https:\/\/www.aquilaguna.com\/index.php\/wp-json\/wp\/v2\/tags?post=10310"}],"curies":[{"name":"wp","href":"https:\/\/api.w.org\/{rel}","templated":true}]}}