{"id":10361,"date":"2022-08-09T19:42:07","date_gmt":"2022-08-10T00:42:07","guid":{"rendered":"https:\/\/www.aquilaguna.com\/?p=10361"},"modified":"2022-08-09T19:42:07","modified_gmt":"2022-08-10T00:42:07","slug":"coahuila-y-municipio-de-torreon-invitan-a-la-5k-10k-y-21k-jimulco-trail-del-sotol","status":"publish","type":"post","link":"https:\/\/www.aquilaguna.com\/index.php\/2022\/08\/09\/coahuila-y-municipio-de-torreon-invitan-a-la-5k-10k-y-21k-jimulco-trail-del-sotol\/","title":{"rendered":"COAHUILA Y MUNICIPIO DE TORRE\u00d3N INVITAN A LA 5K, 10K y 21K \u2018JIMULCO, TRAIL DEL SOTOL\u2019."},"content":{"rendered":"\n<p>Torre\u00f3n, Coahuila de Zaragoza; a 9 de Agosto de 2022.- El Gobierno del Estado y el Ayuntamiento de Torre\u00f3n, conjunto con Carreras MX, invitan a participar en la 5k, 10k y 21k \u2018Jimulco, Trail del Sotol\u2019, el pr\u00f3ximo 21 de agosto.<\/p>\n\n\n\n<p>En este esfuerzo coinciden la Secretar\u00eda de Turismo y Desarrollo de Pueblos M\u00e1gicos del Estado, el Instituto Estatal del Deporte de Coahuila (INEDEC), el Instituto Municipal del Deporte y la Direcci\u00f3n de Comercio y Turismo.<\/p>\n\n\n\n<p>Mar\u00eda Eugenia Villareal Abusaid, titular de la Subsecretar\u00eda de Turismo en La Laguna, coment\u00f3 que esta carrera es muy importante porque sirve de promoci\u00f3n: \u201cGracias a los organizadores por llevar a cabo esta carrera e impulsar la visita a la zona de Jimulco, de verdad vamos a conocerlo, es parte del Municipio de Torre\u00f3n y es muy bonito\u201d.<\/p>\n\n\n\n<p>En su momento, Luis T\u00e9llez Montes, Director de Comercio y Turismo de Torre\u00f3n, coment\u00f3 que estos eventos favorecen a que la ciudadan\u00eda conozca la regi\u00f3n y para hacer un recorrido por su gastronom\u00eda, por los lugares tur\u00edsticos que se est\u00e1n desarrollando y que cuentan con hospedaje.<\/p>\n\n\n\n<p>\u201cRealizamos recientemente un recorrido por el lugar, y se enamoran de la Flor de Jimulco, aqu\u00ed se les ofrecer\u00e1n diversos platillos gastron\u00f3micos. Por nuestra parte, seguiremos haciendo eventos deportivos, tur\u00edsticos y culturales para promover la regi\u00f3n\u201d.<\/p>\n\n\n\n<p>Luis Na\u00f1ez, titular del INEDEC Laguna, expres\u00f3: \u201cPara el instituto siempre es un gusto poder apoyar este tipo de eventos deportivos, un 21k, que generar\u00e1 una derrama econ\u00f3mica importante en este lugar\u201d.<\/p>\n\n\n\n<p>\u201cA nombre de Alina Garza, agradezco que nos tomen en cuenta para desarrollarlo y les hacemos la invitaci\u00f3n a participar\u201d.<\/p>\n\n\n\n<p>Asimismo, H\u00e9ctor Gayt\u00e1n McGregor, titular del Instituto Municipal del Deporte, detall\u00f3 que desde el inicio de esta Administraci\u00f3n se han tratado de sumar a todos los eventos deportivos, afortunadamente cuentan con una calendarizaci\u00f3n que ha ayudado a seguir detonando las carreras, tras la pandemia.<\/p>\n\n\n\n<p>\u201cEs muy importante para el alcalde Rom\u00e1n Cepeda el desarrollo del deporte de Torre\u00f3n, es una parte social y de mucha ayuda para la ciudadan\u00eda, para que tenga alternativas y busque sus espacios de preferencia\u201d.<\/p>\n\n\n\n<p>Reconoci\u00f3 el trabajo de Carreras MX, que son garant\u00eda de que las cosas se hacen bien.<\/p>\n\n\n\n<p>DETALLES DE LA CARRERA<\/p>\n\n\n\n<p>Alfredo Alem\u00e1n, de Carreras MX, brind\u00f3 los detalles de la carrera y afirm\u00f3 que ser\u00e1 el pr\u00f3ximo 21 de agosto en el ejido Flor de Jimulco, con una competencia diferente y por eso la hace sumamente atractiva, donde se espera que 300 competidores recorran los principales puntos de la comunidad.<\/p>\n\n\n\n<p>La salida est\u00e1 programada a las 07:30 horas, el arranque y meta ser\u00e1 el Hotel Guayulera de La Flor de Jimulco, describi\u00f3.<\/p>\n\n\n\n<p>El costo de inscripci\u00f3n es de 295 pesos por participante, siendo los puntos de registro en tiendas Innova Sport, de Torre\u00f3n y G\u00f3mez Palacio; en el Bosque \u201cVenustiano Carranza\u201d y a trav\u00e9s de la p\u00e1gina web&nbsp;<a href=\"http:\/\/carrerasmx.com.mx\/\" target=\"_blank\" rel=\"noreferrer noopener\">carrerasmx.com.mx<\/a>&nbsp;hasta agotar los lugares.<\/p>\n\n\n\n<p>Las categor\u00edas abiertas por cada prueba son:<\/p>\n\n\n\n<p>En 5K: Libre Varonil y Libre Femenil.<\/p>\n\n\n\n<p>En 10K: Libre (hasta 29 a\u00f1os); Sub Master (30 a 39 a\u00f1os), Master (40 a 49 a\u00f1os), Veteranos (50 a 59 a\u00f1os) y Veteranos Plus (60 a\u00f1os y m\u00e1s).<\/p>\n\n\n\n<p>En 21K: Libre Varonil y Libre Femenil.<\/p>\n\n\n\n<p>En 2K Infantil: Hasta 8 A\u00f1os, y 9 a 12 A\u00f1os.<\/p>\n\n\n\n<p>A la presentaci\u00f3n ante medios de comunicaci\u00f3n acudieron, adem\u00e1s, Jos\u00e9 Juan Gonz\u00e1lez, de Flor de Jimulco, y Karina Ortiz, de Carreras MX.<\/p>\n","protected":false},"excerpt":{"rendered":"<p>Torre\u00f3n, Coahuila de Zaragoza; a 9 de Agosto de 2022.- El Gobierno del Estado y el Ayuntamiento de Torre\u00f3n, conjunto con Carreras MX, invitan a participar en la 5k, 10k y 21k \u2018Jimulco, Trail del Sotol\u2019, el pr\u00f3ximo 21 de agosto. En este esfuerzo coinciden la Secretar\u00eda de Turismo y Desarrollo de Pueblos M\u00e1gicos del Estado, el Instituto Estatal del Deporte de Coahuila (INEDEC), el Instituto Municipal del Deporte y&#8230;<\/p>\n","protected":false},"author":1,"featured_media":10362,"comment_status":"closed","ping_status":"closed","sticky":false,"template":"","format":"standard","meta":{"footnotes":""},"categories":[5,33,15,28,7],"tags":[],"class_list":["post-10361","post","type-post","status-publish","format-standard","has-post-thumbnail","hentry","category-coahuila","category-deporte","category-gobierno-de-coahuila","category-la-laguna","category-torreon","wpcat-5-id","wpcat-33-id","wpcat-15-id","wpcat-28-id","wpcat-7-id"],"_links":{"self":[{"href":"https:\/\/www.aquilaguna.com\/index.php\/wp-json\/wp\/v2\/posts\/10361","targetHints":{"allow":["GET"]}}],"collection":[{"href":"https:\/\/www.aquilaguna.com\/index.php\/wp-json\/wp\/v2\/posts"}],"about":[{"href":"https:\/\/www.aquilaguna.com\/index.php\/wp-json\/wp\/v2\/types\/post"}],"author":[{"embeddable":true,"href":"https:\/\/www.aquilaguna.com\/index.php\/wp-json\/wp\/v2\/users\/1"}],"replies":[{"embeddable":true,"href":"https:\/\/www.aquilaguna.com\/index.php\/wp-json\/wp\/v2\/comments?post=10361"}],"version-history":[{"count":1,"href":"https:\/\/www.aquilaguna.com\/index.php\/wp-json\/wp\/v2\/posts\/10361\/revisions"}],"predecessor-version":[{"id":10363,"href":"https:\/\/www.aquilaguna.com\/index.php\/wp-json\/wp\/v2\/posts\/10361\/revisions\/10363"}],"wp:featuredmedia":[{"embeddable":true,"href":"https:\/\/www.aquilaguna.com\/index.php\/wp-json\/wp\/v2\/media\/10362"}],"wp:attachment":[{"href":"https:\/\/www.aquilaguna.com\/index.php\/wp-json\/wp\/v2\/media?parent=10361"}],"wp:term":[{"taxonomy":"category","embeddable":true,"href":"https:\/\/www.aquilaguna.com\/index.php\/wp-json\/wp\/v2\/categories?post=10361"},{"taxonomy":"post_tag","embeddable":true,"href":"https:\/\/www.aquilaguna.com\/index.php\/wp-json\/wp\/v2\/tags?post=10361"}],"curies":[{"name":"wp","href":"https:\/\/api.w.org\/{rel}","templated":true}]}}