{"id":10381,"date":"2022-08-10T18:16:55","date_gmt":"2022-08-10T23:16:55","guid":{"rendered":"https:\/\/www.aquilaguna.com\/?p=10381"},"modified":"2022-08-10T18:16:56","modified_gmt":"2022-08-10T23:16:56","slug":"llegara-el-tren-de-la-salud-a-la-region-lagunera","status":"publish","type":"post","link":"https:\/\/www.aquilaguna.com\/index.php\/2022\/08\/10\/llegara-el-tren-de-la-salud-a-la-region-lagunera\/","title":{"rendered":"LLEGAR\u00c1 EL TREN DE LA SALUD A LA REGI\u00d3N LAGUNERA."},"content":{"rendered":"\n<ul class=\"wp-block-list\"><li>Atender\u00e1 en 17 vagones y un quir\u00f3fano.<\/li><\/ul>\n\n\n\n<ul class=\"wp-block-list\"><li>Del 11 al 14 de agosto en G\u00f3mez Palacio y del 16 al 19 en Bermejillo.<\/li><\/ul>\n\n\n\n<p>Durango fue seleccionado por la Fundaci\u00f3n Grupo M\u00e9xico, para ser incluido en la<br>jornada m\u00e9dica, en el Tren de la Salud, cuyo objetivo es brindar servicios m\u00e9dicos<br>integrales a comunidades de dif\u00edcil acceso, inform\u00f3 en rueda de prensa el gobernador<br>Jos\u00e9 Rosas Aispuro Torres.<\/p>\n\n\n\n<p>Actualmente El Tren de la Salud, cuenta con 17 vagones y un quir\u00f3fano, con ello, es<br>posible brindar estudios de laboratorio, consultas m\u00e9dicas generales y de<br>especialidad, planificaci\u00f3n familiar; una cl\u00ednica especializada para la mujer y el<br>paciente diab\u00e9tico.<\/p>\n\n\n\n<p>Este jueves 11 de agosto a las 10:00 horas, el secretario de Salud en el gobierno del<br>Estado de Durango, Sergio Gonz\u00e1lez Romero, participar\u00e1 en la ceremonia donde se<br>pondr\u00e1 en marcha la atenci\u00f3n del Dr. Vag\u00f3n en las instalaciones del ferrocarril de la<br>ciudad de G\u00f3mez Palacio. Estar\u00e1 en operaciones del 11 al 14 de agosto y llegar\u00e1 a la<br>comunidad de Bermejillo del 16 al 19 de este mes.<\/p>\n\n\n\n<p>Durango valora y agradece la generosidad de la Fundaci\u00f3n Grupo M\u00e9xico para<br>colaborar en llevar salud y bienestar a la poblaci\u00f3n, a\u00f1adi\u00f3 Aispuro Torres.<\/p>\n","protected":false},"excerpt":{"rendered":"<p>Atender\u00e1 en 17 vagones y un quir\u00f3fano. Del 11 al 14 de agosto en G\u00f3mez Palacio y del 16 al 19 en Bermejillo. Durango fue seleccionado por la Fundaci\u00f3n Grupo M\u00e9xico, para ser incluido en lajornada m\u00e9dica, en el Tren de la Salud, cuyo objetivo es brindar servicios m\u00e9dicosintegrales a comunidades de dif\u00edcil acceso, inform\u00f3 en rueda de prensa el gobernadorJos\u00e9 Rosas Aispuro Torres. Actualmente El Tren de la Salud,&#8230;<\/p>\n","protected":false},"author":1,"featured_media":10382,"comment_status":"closed","ping_status":"closed","sticky":false,"template":"","format":"standard","meta":{"footnotes":""},"categories":[40,64,14],"tags":[],"class_list":["post-10381","post","type-post","status-publish","format-standard","has-post-thumbnail","hentry","category-durango","category-gobierno-de-durango","category-salud","wpcat-40-id","wpcat-64-id","wpcat-14-id"],"_links":{"self":[{"href":"https:\/\/www.aquilaguna.com\/index.php\/wp-json\/wp\/v2\/posts\/10381","targetHints":{"allow":["GET"]}}],"collection":[{"href":"https:\/\/www.aquilaguna.com\/index.php\/wp-json\/wp\/v2\/posts"}],"about":[{"href":"https:\/\/www.aquilaguna.com\/index.php\/wp-json\/wp\/v2\/types\/post"}],"author":[{"embeddable":true,"href":"https:\/\/www.aquilaguna.com\/index.php\/wp-json\/wp\/v2\/users\/1"}],"replies":[{"embeddable":true,"href":"https:\/\/www.aquilaguna.com\/index.php\/wp-json\/wp\/v2\/comments?post=10381"}],"version-history":[{"count":1,"href":"https:\/\/www.aquilaguna.com\/index.php\/wp-json\/wp\/v2\/posts\/10381\/revisions"}],"predecessor-version":[{"id":10383,"href":"https:\/\/www.aquilaguna.com\/index.php\/wp-json\/wp\/v2\/posts\/10381\/revisions\/10383"}],"wp:featuredmedia":[{"embeddable":true,"href":"https:\/\/www.aquilaguna.com\/index.php\/wp-json\/wp\/v2\/media\/10382"}],"wp:attachment":[{"href":"https:\/\/www.aquilaguna.com\/index.php\/wp-json\/wp\/v2\/media?parent=10381"}],"wp:term":[{"taxonomy":"category","embeddable":true,"href":"https:\/\/www.aquilaguna.com\/index.php\/wp-json\/wp\/v2\/categories?post=10381"},{"taxonomy":"post_tag","embeddable":true,"href":"https:\/\/www.aquilaguna.com\/index.php\/wp-json\/wp\/v2\/tags?post=10381"}],"curies":[{"name":"wp","href":"https:\/\/api.w.org\/{rel}","templated":true}]}}