{"id":10387,"date":"2022-08-10T18:20:24","date_gmt":"2022-08-10T23:20:24","guid":{"rendered":"https:\/\/www.aquilaguna.com\/?p=10387"},"modified":"2022-08-10T18:20:24","modified_gmt":"2022-08-10T23:20:24","slug":"eligen-en-torreon-a-integrantes-del-cabildo-juvenil-2022","status":"publish","type":"post","link":"https:\/\/www.aquilaguna.com\/index.php\/2022\/08\/10\/eligen-en-torreon-a-integrantes-del-cabildo-juvenil-2022\/","title":{"rendered":"Eligen en Torre\u00f3n a integrantes del Cabildo Juvenil 2022."},"content":{"rendered":"\n<p>Torre\u00f3n, Coahuila. A 10 de agosto de 2022.<\/p>\n\n\n\n<p>Como resultado a la convocatoria que abri\u00f3 el Ayuntamiento de Torre\u00f3n para<br>elegir a los integrantes del Cabildo Juvenil 2022, el comit\u00e9 dictaminador decidi\u00f3<br>quienes tendr\u00e1n esa facultad con base a las propuestas de pol\u00edtica p\u00fablica que<br>envi\u00f3 cada uno de los participantes.<\/p>\n\n\n\n<p>Para el cargo de Presidenta Municipal, Ana Sof\u00eda Casta\u00f1eda Bravo; como<br>Secretaria del Ayuntamiento, Linda Valeria Madera Vargas y fungir\u00e1n como<br>S\u00edndicos, Jorge Emilio Ontiveros Renter\u00eda y Mar\u00eda Jos\u00e9 Aguayo Landeros.<\/p>\n\n\n\n<p>As\u00ed mismo para completar el Cabildo Juvenil, en la tarea de regidores, se eligieron<br>las propuestas de Andrea Gonz\u00e1lez Centeno, Karla Roc\u00edo Bruno P\u00e9rez, Rosa<br>Velia Guti\u00e9rrez Barr\u00f3n, Jared Salvador Marrero S\u00e1nchez, Tom\u00e1s Isaac Hern\u00e1ndez<br>Rodr\u00edguez, Lorena Priscila Cisneros Medina, Carlos Abdiel Gonz\u00e1lez Favela,<br>Pedro Alfonso Rangel Flores, Daniel Alejandro Carrillo Hern\u00e1ndez, Abel Villarreal<br>Dena, Ayikal Calder\u00f3n Ju\u00e1rez, Alejandra Fausto V\u00e1zquez, Regina Hern\u00e1ndez<br>L\u00f3pez, Evelyn Rub\u00ed Esquivel Jurado, Gabriel Raymundo Casas Mac\u00edas, Sebasti\u00e1n<br>L\u00f3pez Figueroa y Sa\u00fal Enrique Favela Cruz.<\/p>\n\n\n\n<p>La convocatoria se lanz\u00f3 el pasado 13 de julio a trav\u00e9s de la Direcci\u00f3n de Atenci\u00f3n<br>a la Juventud que encabeza Jes\u00fas Andr\u00e9s Garc\u00eda Sotomayor, en la que se invit\u00f3 a<br>la poblaci\u00f3n juvenil de Torre\u00f3n a participar en este ejercicio de participaci\u00f3n y<br>vinculaci\u00f3n entre sociedad y gobierno.<\/p>\n\n\n\n<p>\u201cEl objetivo fue abrir el espacio donde los j\u00f3venes tendr\u00e1n la oportunidad de<br>expresar sus intereses y propuestas para el Municipio, el alcalde Rom\u00e1n Alberto<br>Cepeda Gonz\u00e1lez ha sido cercano a este sector de la poblaci\u00f3n y en su gesti\u00f3n<br>nos ha externado siempre la apertura para conocer las inquietudes de esta<br>generaci\u00f3n\u201d, expres\u00f3 el titular.<\/p>\n\n\n\n<p>Dijo que en respuesta a la confianza que hay de los j\u00f3venes para con el Alcalde,<br>hubo una amplia participaci\u00f3n de proyectos recibidos.<\/p>\n\n\n\n<p>\u201cReconocemos a todos los participantes por su inter\u00e9s y proyectos, tambi\u00e9n<br>felicitamos a quienes conformar\u00e1n el Cabildo Juvenil de este a\u00f1o, en la Direcci\u00f3n<br>de Atenci\u00f3n a la Juventud seguiremos impulsando instrumentos de participaci\u00f3n y<br>espacios de di\u00e1logo y debate\u201d, concluy\u00f3 el director.<\/p>\n\n\n\n<p>La Sesi\u00f3n del Cabildo Juvenil ser\u00e1 este pr\u00f3ximo 12 de agosto, en el marco del d\u00eda<br>Internacional de la Juventud, establecido por la Organizaci\u00f3n de las Naciones<br>Unidas (ONU).<\/p>\n","protected":false},"excerpt":{"rendered":"<p>Torre\u00f3n, Coahuila. A 10 de agosto de 2022. Como resultado a la convocatoria que abri\u00f3 el Ayuntamiento de Torre\u00f3n paraelegir a los integrantes del Cabildo Juvenil 2022, el comit\u00e9 dictaminador decidi\u00f3quienes tendr\u00e1n esa facultad con base a las propuestas de pol\u00edtica p\u00fablica queenvi\u00f3 cada uno de los participantes. Para el cargo de Presidenta Municipal, Ana Sof\u00eda Casta\u00f1eda Bravo; comoSecretaria del Ayuntamiento, Linda Valeria Madera Vargas y fungir\u00e1n comoS\u00edndicos, Jorge Emilio&#8230;<\/p>\n","protected":false},"author":1,"featured_media":10388,"comment_status":"closed","ping_status":"closed","sticky":false,"template":"","format":"standard","meta":{"footnotes":""},"categories":[5,28,7],"tags":[],"class_list":["post-10387","post","type-post","status-publish","format-standard","has-post-thumbnail","hentry","category-coahuila","category-la-laguna","category-torreon","wpcat-5-id","wpcat-28-id","wpcat-7-id"],"_links":{"self":[{"href":"https:\/\/www.aquilaguna.com\/index.php\/wp-json\/wp\/v2\/posts\/10387","targetHints":{"allow":["GET"]}}],"collection":[{"href":"https:\/\/www.aquilaguna.com\/index.php\/wp-json\/wp\/v2\/posts"}],"about":[{"href":"https:\/\/www.aquilaguna.com\/index.php\/wp-json\/wp\/v2\/types\/post"}],"author":[{"embeddable":true,"href":"https:\/\/www.aquilaguna.com\/index.php\/wp-json\/wp\/v2\/users\/1"}],"replies":[{"embeddable":true,"href":"https:\/\/www.aquilaguna.com\/index.php\/wp-json\/wp\/v2\/comments?post=10387"}],"version-history":[{"count":1,"href":"https:\/\/www.aquilaguna.com\/index.php\/wp-json\/wp\/v2\/posts\/10387\/revisions"}],"predecessor-version":[{"id":10389,"href":"https:\/\/www.aquilaguna.com\/index.php\/wp-json\/wp\/v2\/posts\/10387\/revisions\/10389"}],"wp:featuredmedia":[{"embeddable":true,"href":"https:\/\/www.aquilaguna.com\/index.php\/wp-json\/wp\/v2\/media\/10388"}],"wp:attachment":[{"href":"https:\/\/www.aquilaguna.com\/index.php\/wp-json\/wp\/v2\/media?parent=10387"}],"wp:term":[{"taxonomy":"category","embeddable":true,"href":"https:\/\/www.aquilaguna.com\/index.php\/wp-json\/wp\/v2\/categories?post=10387"},{"taxonomy":"post_tag","embeddable":true,"href":"https:\/\/www.aquilaguna.com\/index.php\/wp-json\/wp\/v2\/tags?post=10387"}],"curies":[{"name":"wp","href":"https:\/\/api.w.org\/{rel}","templated":true}]}}