{"id":10417,"date":"2022-08-11T17:40:55","date_gmt":"2022-08-11T22:40:55","guid":{"rendered":"https:\/\/www.aquilaguna.com\/?p=10417"},"modified":"2022-08-11T17:40:56","modified_gmt":"2022-08-11T22:40:56","slug":"aprueba-el-cabildo-de-torreon-estimulos-fiscales-y-apoyo-para-menores-con-discapacidad","status":"publish","type":"post","link":"https:\/\/www.aquilaguna.com\/index.php\/2022\/08\/11\/aprueba-el-cabildo-de-torreon-estimulos-fiscales-y-apoyo-para-menores-con-discapacidad\/","title":{"rendered":"Aprueba el Cabildo de Torre\u00f3n est\u00edmulos fiscales y apoyo para menores con discapacidad."},"content":{"rendered":"\n<p>Torre\u00f3n, Coahuila. A 11 de agosto de 2022.<\/p>\n\n\n\n<p>Durante la D\u00e9cimo S\u00e9ptima Sesi\u00f3n Ordinaria del Cabildo de Torre\u00f3n, se<br>aprobaron por unanimidad diversos est\u00edmulos fiscales a favor de la ciudadan\u00eda, y<br>se autoriz\u00f3 un apoyo econ\u00f3mico a la Asociaci\u00f3n Pro-Infancia Neurog\u00e9nica A.C.,<br>en beneficio de ni\u00f1os con discapacidad.<\/p>\n\n\n\n<p>El primer dictamen de la Comisi\u00f3n de Hacienda Patrimonio y Cuenta P\u00fablica,<br>relativo a la aprobaci\u00f3n del \u201cProyecto del programa de est\u00edmulos fiscales a favor<br>de la ciudadan\u00eda general, en materia de derechos por los servicios prestados por<br>la Unidad Catastral Municipal, establecidos en el art\u00edculo 41 de la Ley de Ingresos<br>de 2022&#8243;, fue aprobado por unanimidad y se resolvi\u00f3 un est\u00edmulo fiscal del 100 por<br>ciento en algunos de los servicios contemplados en dicho art\u00edculo, con vigencia al<br>30 de diciembre del presente a\u00f1o.<\/p>\n\n\n\n<p>As\u00ed mismo fue votado por unanimidad el dictamen de la Comisi\u00f3n de Hacienda,<br>Patrimonio y Cuenta P\u00fablica, respecto a la solicitud de apoyo econ\u00f3mico<br>presentada por el Director General de la Asociaci\u00f3n Pro-Infancia Neurog\u00e9nica A.C.<br>Se resolvi\u00f3 otorgar una aportaci\u00f3n extraordinaria y por \u00fanica ocasi\u00f3n de 70 mil<br>pesos, adem\u00e1s de un apoyo mensual de 10 mil pesos de agosto a diciembre,<br>como apoyo para que pueda cubrir parte de los gastos de los tratamientos de los<br>92 menores que atiende por discapacidad.<\/p>\n\n\n\n<p>En otro punto del orden del d\u00eda se inform\u00f3 sobre los asuntos turnados a las<br>comisiones de ediles en el mes de julio, en cumplimiento a lo dispuesto en el<br>art\u00edculo 26 del Reglamento Interior del R. Ayuntamiento de Torre\u00f3n.<\/p>\n\n\n\n<p>Fue aprobado por unanimidad del Cabildo el dictamen de la Comisi\u00f3n de<br>Gobernaci\u00f3n y Reglamentaci\u00f3n en conjunto con la Comisi\u00f3n de Planeaci\u00f3n y<br>Urbanismo, concerniente a la aprobaci\u00f3n de la Iniciativa con Proyecto de Decreto<br>que reforma diversas disposiciones de la ley que crea el Instituto Municipal de<br>Planeaci\u00f3n y Competitividad de Torre\u00f3n (IMPLAN).<\/p>\n\n\n\n<p>En cuanto al dictamen de la Comisi\u00f3n de Planeaci\u00f3n y Urbanismo, acerca de la<br>solicitud del Director General de Ordenamiento Territorial y Urbanismo, para la<br>adecuaci\u00f3n del Plan Director de Desarrollo Urbano de Torre\u00f3n, para el cambio de<br>uso de suelo de habitacional de densidad media baja (H2) a habitacional de<br>densidad alta (H6) del predio ubicado en Calle Paseo del Charro, n\u00famero 39, lote 21, manzana 7, Colonia Residencial La Hacienda, en esta Ciudad de Torre\u00f3n, Coahuila, se aprob\u00f3 por unanimidad.<\/p>\n\n\n\n<p>De igual forma el dictamen de la Comisi\u00f3n de Planeaci\u00f3n y Urbanismo, referente a<br>la solicitud del Director General de Ordenamiento Territorial y Urbanismo, para la<br>adecuaci\u00f3n del Plan Director de Desarrollo Urbano de Torre\u00f3n, para el cambio de<br>uso de suelo de habitacional de densidad alta (H6) a centro de barrio (CB) del<br>predio ubicado en calle Pablo Olvera sin n\u00famero lote 7-b, manzana 22, de la<br>colonia Jos\u00e9 Luz Torres, en esta ciudad de Torre\u00f3n, Coahuila, se aprob\u00f3 por<br>unanimidad.<\/p>\n\n\n\n<p>Tambi\u00e9n fue aprobado por unanimidad el dictamen de la Comisi\u00f3n de Planeaci\u00f3n<br>y Urbanismo, sobre la solicitud del Director General de Ordenamiento Territorial y<br>Urbanismo para la adecuaci\u00f3n del Plan Director de Desarrollo Urbano de Torre\u00f3n,<br>para el cambio de uso de suelo de poblado rural (PR) a centro de barrio (CB) del<br>predio ubicado en Calle Esmeralda, numero 119, ejido La Joya, en esta ciudad de<br>Torre\u00f3n, Coahuila.<\/p>\n\n\n\n<p>El dictamen de la Comisi\u00f3n de Planeaci\u00f3n y Urbanismo, concerniente a la solicitud<br>del Director General de Ordenamiento Territorial y Urbanismo, para la adecuaci\u00f3n<br>del Plan Director de Desarrollo Urbano de Torre\u00f3n, para el cambio de uso de suelo<br>de habitacional de densidad alta (H6) a centro de barrio (CB) del predio ubicado<br>en Calle de la Noria, n\u00famero 1991, Colonia Villas la Merced, en esta ciudad de<br>Torre\u00f3n, Coahuila, qued\u00f3 aprobado por unanimidad.<\/p>\n\n\n\n<p>Los ediles analizaron la propuesta del Presidente Municipal Rom\u00e1n Alberto<br>Cepeda Gonz\u00e1lez, para delegar y otorgar los poderes correspondientes para la<br>representaci\u00f3n legal, as\u00ed como para pleitos y cobranzas a diversos profesionistas<br>en representaci\u00f3n del R. Ayuntamiento de Torre\u00f3n, punto que fue aprobado por<br>unanimidad.<\/p>\n\n\n\n<p>Los profesionistas que fueron avalados para esta tarea son Josu\u00e9 Alexis G\u00f3mez<br>de Santiago, Diego Alberto L\u00f3pez Alem\u00e1n, Cynthia Larissa Altamirano Simental,<br>Adolfo Francisco Rodr\u00edguez Mijares, Claudia Villalba Morales, \u00d3scar Francisco<br>Mart\u00ednez Oliva, Mariana Monserrat Puentes Ch\u00e1vez, Daniel Alejandro Segovia<br>Mota, Mar\u00eda Gabriela Fern\u00e1ndez Ruiz, Everardo Facio L\u00f3pez y Mar\u00eda del Rosario<br>Barr\u00f3n Ortiz.<\/p>\n\n\n\n<p>Para cumplir con el orden del d\u00eda la Secretaria del Ayuntamiento, Natalia<br>Fern\u00e1ndez Mart\u00ednez, inform\u00f3 a los miembros del H. Cabildo sobre la Sesi\u00f3n de<br>Cabildo Juvenil 2022, que tendr\u00e1 lugar el d\u00eda de ma\u00f1ana.<\/p>\n\n\n\n<p>Finalmente se presentaron 3 asuntos generales, el primero de ellos<br>correspondiente a la Comisi\u00f3n de Inspecci\u00f3n, Verificaci\u00f3n y Protecci\u00f3n Civil,<br>relativo a 11 solicitudes de diversos establecimientos mercantiles, para realizar<br>cambios de domicilio, denominaci\u00f3n y\/o giro en sus certificaciones municipales, el<br>cual fue aprobado por unanimidad.<\/p>\n\n\n\n<p>En un segundo asunto general, se revis\u00f3 el dictamen de la Comisi\u00f3n de<br>Patrimonio Inmobiliario y Tenencia de la Tierra, a partir de la solicitud presentada<br>por una particular, relativo a la cancelaci\u00f3n del acuerdo de Cabildo del 29 de mayo<br>de 2020, el cual qued\u00f3 aprobado por unanimidad.<\/p>\n\n\n\n<p>Y en un \u00faltimo punto, se present\u00f3 la propuesta del noveno regidor Enrique<br>Sarmiento \u00c1lvarez para otorgar est\u00edmulos fiscales sobre intereses ordinarios,<br>moratorios y otros, para las personas que se encuentran en situaci\u00f3n deuda con el<br>organismo descentralizado del Consejo Promotor para las Reservas Territoriales<br>de Torre\u00f3n (COPRODER). La propuesta se dio por presentada.<\/p>\n","protected":false},"excerpt":{"rendered":"<p>Torre\u00f3n, Coahuila. A 11 de agosto de 2022. Durante la D\u00e9cimo S\u00e9ptima Sesi\u00f3n Ordinaria del Cabildo de Torre\u00f3n, seaprobaron por unanimidad diversos est\u00edmulos fiscales a favor de la ciudadan\u00eda, yse autoriz\u00f3 un apoyo econ\u00f3mico a la Asociaci\u00f3n Pro-Infancia Neurog\u00e9nica A.C.,en beneficio de ni\u00f1os con discapacidad. El primer dictamen de la Comisi\u00f3n de Hacienda Patrimonio y Cuenta P\u00fablica,relativo a la aprobaci\u00f3n del \u201cProyecto del programa de est\u00edmulos fiscales a favorde la&#8230;<\/p>\n","protected":false},"author":1,"featured_media":10418,"comment_status":"closed","ping_status":"closed","sticky":false,"template":"","format":"standard","meta":{"footnotes":""},"categories":[5,28,7],"tags":[],"class_list":["post-10417","post","type-post","status-publish","format-standard","has-post-thumbnail","hentry","category-coahuila","category-la-laguna","category-torreon","wpcat-5-id","wpcat-28-id","wpcat-7-id"],"_links":{"self":[{"href":"https:\/\/www.aquilaguna.com\/index.php\/wp-json\/wp\/v2\/posts\/10417","targetHints":{"allow":["GET"]}}],"collection":[{"href":"https:\/\/www.aquilaguna.com\/index.php\/wp-json\/wp\/v2\/posts"}],"about":[{"href":"https:\/\/www.aquilaguna.com\/index.php\/wp-json\/wp\/v2\/types\/post"}],"author":[{"embeddable":true,"href":"https:\/\/www.aquilaguna.com\/index.php\/wp-json\/wp\/v2\/users\/1"}],"replies":[{"embeddable":true,"href":"https:\/\/www.aquilaguna.com\/index.php\/wp-json\/wp\/v2\/comments?post=10417"}],"version-history":[{"count":1,"href":"https:\/\/www.aquilaguna.com\/index.php\/wp-json\/wp\/v2\/posts\/10417\/revisions"}],"predecessor-version":[{"id":10419,"href":"https:\/\/www.aquilaguna.com\/index.php\/wp-json\/wp\/v2\/posts\/10417\/revisions\/10419"}],"wp:featuredmedia":[{"embeddable":true,"href":"https:\/\/www.aquilaguna.com\/index.php\/wp-json\/wp\/v2\/media\/10418"}],"wp:attachment":[{"href":"https:\/\/www.aquilaguna.com\/index.php\/wp-json\/wp\/v2\/media?parent=10417"}],"wp:term":[{"taxonomy":"category","embeddable":true,"href":"https:\/\/www.aquilaguna.com\/index.php\/wp-json\/wp\/v2\/categories?post=10417"},{"taxonomy":"post_tag","embeddable":true,"href":"https:\/\/www.aquilaguna.com\/index.php\/wp-json\/wp\/v2\/tags?post=10417"}],"curies":[{"name":"wp","href":"https:\/\/api.w.org\/{rel}","templated":true}]}}