{"id":10467,"date":"2022-08-14T18:06:41","date_gmt":"2022-08-14T23:06:41","guid":{"rendered":"https:\/\/www.aquilaguna.com\/?p=10467"},"modified":"2022-08-14T18:06:41","modified_gmt":"2022-08-14T23:06:41","slug":"aqui-laguna-155","status":"publish","type":"post","link":"https:\/\/www.aquilaguna.com\/index.php\/2022\/08\/14\/aqui-laguna-155\/","title":{"rendered":"Aqu\u00ed Laguna."},"content":{"rendered":"\n<p>\u00a1Vini, vidi, vici! \u00a0La c\u00e9lebre\u00a0 frase atribu\u00edda a Julio C\u00e9sar,\u00a0 se puede parodiar con un vino vio y se fu\u00e9,\u00a0 a la visita que realizara el pasado viernes el Presidente AMLO a la zona lagunera, para analizar, se dijo,\u00a0 el avance del \u00fanico proyecto federal de largo aliento que asignara\u00a0 a la Laguna el actual r\u00e9gimen federal, y cuyo avance desconocido en t\u00e9rminos oficiales. Toda vez que no hubo ya convocatoria alguna para los alcaldes de los municipios involucrados en tal obra, mucho menos a representante algunos de los Medios de Comunicaci\u00f3n regionales y locales, feamente exclu\u00eddos de tan eximia visita, que no pudieron constatar siquiera y ni a distancia, los personajes de la comitiva que arrib\u00f3 a San Jacinto a bordo de lujosas\u00a0 suburbans, que hicieran el recorrido desde\u00a0 el Aeropuerto Federal de Torre\u00f3n a donde arrib\u00f3 el mandatario, no a bordo de alg\u00fan avi\u00f3n comercial, sino\u00a0 de una\u00a0 aeronave oficial \u00a0 hacia tal punto donde se inici\u00f3 la visita mencionada.<\/p>\n\n\n\n<p>En\u00a0 ambos\u00a0 sitios de arribo en Torre\u00f3n y en Lerdo, el presidente AMLO no pudo evitar que se le aparecieran cual fantasmas grupos en reclamo abierto a promesas\u00a0 incumplidas de atenci\u00f3n siquiera a sus demandas sobre\u00a0 viejos litigios sobre tierras y aguas presentadas por agrupaciones campesinas -que aun existen-, y\u00a0 otras mas con problem\u00e1ticas &#8220;modernas&#8221; como lo es, la de las desapariciones de personas, asuntos para los cuales parece, ya no tener\u00a0 respuestas concretas a los demandantes, prometidas\u00a0 durante su campa\u00f1a\u00a0 a las que endilga los consabidos argumentos centrales de su narrativa,\u00a0 retorica pues que en esta ocasi\u00f3n, dijo \u00a0 aquello\u00a0 de que, &#8220;hay muchos caciques en la Laguna. Y mucha gente corrupta. No hay pueblo, sino algunos gobernantes\u00a0 y gentes que se han dedicado a saquear&#8221;,  y fue cuanto, sin se\u00f1alamiento concreto alguno, la percepci\u00f3n que genera tal actitud presidencial, se inscribe sin duda en el agotamiento de respuestas\u00a0 concretas a problem\u00e1ticas \u00eddem, y a quien ya no le basta crear a diario en su imaginaci\u00f3n desatada\u00a0 al sempiterno\u00a0&#8220;masiosare&#8221; es decir, al extra\u00f1o enemigo que lo perturba, y que\u00a0 le impide dar soluci\u00f3n alguna\u00a0 esperada\u00a0 a los temas que aquejan a sus gobernados, de ah\u00ed que\u00a0 nuestro Presidente,\u00a0 impone\u00a0 ya distancia con\u00a0 el pueblo buen. En fin&#8230;<\/p>\n\n\n\n<p>Y ser\u00e1 la ma\u00f1ana de este 15 de agosto cuando un mill\u00f3n de\u00a0 ni\u00f1os y j\u00f3venes, de los cuales mas de 600 mil son laguneros\u00a0 estar\u00e1n\u00a0 retornando a la\u00a0 educaci\u00f3n\u00a0 presencial para\u00a0agotar\u00a0 el ciclo escolar 2022\/2023\u00a0 luego de los altibajos que impuso la aun inacabada pandemia\u00a0 del Virus Covid-19, y cuando ya\u00a0 los escolapios y j\u00f3venes cuentan al menos con una dosis de vacuna en su contra y muchos cuentan tambi\u00e9n con consolidado avance en materia de educaci\u00f3n digital a distancia. Cabe decir que la pandemia\u00a0 genera cual saldo\u00a0 temas inesperados\u00a0 en el sistema educativo\u00a0 \u00a0 y que a partir de este d\u00eda, habr\u00e1n\u00a0 de enfrentar, con sus escuelas los docentes en el Estado, pues el reto superable\u00a0 que afect\u00f3\u00a0 infraestructura escolar a los largo de los dos a\u00f1os de pandemia reflejados en\u00a0 vandalismo, robo, saqueos y el deterioro natural de los inmuebles\u00a0 en diversos puntos del Estado y que hoy, con mucho esfuerzo esta casi \u00a0 superada, y en este marco no es de olvidar la tarea desempe\u00f1ada en aciagos d\u00edas en tal materia\u00a0 el\u00a0 lamentablemente fallecido Licenciado\u00a0 Higinio Gonz\u00e1lez Calder\u00f3n, estafeta que \u00a0 ahora tiene\u00a0 a su cargo \u00a0 el Licenciado Francisco Saracho Navarro, quien habr\u00e1 de agregar \u00a0otro reto de mayor complejidad, pues \u00e9sta no es, como pudiera creerse de orden acad\u00e9mico, material como\u00a0 es el\u00a0 caso de la infraestructura\u00a0 ambas subsanables\u00a0 cien por ciento, no as\u00ed\u00a0 la que ver\u00e1n reflejadas, los docentes en la salud emocional, mental\u00a0 de los educandos, entre los que se refleja\u00a0 muchas desigualdades y los impactos\u00a0 que\u00a0 estas generan , y que el docente frente a grupo deber\u00e1 detectarlas, canalizarlas para su recuperaci\u00f3n, tarea\u00a0 que hacen indispensable el acompa\u00f1amiento de los p\u00e1ter familias&#8230;<\/p>\n\n\n\n<p>Y en este marco, pero a nivel macro, \u00a0 un sentimiento de orgullo recorre\u00a0 a todos los miembros de la Facultad de Medicina \u00a0 de Torre\u00f3n,\u00a0 y con ellos a la\u00a0 Universidad Aut\u00f3noma de Coahuila y\u00a0 en especial, a los\u00a0 directivos de la instituci\u00f3n\u00a0 por\u00a0 el Doctor Salvador\u00a0 Chavarr\u00eda\u00a0 quien generoso extiende\u00a0 su el presente a\u00f1o, habr\u00e1 de resultar inolvidable el reconocimiento en tal esfuerzo y tal\u00a0 resultado al apoyo\u00a0 sostenido\u00a0 del Rector\u00a0 Ingeniero Salvador Hern\u00e1ndez V\u00e9lez,\u00a0 \u00a0 quienes ya el pr\u00f3ximo mes de octubre estar\u00e1n celebrando el 65 Aniversario de su fundaci\u00f3n, y qu\u00e9 mejor tiempo para festejar tambi\u00e9n que\u00a0 su ultima generaci\u00f3n de egresados,\u00a0 haya\u00a0 hecho posible que la instituci\u00f3n haya alcanzado el quinto sitio en la Evaluaci\u00f3n\u00a0 Nacional de Residencias M\u00e9dicas y el d\u00e9cimo\u00a0 lugar en el ranking nacional de las mejores\u00a0 escuelas de medicina\u00a0 p\u00fablicas y privadas de las 137 existentes en el pa\u00eds\u00a0 y tal logro\u00a0 revela\u00a0 de sus directivos y estudiantes , un alto grado de persistencia, de\u00a0 organizaci\u00f3n, de talento\u00a0 y disciplina\u00a0 en una \u00e1rea de la ense\u00f1anza superior que tiene con objetivo principal la atenci\u00f3n \u00a0 de\u00a0 la salud de los seres humanos. Bien por todos ellos y Felicidades&#8230;<\/p>\n\n\n\n<p>Y en tanto la sombra de la tragedia y desolaci\u00f3n \u00a0 cubre amplia zona del centro norte de Coahuila, donde se\u00a0 concentraban\u00a0 hasta este mismo d\u00eda,\u00a0 el esfuerzo y atenci\u00f3n a de los grupos \u00a0 que realizan las \u00a0 tareas\u00a0 ingratas\u00a0 de\u00a0 encontrar y lograr extraer de la profundidades sitio\u00a0 donde se \u00a0 ubicaban, desde el pasado 3 de agosto los 10 mineros\u00a0 atrapados en tal sitio al colapsar e inundarse\u00a0 en la Mina El Pinabete, se ha registrado desde este fin de semana las expresiones de desesperaci\u00f3n que ya muestran los familiares de los ah\u00ed atrapados, comprensibles\u00a0 las emociones\u00a0 que est\u00e1n generando la impotencia para poner a salvo a sus seres queridos.<\/p>\n\n\n\n<p>Con\u00a0 todo y que los esfuerzos que realiza el gobierno federal, bajo cuya competencia\u00a0 operan en t\u00e9rminos legales\u00a0 la explotaci\u00f3n del carb\u00f3n\u00a0 mineral\u00a0 en tal zona. Cabe decir que en momento alguno el Gobierno de Coahuila haya sido omiso en la coadyuvancia que la humanidad obliga y ah\u00ed est\u00e1n, desde la fecha del siniestro\u00a0 al pie del ca\u00f1\u00f3n, por dem\u00e1s solidarios bien el\u00a0 Gobernador Miguel\u00a0 Angel Riquelme Sol\u00eds en persona,\u00a0 o bien el Secretario de Gobierno Fernando de las Fuentes, sin omitir acci\u00f3n legal que se genere y sea de su competencia tarea a cargo del Fiscal General Gerardo M\u00e1rquez, en tanto que en el mundillo pol\u00edtico afloren nombres y mas nombres de presuntos sujetos beneficiarios de la extrema condici\u00f3n\u00a0 en las que se explota no solo a las minas\u00a0 de carb\u00f3n mineral\u00a0 y sobre todo a los mineros \u00a0 y el mundillo de explotadores que tiene como comprador monop\u00f3lico a la Comisi\u00f3n Federal de Electricidad\u00a0 a cargo del intocable Manuel Bartlett.<\/p>\n\n\n\n<p>Por cierto, la semana n\u00famero \u00a0 32 de este a\u00f1o habr\u00e1 de resultar inolvidable al Bebesuario Mej\u00eda Berdeja pomposo Subsecretario de Seguridad P\u00fablica, luego que\u00a0 cuando menos tres entidades del pa\u00eds &#8220;arden&#8221; en las llamas de\u00a0 la violencia criminal ante el miedo, pero tambi\u00e9n de la indignaci\u00f3n de los ciudadanos de Jalisco, Guanajuato, Baja California y Chihuahua, hechos en los que llama la atenci\u00f3n como los c\u00e1rteles del narco disputan con la fuerza de las armas, no solo el dominio territorial entre ellos,\u00a0 sino al mismo Estado \u00a0 y con ello el\u00a0 uso exclusivo de la fuerza, pues parece que para los delincuentes, \u00e9ste no existe,\u00a0 y\u00a0 en especial el peque\u00f1o detalle de la selectividad con la que est\u00e1n atacando\u00a0 la cadena de tiendas de conveniencia OXXO, ataques que ya cobran cual da\u00f1o colateral a civiles inocentes.<\/p>\n\n\n\n<p>Pero claro, Mejia Berdeja en la escuesta de candidato de MORENA para gobernar Coahuila s\u00ed que\u00a0 va adelante. Y\u00a0 si esto fuera poco ah\u00ed est\u00e1n\u00a0 ya la resistencias que entre la poblaci\u00f3n genera la presunci\u00f3n fundada de que la militarizaci\u00f3n del pa\u00eds es un hecho, sin que se conozca\u00a0 acci\u00f3n, trabajo alguno de las fuerzas pol\u00edticas opositoras.<\/p>\n","protected":false},"excerpt":{"rendered":"<p>\u00a1Vini, vidi, vici! \u00a0La c\u00e9lebre\u00a0 frase atribu\u00edda a Julio C\u00e9sar,\u00a0 se puede parodiar con un vino vio y se fu\u00e9,\u00a0 a la visita que realizara el pasado viernes el Presidente AMLO a la zona lagunera, para analizar, se dijo,\u00a0 el avance del \u00fanico proyecto federal de largo aliento que asignara\u00a0 a la Laguna el actual r\u00e9gimen federal, y cuyo avance desconocido en t\u00e9rminos oficiales. Toda vez que no hubo ya&#8230;<\/p>\n","protected":false},"author":2,"featured_media":0,"comment_status":"closed","ping_status":"","sticky":false,"template":"","format":"standard","meta":{"footnotes":""},"categories":[8],"tags":[],"class_list":["post-10467","post","type-post","status-publish","format-standard","hentry","category-aqui-laguna","wpcat-8-id"],"_links":{"self":[{"href":"https:\/\/www.aquilaguna.com\/index.php\/wp-json\/wp\/v2\/posts\/10467","targetHints":{"allow":["GET"]}}],"collection":[{"href":"https:\/\/www.aquilaguna.com\/index.php\/wp-json\/wp\/v2\/posts"}],"about":[{"href":"https:\/\/www.aquilaguna.com\/index.php\/wp-json\/wp\/v2\/types\/post"}],"author":[{"embeddable":true,"href":"https:\/\/www.aquilaguna.com\/index.php\/wp-json\/wp\/v2\/users\/2"}],"replies":[{"embeddable":true,"href":"https:\/\/www.aquilaguna.com\/index.php\/wp-json\/wp\/v2\/comments?post=10467"}],"version-history":[{"count":1,"href":"https:\/\/www.aquilaguna.com\/index.php\/wp-json\/wp\/v2\/posts\/10467\/revisions"}],"predecessor-version":[{"id":10468,"href":"https:\/\/www.aquilaguna.com\/index.php\/wp-json\/wp\/v2\/posts\/10467\/revisions\/10468"}],"wp:attachment":[{"href":"https:\/\/www.aquilaguna.com\/index.php\/wp-json\/wp\/v2\/media?parent=10467"}],"wp:term":[{"taxonomy":"category","embeddable":true,"href":"https:\/\/www.aquilaguna.com\/index.php\/wp-json\/wp\/v2\/categories?post=10467"},{"taxonomy":"post_tag","embeddable":true,"href":"https:\/\/www.aquilaguna.com\/index.php\/wp-json\/wp\/v2\/tags?post=10467"}],"curies":[{"name":"wp","href":"https:\/\/api.w.org\/{rel}","templated":true}]}}