{"id":10483,"date":"2022-08-15T17:43:44","date_gmt":"2022-08-15T22:43:44","guid":{"rendered":"https:\/\/www.aquilaguna.com\/?p=10483"},"modified":"2022-08-15T17:43:44","modified_gmt":"2022-08-15T22:43:44","slug":"arranca-mars-ciclo-escolar-2022-2023-en-coahuila","status":"publish","type":"post","link":"https:\/\/www.aquilaguna.com\/index.php\/2022\/08\/15\/arranca-mars-ciclo-escolar-2022-2023-en-coahuila\/","title":{"rendered":"ARRANCA MARS CICLO ESCOLAR 2022-2023 EN COAHUILA."},"content":{"rendered":"\n<p>\u00b7\u00a0\u00a0\u00a0\u00a0\u00a0\u00a0<strong><em>\u00a0575 mil 648 alumnos de educaci\u00f3n b\u00e1sica regresan a las aulas de manera presencial.<\/em><\/strong><\/p>\n\n\n\n<p>\u00b7&nbsp;&nbsp;&nbsp;&nbsp;&nbsp;&nbsp;<strong><em>&nbsp;El gobernador Miguel Riquelme entreg\u00f3 paquetes de \u00fatiles escolares, zapatos y uniformes, as\u00ed como libros de texto gratuitos, a escuelas de todas las regiones.<\/em><\/strong><\/p>\n\n\n\n<p>Torre\u00f3n, Coahuila de Zaragoza; a 15 de Agosto de 2022.- Desde este municipio de La Laguna, el gobernador Miguel \u00c1ngel Riquelme Sol\u00eds arranc\u00f3 el Ciclo Escolar 2022-2023 en Coahuila, en ceremonia en donde inform\u00f3 que 575 mil 648 alumnos de educaci\u00f3n b\u00e1sica regresan a las aulas de manera presencial.<\/p>\n\n\n\n<p>De manera simult\u00e1nea, integrantes del Gabinete Legal y Ampliado de la Administraci\u00f3n Estatal, con la representaci\u00f3n del gobernador Miguel Riquelme, estuvieron en cada uno de los 37 municipios de Coahuila para dar el banderazo de arranque de este ciclo escolar.<\/p>\n\n\n\n<p>En el evento, que se llev\u00f3 a cabo en la Escuela Secundaria T\u00e9cnica #1 \u201cIdelfonso Villarello V\u00e9lez\u201d, en Torre\u00f3n, el Mandatario estatal entreg\u00f3 538 mil 985 paquetes de \u00fatiles escolares para alumnos de educaci\u00f3n b\u00e1sica de todas las regiones; 89 mil 833 paquetes de uniformes y zapatos (al cien por ciento de alumnos de escuelas rurales y urbano marginado), y 3 millones 616 mil 142 libros de texto gratuitos.<\/p>\n\n\n\n<p>De la misma manera, Riquelme Sol\u00eds facilit\u00f3 a Jes\u00fas Miguel Mart\u00ednez Lu\u00e9vano, Director del plantel en el que curs\u00f3 su educaci\u00f3n secundaria, computadoras, kits sanitizantes, restiradores y bancos.<\/p>\n\n\n\n<p>\u201cEn Coahuila, el sector educativo se dedica a dar clases, los alumnos a aprender, los empresarios a dar trabajo y los empleados a generar la mejor mano de obra del Pa\u00eds\u201d, expres\u00f3.<\/p>\n\n\n\n<p>Miguel Riquelme reconoci\u00f3 a las maestras y los maestros de esta entidad por su respaldo en el tiempo de la pandemia, y record\u00f3 que regresar a las aulas fue un gran reto.<\/p>\n\n\n\n<p>Sin embargo, expres\u00f3 a los estudiantes que ellos representan la mano de obra calificada del futuro y eso demanda toda su atenci\u00f3n.<\/p>\n\n\n\n<p>\u201cUstedes deben valorar la paz y tranquilidad de nuestra entidad, eso lo hacemos entre todos; hoy mismo vemos a otros estados que no pueden regresar a clases por la violencia que existe\u201d, coment\u00f3.<\/p>\n\n\n\n<p>Por su parte, Rafael Gonz\u00e1lez Sabido, Delegado de la Secci\u00f3n 5 del SNTE, cit\u00f3 que este inicio de ciclo escolar es in\u00e9dito tras dos a\u00f1os de pandemia por el virus Covid-19.<\/p>\n\n\n\n<p>\u201cAqu\u00ed, hace varios a\u00f1os, un joven se lo propuso y hoy es Gobernador de Coahuila, y tiene a la entidad en los mejores est\u00e1ndares del Pa\u00eds. Ocupamos el primer lugar en educaci\u00f3n y en paz social\u201d, expres\u00f3.<\/p>\n\n\n\n<p>Se\u00f1al\u00f3 que las escuelas se vuelven un entorno seguro para las y los j\u00f3venes y les pidi\u00f3 cuidar de sus planteles, de la mano con los padres de familia.<\/p>\n\n\n\n<p>En su intervenci\u00f3n, Francisco Saracho Navarro, Secretario de Educaci\u00f3n de Coahuila, comparti\u00f3 que hoy se marca un nuevo comienzo en Coahuila, tras el 19 de marzo de 2020 en que se detuvo la actividad presencial, una experiencia que era nueva para todos, pues no hab\u00eda nada escrito sobre el virus y sus efectos.<\/p>\n\n\n\n<p>Sin embargo, era necesario continuar la formaci\u00f3n acad\u00e9mica, con clases a distancia, aprovechando la tecnolog\u00eda, con la voluntad de las y los maestros de la entidad.<\/p>\n\n\n\n<p>Record\u00f3 que el gobernador Miguel Riquelme inici\u00f3 una estrategia en coordinaci\u00f3n con las Secciones Sindicales para dar hoy oportunidad al alumnado de continuar su formaci\u00f3n, pero ahora desde las aulas.<\/p>\n\n\n\n<p>Rom\u00e1n Cepeda Gonz\u00e1lez, Alcalde de Torre\u00f3n, coment\u00f3 que es un orgullo presenciar este inicio de clases, pues solamente en este municipio son m\u00e1s de 200 mil alumnas y alumnos los que regresan a las aulas.<\/p>\n\n\n\n<p>Zo\u00e9 Monserrat Gonz\u00e1lez L\u00f3pez, alumna de la Escuela Secundaria T\u00e9cnica #1 \u201cIdelfonso Villarello V\u00e9lez\u201d, agradeci\u00f3 al gobernador Miguel Riquelme por la entrega de libros de textos y \u00fatiles escolares, pues representan un gran apoyo para sus familias.<\/p>\n\n\n\n<p>\u201cHoy, nos comprometemos a poner todo lo que est\u00e9 a nuestro alcance para cumplir con los resultados esperados, en lo que se refiere a la educaci\u00f3n en M\u00e9xico.<\/p>\n\n\n\n<p>\u201cHoy nos sentimos muy contentos y agradecidos de poder regresar presencialmente a nuestras escuelas. Muchas gracias, se\u00f1or Gobernador, hoy iniciamos este a\u00f1o escolar con entusiasmo y alegr\u00eda\u201d, expres\u00f3 la alumna.<\/p>\n\n\n\n<p>En la ceremonia del inicio del Ciclo Escolar 2022-2023 estuvieron presentes, adem\u00e1s, Ver\u00f3nica Mart\u00ednez Garc\u00eda, senadora de la Rep\u00fablica; Eduardo Olmos Castro, Presidente de la Junta de Gobierno del Congreso del Estado; Xicot\u00e9ncatl de la Cruz Garc\u00eda, Secretario General de la Secci\u00f3n 38 del SNTE; Jorge Fernando Mora Garza, Secretario General de la Secci\u00f3n 35 del SNTE, y Carlos Ariel Moreira Vald\u00e9s, Secretario de Desarrollo Educativo del CEN del SNTE.<\/p>\n\n\n\n<p>As\u00ed como funcionarios estatales, municipales, personal docente y administrativo, y alumnas y alumnos de la instituci\u00f3n sede de este arranque.<\/p>\n","protected":false},"excerpt":{"rendered":"<p>\u00b7\u00a0\u00a0\u00a0\u00a0\u00a0\u00a0\u00a0575 mil 648 alumnos de educaci\u00f3n b\u00e1sica regresan a las aulas de manera presencial. \u00b7&nbsp;&nbsp;&nbsp;&nbsp;&nbsp;&nbsp;&nbsp;El gobernador Miguel Riquelme entreg\u00f3 paquetes de \u00fatiles escolares, zapatos y uniformes, as\u00ed como libros de texto gratuitos, a escuelas de todas las regiones. Torre\u00f3n, Coahuila de Zaragoza; a 15 de Agosto de 2022.- Desde este municipio de La Laguna, el gobernador Miguel \u00c1ngel Riquelme Sol\u00eds arranc\u00f3 el Ciclo Escolar 2022-2023 en Coahuila, en ceremonia en&#8230;<\/p>\n","protected":false},"author":1,"featured_media":10484,"comment_status":"closed","ping_status":"closed","sticky":false,"template":"","format":"standard","meta":{"footnotes":""},"categories":[5,9,15],"tags":[],"class_list":["post-10483","post","type-post","status-publish","format-standard","has-post-thumbnail","hentry","category-coahuila","category-educacion","category-gobierno-de-coahuila","wpcat-5-id","wpcat-9-id","wpcat-15-id"],"_links":{"self":[{"href":"https:\/\/www.aquilaguna.com\/index.php\/wp-json\/wp\/v2\/posts\/10483","targetHints":{"allow":["GET"]}}],"collection":[{"href":"https:\/\/www.aquilaguna.com\/index.php\/wp-json\/wp\/v2\/posts"}],"about":[{"href":"https:\/\/www.aquilaguna.com\/index.php\/wp-json\/wp\/v2\/types\/post"}],"author":[{"embeddable":true,"href":"https:\/\/www.aquilaguna.com\/index.php\/wp-json\/wp\/v2\/users\/1"}],"replies":[{"embeddable":true,"href":"https:\/\/www.aquilaguna.com\/index.php\/wp-json\/wp\/v2\/comments?post=10483"}],"version-history":[{"count":1,"href":"https:\/\/www.aquilaguna.com\/index.php\/wp-json\/wp\/v2\/posts\/10483\/revisions"}],"predecessor-version":[{"id":10485,"href":"https:\/\/www.aquilaguna.com\/index.php\/wp-json\/wp\/v2\/posts\/10483\/revisions\/10485"}],"wp:featuredmedia":[{"embeddable":true,"href":"https:\/\/www.aquilaguna.com\/index.php\/wp-json\/wp\/v2\/media\/10484"}],"wp:attachment":[{"href":"https:\/\/www.aquilaguna.com\/index.php\/wp-json\/wp\/v2\/media?parent=10483"}],"wp:term":[{"taxonomy":"category","embeddable":true,"href":"https:\/\/www.aquilaguna.com\/index.php\/wp-json\/wp\/v2\/categories?post=10483"},{"taxonomy":"post_tag","embeddable":true,"href":"https:\/\/www.aquilaguna.com\/index.php\/wp-json\/wp\/v2\/tags?post=10483"}],"curies":[{"name":"wp","href":"https:\/\/api.w.org\/{rel}","templated":true}]}}