{"id":10494,"date":"2022-08-15T19:36:30","date_gmt":"2022-08-16T00:36:30","guid":{"rendered":"https:\/\/www.aquilaguna.com\/?p=10494"},"modified":"2022-08-16T19:59:38","modified_gmt":"2022-08-17T00:59:38","slug":"asegura-carlos-moreira-ser-solo-una-mas-dentro-del-magisterio","status":"publish","type":"post","link":"https:\/\/www.aquilaguna.com\/index.php\/2022\/08\/15\/asegura-carlos-moreira-ser-solo-una-mas-dentro-del-magisterio\/","title":{"rendered":"Asegura Carlos Moreira ser solo uno m\u00e1s dentro del magisterio."},"content":{"rendered":"\n<p>Torre\u00f3n, Coahuila.- Asegura&nbsp; el profesor Carlos&nbsp; Moreira Valdes,&nbsp; ser solo un compa\u00f1ero mas dentro de las filas del Magisterio, nada que ver con&nbsp; liderazgo moral&nbsp; que se le imputa en tal gremio en Coahuila, por mas y que&nbsp; este d\u00eda, como es costumbre, aparezca rodeado, seguido muy de cerca, casi custodiado por&nbsp; la dirigencia sindical&nbsp; de las Secciones 5, 35 Y 38, del SNTE&nbsp; siguiendo sus pasos y atentos a sus indicaciones.&nbsp;<\/p>\n\n\n\n<p>Tal escenario&nbsp; impone pregunta sobre tiempos de reanudaci\u00f3n&nbsp; del pospuesto proceso de renovaci\u00f3n de tales dirigencias&nbsp; del Sindicato Nacional de Trabajadores de la&nbsp; Educaci\u00f3n&nbsp; tras la pausa que impuso a esta y&nbsp; otras actividades mas, la pandemia.<\/p>\n\n\n\n<p>Aclara de entrada, no ser ning\u00fan l\u00edder moral, solo&nbsp; ser, dice modesto, &#8220;un compa\u00f1ero&nbsp; mas dentro de las filas del magisterio&#8221;.<\/p>\n\n\n\n<p>Y da luego respuesta&nbsp; sobre las inquietudes&nbsp; de renovaci\u00f3n que registran las filas magisteriales de Coahuila en&nbsp; las tres Secciones sindicales&nbsp; existentes en el estado diciendo que, &#8220;tales inquietudes son v\u00e1lidas. En todo el pa\u00eds est\u00e1n haciendo los cambios&#8221;.<\/p>\n\n\n\n<p>&#8220;Hay 61 Secciones en el pa\u00eds, de esas 21 han cambiado su dirigencia, nos faltan pues dos terceras partes por cambiar&#8221;.<\/p>\n\n\n\n<p>Estas se dar\u00e1n, dijo, &#8220;en los tiempos que marquen la dirigencia nacional el Maestro Alfonso Cepeda&#8221;.<\/p>\n\n\n\n<p>&#8220;Creo que son tiempos de trabajar, trabajar y trabajar, pero es valido que todo mundo desee participar y deseamos hacerlo sin agredirnos, que lo hagamos como&nbsp; lo que somos, maestros, que lo hagamos pensando en propuestas, proyectos y cosas reales a realizar, con trabajo, sin grillas, con el af\u00e1n de que despu\u00e9s de la elecci\u00f3n, todos sigamos siendo parte de lo mismo&#8221;.<\/p>\n\n\n\n<p>Preguntado que si este final &#8220;ser\u00eda posible&#8221;, contestando que, &#8220;si , pues la gran mayor\u00eda de los maestros, eso es lo que quieren, no quieren que los vengamos a grillas, quieren que trabajemos, quieren que cumplamos nuestra responsabilidad&#8221;.<\/p>\n\n\n\n<p>La democracia, afirma, &#8220;es muy importante, pero no es solo ir a votar,&nbsp; es permitir que la gente participe, opine, critique, que se queje y que la escuchemos,&nbsp; y que nos escuche&#8221;.<\/p>\n\n\n\n<p>La democracia, prosigue, &#8220;deber\u00eda llevarnos a transformar&nbsp; el sindicato, para que el d\u00eda de ma\u00f1ana tengamos el derecho&nbsp; a la&nbsp; huelga, pues somos trabajadores al servicio del estado, pero no tenemos tal derecho&#8221;.<\/p>\n\n\n\n<p>Y en cuanto a la opini\u00f3n que le merece, las acciones reales&nbsp; o presuntas que&nbsp; realiza&nbsp; la Maestra&nbsp; Elba Esther&nbsp; Gordillo  dice, &#8220;ella &nbsp; tendr\u00e1 tambi\u00e9n derecho a participar, sigue siendo miembro del sindicato y nosotros, somos parte de una estructura nacional y respetamos el liderazgo del Maestro Alfonso Cepeda, como en su momento el profesor Cepeda y un servidor&nbsp; apoyamos a la Maestra Elba Esther, pero, ahora lo que esperamos es dejar trabajar&nbsp; al Comit\u00e9 Ejecutivo Nacional&#8221;.<\/p>\n\n\n\n<p>En cuanto a fechas potenciales para iniciar la renovaci\u00f3n de los dirigentes sindicales de la 5,&nbsp; 38 y 35,&nbsp; expreso esc\u00e9ptico, &#8220;de aqu\u00ed a diciembre, solo que no puedo decir de qu\u00e9 a\u00f1o&#8221;.<\/p>\n","protected":false},"excerpt":{"rendered":"<p>Torre\u00f3n, Coahuila.- Asegura&nbsp; el profesor Carlos&nbsp; Moreira Valdes,&nbsp; ser solo un compa\u00f1ero mas dentro de las filas del Magisterio, nada que ver con&nbsp; liderazgo moral&nbsp; que se le imputa en tal gremio en Coahuila, por mas y que&nbsp; este d\u00eda, como es costumbre, aparezca rodeado, seguido muy de cerca, casi custodiado por&nbsp; la dirigencia sindical&nbsp; de las Secciones 5, 35 Y 38, del SNTE&nbsp; siguiendo sus pasos y atentos a&#8230;<\/p>\n","protected":false},"author":2,"featured_media":0,"comment_status":"closed","ping_status":"closed","sticky":false,"template":"","format":"standard","meta":{"footnotes":""},"categories":[5,9,23],"tags":[],"class_list":["post-10494","post","type-post","status-publish","format-standard","hentry","category-coahuila","category-educacion","category-snte","wpcat-5-id","wpcat-9-id","wpcat-23-id"],"_links":{"self":[{"href":"https:\/\/www.aquilaguna.com\/index.php\/wp-json\/wp\/v2\/posts\/10494","targetHints":{"allow":["GET"]}}],"collection":[{"href":"https:\/\/www.aquilaguna.com\/index.php\/wp-json\/wp\/v2\/posts"}],"about":[{"href":"https:\/\/www.aquilaguna.com\/index.php\/wp-json\/wp\/v2\/types\/post"}],"author":[{"embeddable":true,"href":"https:\/\/www.aquilaguna.com\/index.php\/wp-json\/wp\/v2\/users\/2"}],"replies":[{"embeddable":true,"href":"https:\/\/www.aquilaguna.com\/index.php\/wp-json\/wp\/v2\/comments?post=10494"}],"version-history":[{"count":2,"href":"https:\/\/www.aquilaguna.com\/index.php\/wp-json\/wp\/v2\/posts\/10494\/revisions"}],"predecessor-version":[{"id":10520,"href":"https:\/\/www.aquilaguna.com\/index.php\/wp-json\/wp\/v2\/posts\/10494\/revisions\/10520"}],"wp:attachment":[{"href":"https:\/\/www.aquilaguna.com\/index.php\/wp-json\/wp\/v2\/media?parent=10494"}],"wp:term":[{"taxonomy":"category","embeddable":true,"href":"https:\/\/www.aquilaguna.com\/index.php\/wp-json\/wp\/v2\/categories?post=10494"},{"taxonomy":"post_tag","embeddable":true,"href":"https:\/\/www.aquilaguna.com\/index.php\/wp-json\/wp\/v2\/tags?post=10494"}],"curies":[{"name":"wp","href":"https:\/\/api.w.org\/{rel}","templated":true}]}}