{"id":10508,"date":"2022-08-16T18:11:49","date_gmt":"2022-08-16T23:11:49","guid":{"rendered":"https:\/\/www.aquilaguna.com\/?p=10508"},"modified":"2022-08-16T18:11:50","modified_gmt":"2022-08-16T23:11:50","slug":"invita-uadec-a-la-gala-folklorica-para-apoyar-al-grupo-de-ballet-folklorico-rumbo-al-18-campeonato-mundial-fidaf-brasil-2022","status":"publish","type":"post","link":"https:\/\/www.aquilaguna.com\/index.php\/2022\/08\/16\/invita-uadec-a-la-gala-folklorica-para-apoyar-al-grupo-de-ballet-folklorico-rumbo-al-18-campeonato-mundial-fidaf-brasil-2022\/","title":{"rendered":"Invita UAdeC a la \u201cGala Folkl\u00f3rica\u201d para Apoyar al Grupo de Ballet Folkl\u00f3rico Rumbo al 18 Campeonato Mundial FIDAF Brasil 2022."},"content":{"rendered":"\n<p>SALTILLO, Coahuila. 16 de agosto de 2022.- La Universidad Aut\u00f3noma de<br>Coahuila a trav\u00e9s de la Coordinaci\u00f3n General de Difusi\u00f3n y Patrimonio Cultural y<br>su grupo representativo de Ballet Folkl\u00f3rico, invitan a la comunidad universitaria y<br>p\u00fablico en general a la \u201cGala Folkl\u00f3rica\u201d, la cual se llevar\u00e1 a cabo este mi\u00e9rcoles<br>17 de agosto de 2022 a las 19:30 horas en el Teatro de la Ciudad Fernando Soler.<\/p>\n\n\n\n<p>El evento se realiza con motivo del abanderamiento y despedida de la agrupaci\u00f3n<br>por su pr\u00f3xima participaci\u00f3n en la d\u00e9cimo octava edici\u00f3n del Campeonato Mundial<br>FIDAF Brasil 2022, el cual es considerado como una de las competencias de<br>danza folkl\u00f3rica m\u00e1s grande y con m\u00e1s renombre en el mundo y que se celebrar\u00e1<br>del 7 al 11 de septiembre, con la participaci\u00f3n de pa\u00edses como Espa\u00f1a, Grecia,<br>Per\u00fa, Tailandia, Polonia, Letonia y Martinica.<\/p>\n\n\n\n<p>La cooperaci\u00f3n para asistir a la gala es de $100.00 pesos en preventa, los boletos<br>se pueden adquirir en las oficinas de la Coordinaci\u00f3n General de Difusi\u00f3n y<br>Patrimonio Cultural que se ubican en el edificio \u201cF\u201d en Unidad Camporredondo y el<br>d\u00eda del evento el costo es de $120.00 pesos, las entradas pueden adquirirse a<br>partir de las 16:00 horas.<\/p>\n\n\n\n<p>El grupo de Ballet Folkl\u00f3rico de la UAdeC, est\u00e1 integrado por universitarios de<br>distintas, escuelas, facultades e institutos de la m\u00e1xima casa de estudios, se<br>caracteriza por prepararse arduamente para sus presentaciones, detr\u00e1s de las<br>cuales existe un trabajo integral que se desarrolla a trav\u00e9s de clases estructuradas<br>que constan de tres fases: acondicionamiento f\u00edsico, clase t\u00e9cnica y ejecuci\u00f3n de<br>bailes y danzas.<\/p>\n","protected":false},"excerpt":{"rendered":"<p>SALTILLO, Coahuila. 16 de agosto de 2022.- La Universidad Aut\u00f3noma deCoahuila a trav\u00e9s de la Coordinaci\u00f3n General de Difusi\u00f3n y Patrimonio Cultural ysu grupo representativo de Ballet Folkl\u00f3rico, invitan a la comunidad universitaria yp\u00fablico en general a la \u201cGala Folkl\u00f3rica\u201d, la cual se llevar\u00e1 a cabo este mi\u00e9rcoles17 de agosto de 2022 a las 19:30 horas en el Teatro de la Ciudad Fernando Soler. El evento se realiza con motivo&#8230;<\/p>\n","protected":false},"author":1,"featured_media":10509,"comment_status":"closed","ping_status":"closed","sticky":false,"template":"","format":"standard","meta":{"footnotes":""},"categories":[2],"tags":[],"class_list":["post-10508","post","type-post","status-publish","format-standard","has-post-thumbnail","hentry","category-uadec","wpcat-2-id"],"_links":{"self":[{"href":"https:\/\/www.aquilaguna.com\/index.php\/wp-json\/wp\/v2\/posts\/10508","targetHints":{"allow":["GET"]}}],"collection":[{"href":"https:\/\/www.aquilaguna.com\/index.php\/wp-json\/wp\/v2\/posts"}],"about":[{"href":"https:\/\/www.aquilaguna.com\/index.php\/wp-json\/wp\/v2\/types\/post"}],"author":[{"embeddable":true,"href":"https:\/\/www.aquilaguna.com\/index.php\/wp-json\/wp\/v2\/users\/1"}],"replies":[{"embeddable":true,"href":"https:\/\/www.aquilaguna.com\/index.php\/wp-json\/wp\/v2\/comments?post=10508"}],"version-history":[{"count":1,"href":"https:\/\/www.aquilaguna.com\/index.php\/wp-json\/wp\/v2\/posts\/10508\/revisions"}],"predecessor-version":[{"id":10510,"href":"https:\/\/www.aquilaguna.com\/index.php\/wp-json\/wp\/v2\/posts\/10508\/revisions\/10510"}],"wp:featuredmedia":[{"embeddable":true,"href":"https:\/\/www.aquilaguna.com\/index.php\/wp-json\/wp\/v2\/media\/10509"}],"wp:attachment":[{"href":"https:\/\/www.aquilaguna.com\/index.php\/wp-json\/wp\/v2\/media?parent=10508"}],"wp:term":[{"taxonomy":"category","embeddable":true,"href":"https:\/\/www.aquilaguna.com\/index.php\/wp-json\/wp\/v2\/categories?post=10508"},{"taxonomy":"post_tag","embeddable":true,"href":"https:\/\/www.aquilaguna.com\/index.php\/wp-json\/wp\/v2\/tags?post=10508"}],"curies":[{"name":"wp","href":"https:\/\/api.w.org\/{rel}","templated":true}]}}