{"id":10567,"date":"2022-08-18T23:27:25","date_gmt":"2022-08-19T04:27:25","guid":{"rendered":"https:\/\/www.aquilaguna.com\/?p=10567"},"modified":"2022-08-18T23:27:25","modified_gmt":"2022-08-19T04:27:25","slug":"diputado-federal-shamir-fernandez-renuncia-al-pri","status":"publish","type":"post","link":"https:\/\/www.aquilaguna.com\/index.php\/2022\/08\/18\/diputado-federal-shamir-fernandez-renuncia-al-pri\/","title":{"rendered":"Diputado federal Shamir Fern\u00e1ndez, renuncia al PRI."},"content":{"rendered":"\n<p>Torre\u00f3n, Coahuila.-\u00a0 A\u00a0 trav\u00e9s de v\u00eddeo &#8220;subido&#8221; a Youtube, este mediod\u00eda, los laguneros\u00a0 conocieron de la renuncia que a la militancia del Partido Revolucionario Institucional y\u00a0 su\u00a0 consecuente separaci\u00f3n de la bancada del tricolor\u00a0 en la C\u00e1mara de Diputados, el Licenciado Shamir Fern\u00e1ndez Hern\u00e1ndez\u00a0 dio por terminada su pertenencia a las filas\u00a0 del\u00a0 organismo\u00a0 partidista en el\u00a0 donde milit\u00f3 mas de 20 a\u00f1os y bajo cuyas siglas alcanz\u00f3 diversos\u00a0 cargos p\u00fablicos y puestos de\u00a0 representaci\u00f3n popular, como es el que hoy ocupa como diputado federal por el VI Distrito Electoral de Coahuila.\u00a0<\/p>\n\n\n\n<p>La decisi\u00f3n del legislador \u00a0 tras\u00a0 informar que como\u00a0 tal forma parte de la Comisi\u00f3n de Recursos Hidr\u00e1ulicos, Comisi\u00f3n de las Zonas Metropolitanas de Agua\u00a0 Potable y Saneamiento, as\u00ed como de Seguridad Ciudadana, y que\u00a0 la convocatoria emitida para presidir una rueda de prensa, &#8220;es la de dar a conocer a la opini\u00f3n p\u00fablica mi renuncia al Partido Revolucionario Institucional&#8221;.<\/p>\n\n\n\n<p>&#8220;Estoy plenamente convencido de que la pol\u00edtica es un instrumento para servir, y por ello tom\u00e9 la decisi\u00f3n de dedicar mi vida a esto, motivo porque los Principios e ideales del Partido eran los mejores&#8221;.<\/p>\n\n\n\n<p>&#8220;Durante mas de 25 a\u00f1os constru\u00ed, mi historia con el PRI, siendo un militante aguerrido, comprometido y muy institucional, siempre\u00a0 defendiendo en todo momento\u00a0 las nobles causas, sus\u00a0 principios\u00a0 y valores.\u00a0<\/p>\n\n\n\n<p>El Revolucionario Institucional, sigui\u00f3 diciendo, &#8220;es un partido que hoy se ha desviado de sus ideales, principios y valores, con los cuales yo me identifiqu\u00e9 y dediqu\u00e9 con pasi\u00f3n, mi vida&#8221;.<\/p>\n\n\n\n<p>&#8220;En este momento no comparto las decisiones de la dirigencia nacional y el rumbo que est\u00e1n tomando, pues siempre interponen los intereses personal\u00edsimos de unos cuantos sobre el inter\u00e9s colectivo de su militancia, que es la mayor riqueza del priismo, cometiendo el grave error de dejar de escuchar a las voces reales de los liderazgos quienes exigen un verdadero cambio para dirigir los esfuerzos de regresar a las bases, ser autocr\u00edticos y dejar de lado las improvisaciones que han provocado el divisionismo interno, pero sobre todo la p\u00e9rdida de la confianza de los ciudadanos&#8221;.\u00a0<\/p>\n\n\n\n<p>&#8220;Es por eso, que un acto de congruencia\u00a0 con los principios y valores que me inspiraron a participar en la pol\u00edtica, he tomado la decisi\u00f3n de presentar mi renuncia de modo irrevocable como militante del PRI y\u00a0 por ende\u00a0 al\u00a0 Grupo Parlamentario al que pertenezco en la C\u00e1mara de Diputados&#8221;.<\/p>\n\n\n\n<p>&#8220;Considero que con la actual dirigencia nacional hemos perdido la oportunidad de\u00a0 re-inventarnos\u00a0 como un Instituto pol\u00edtico en un momento de transformaciones sociales que requiere el pa\u00eds&#8221;.<\/p>\n\n\n\n<p>&#8220;Est\u00e1 respondiendo mas a esc\u00e1ndalos personales, que buscando al construcci\u00f3n de un nuevo proyecto social que atienda las necesidades de hoy en nuestro pa\u00eds&#8221;.<\/p>\n\n\n\n<p>&#8220;Quiero comentar que durante mi desarrollo y trayectoria pol\u00edtica he basado mi desempe\u00f1o en la firme defensa de la democracia y respecto estricto de la voluntad popular&#8221;.<\/p>\n\n\n\n<p>&#8220;He sido leal a mis convicciones y por ello, \u00e9sta decisi\u00f3n que asumo con toda la responsabilidad que implica. No omito mencionar que la presente renuncia la asumo con la satisfacci\u00f3n y tranquilidad de haber realizado una labor honesta, en donde entregu\u00e9 mis mejores y mayores esfuerzos en todas y cada una de las tareas partidarias que me fueron asignadas, aportando adem\u00e1s, toda mi entrega, pasi\u00f3n dedicaci\u00f3n y experiencia, as\u00ed como absoluto compromiso en los diversos cargos p\u00fablicos, pero especialmente en los de representaci\u00f3n popular en los cuales ejerc\u00ed en\u00a0 todo momento, con un alto sentido del deber y sobre todo de justicia social, siempre con el objetivo de contribuir a combatir la desigualdad social, la\u00a0 exclusi\u00f3n y marginaci\u00f3n en Torre\u00f3n, en Coahuila y en M\u00e9xico&#8221;.<\/p>\n","protected":false},"excerpt":{"rendered":"<p>Torre\u00f3n, Coahuila.-\u00a0 A\u00a0 trav\u00e9s de v\u00eddeo &#8220;subido&#8221; a Youtube, este mediod\u00eda, los laguneros\u00a0 conocieron de la renuncia que a la militancia del Partido Revolucionario Institucional y\u00a0 su\u00a0 consecuente separaci\u00f3n de la bancada del tricolor\u00a0 en la C\u00e1mara de Diputados, el Licenciado Shamir Fern\u00e1ndez Hern\u00e1ndez\u00a0 dio por terminada su pertenencia a las filas\u00a0 del\u00a0 organismo\u00a0 partidista en el\u00a0 donde milit\u00f3 mas de 20 a\u00f1os y bajo cuyas siglas alcanz\u00f3 diversos\u00a0 cargos&#8230;<\/p>\n","protected":false},"author":2,"featured_media":0,"comment_status":"closed","ping_status":"","sticky":false,"template":"","format":"standard","meta":{"footnotes":""},"categories":[5,66,16,7],"tags":[],"class_list":["post-10567","post","type-post","status-publish","format-standard","hentry","category-coahuila","category-diputados","category-pri","category-torreon","wpcat-5-id","wpcat-66-id","wpcat-16-id","wpcat-7-id"],"_links":{"self":[{"href":"https:\/\/www.aquilaguna.com\/index.php\/wp-json\/wp\/v2\/posts\/10567","targetHints":{"allow":["GET"]}}],"collection":[{"href":"https:\/\/www.aquilaguna.com\/index.php\/wp-json\/wp\/v2\/posts"}],"about":[{"href":"https:\/\/www.aquilaguna.com\/index.php\/wp-json\/wp\/v2\/types\/post"}],"author":[{"embeddable":true,"href":"https:\/\/www.aquilaguna.com\/index.php\/wp-json\/wp\/v2\/users\/2"}],"replies":[{"embeddable":true,"href":"https:\/\/www.aquilaguna.com\/index.php\/wp-json\/wp\/v2\/comments?post=10567"}],"version-history":[{"count":1,"href":"https:\/\/www.aquilaguna.com\/index.php\/wp-json\/wp\/v2\/posts\/10567\/revisions"}],"predecessor-version":[{"id":10568,"href":"https:\/\/www.aquilaguna.com\/index.php\/wp-json\/wp\/v2\/posts\/10567\/revisions\/10568"}],"wp:attachment":[{"href":"https:\/\/www.aquilaguna.com\/index.php\/wp-json\/wp\/v2\/media?parent=10567"}],"wp:term":[{"taxonomy":"category","embeddable":true,"href":"https:\/\/www.aquilaguna.com\/index.php\/wp-json\/wp\/v2\/categories?post=10567"},{"taxonomy":"post_tag","embeddable":true,"href":"https:\/\/www.aquilaguna.com\/index.php\/wp-json\/wp\/v2\/tags?post=10567"}],"curies":[{"name":"wp","href":"https:\/\/api.w.org\/{rel}","templated":true}]}}