{"id":1058,"date":"2021-03-18T23:17:12","date_gmt":"2021-03-19T05:17:12","guid":{"rendered":"https:\/\/www.aquilaguna.com\/?p=1058"},"modified":"2021-03-18T23:17:12","modified_gmt":"2021-03-19T05:17:12","slug":"ocv-torreon-tiene-nueva-dirigencia","status":"publish","type":"post","link":"https:\/\/www.aquilaguna.com\/index.php\/2021\/03\/18\/ocv-torreon-tiene-nueva-dirigencia\/","title":{"rendered":"OCV Torre\u00f3n tiene nueva dirigencia."},"content":{"rendered":"\n<p>\u00a0Torre\u00f3n, Coahuila.- La Oficina de Convenciones y Visitantes -OCV- , en la Laguna, cuenta a partir de anoche, con nueva dirigencia que sucede al licenciado Jos\u00e9 Alberto Bitar,\u00a0 y que hoy\u00a0 encabezan como Presidente, el empresario hotelero\u00a0 El\u00edas Sifuentes P\u00e9rez y como Vice presidenta\u00a0 la\u00a0 Licenciada Priscila Zambrano Bello, \u00a0 tras contienda  en la que se privilegi\u00f3 la unidad del gremio por encima de otros\u00a0 elementos de cara a seguir\u00a0 promoviendo como punto de destino a esta regi\u00f3n.<\/p>\n\n\n\n<p>Lo anterior fue dado a conocer este d\u00eda por el presidente saliente del organismo, licenciado Bitar Mena\u00a0, creado\u00a0 en 1998 y quien indic\u00f3 que\u00a0 en la asamblea eleccionaria se cont\u00f3 con\u00a0 qu\u00f3rum de\u00a0 54 de los 56 socios activos del organismo citado, as\u00ed como de la Asociaci\u00f3n de Hoteles de la Laguna\u00a0 y que tuvo lugar en la sede social\u00a0 de la misma.<\/p>\n\n\n\n<p>Expreso que,\u00a0&#8221; en esta asamblea, a la que los hoy presidente y vice presidencia llegaron como aspirantes a dirigirla con sendas planillas\u00a0 constru\u00eddas \u00a0 previamente,\u00a0 ambos optaron por unir fuerzas y alcanzar una sola\u00a0 que \u00a0 resulte ser una direcci\u00f3n fortalecida por la unidad, salvando\u00a0 cualquier diferencia en pos de los objetivos \u00faltimos de la\u00a0 OCV, seg\u00fan demandan los tiempos que Torre\u00f3n&#8221;.<\/p>\n\n\n\n<p>Expreso el\u00a0 licenciado Mena Bitar que ,\u00a0&#8221;en \u00e9sta asamblea se cont\u00f3 con la presencia de autoridades del Gobierno de Coahuila, as\u00ed como del municipio\u00a0 y anoche mismo se tomo la protesta correspondiente  a\u00a0 los nuevos\u00a0 dirigentes&#8221;.<\/p>\n\n\n\n<p>El Licenciado Mena Bitar extendi\u00f3\u00a0sus agradecimiento a los Medios de Comunicaci\u00f3n,\u00a0 &#8221;que\u00a0 d\u00eda a d\u00eda, han venido sum\u00e1ndose a contribu\u00edr en la difusi\u00f3n de la regi\u00f3n, como punto de destino para quienes participan en Convenciones\u00a0 o v bien llegan a la ciudad, como visitantes,\u00a0 acci\u00f3n que seguir\u00e1n fomentando para superar los impactos que la pandemia ha generado en estas y resto de actividades econ\u00f3micas con motivo de la pandemia&#8221;.<\/p>\n","protected":false},"excerpt":{"rendered":"<p>\u00a0Torre\u00f3n, Coahuila.- La Oficina de Convenciones y Visitantes -OCV- , en la Laguna, cuenta a partir de anoche, con nueva dirigencia que sucede al licenciado Jos\u00e9 Alberto Bitar,\u00a0 y que hoy\u00a0 encabezan como Presidente, el empresario hotelero\u00a0 El\u00edas Sifuentes P\u00e9rez y como Vice presidenta\u00a0 la\u00a0 Licenciada Priscila Zambrano Bello, \u00a0 tras contienda en la que se privilegi\u00f3 la unidad del gremio por encima de otros\u00a0 elementos de cara a seguir\u00a0&#8230;<\/p>\n","protected":false},"author":2,"featured_media":0,"comment_status":"closed","ping_status":"","sticky":false,"template":"","format":"standard","meta":{"footnotes":""},"categories":[5,15,7,34],"tags":[],"class_list":["post-1058","post","type-post","status-publish","format-standard","hentry","category-coahuila","category-gobierno-de-coahuila","category-torreon","category-turismo","wpcat-5-id","wpcat-15-id","wpcat-7-id","wpcat-34-id"],"_links":{"self":[{"href":"https:\/\/www.aquilaguna.com\/index.php\/wp-json\/wp\/v2\/posts\/1058","targetHints":{"allow":["GET"]}}],"collection":[{"href":"https:\/\/www.aquilaguna.com\/index.php\/wp-json\/wp\/v2\/posts"}],"about":[{"href":"https:\/\/www.aquilaguna.com\/index.php\/wp-json\/wp\/v2\/types\/post"}],"author":[{"embeddable":true,"href":"https:\/\/www.aquilaguna.com\/index.php\/wp-json\/wp\/v2\/users\/2"}],"replies":[{"embeddable":true,"href":"https:\/\/www.aquilaguna.com\/index.php\/wp-json\/wp\/v2\/comments?post=1058"}],"version-history":[{"count":1,"href":"https:\/\/www.aquilaguna.com\/index.php\/wp-json\/wp\/v2\/posts\/1058\/revisions"}],"predecessor-version":[{"id":1059,"href":"https:\/\/www.aquilaguna.com\/index.php\/wp-json\/wp\/v2\/posts\/1058\/revisions\/1059"}],"wp:attachment":[{"href":"https:\/\/www.aquilaguna.com\/index.php\/wp-json\/wp\/v2\/media?parent=1058"}],"wp:term":[{"taxonomy":"category","embeddable":true,"href":"https:\/\/www.aquilaguna.com\/index.php\/wp-json\/wp\/v2\/categories?post=1058"},{"taxonomy":"post_tag","embeddable":true,"href":"https:\/\/www.aquilaguna.com\/index.php\/wp-json\/wp\/v2\/tags?post=1058"}],"curies":[{"name":"wp","href":"https:\/\/api.w.org\/{rel}","templated":true}]}}