{"id":10592,"date":"2022-08-21T19:23:11","date_gmt":"2022-08-22T00:23:11","guid":{"rendered":"https:\/\/www.aquilaguna.com\/?p=10592"},"modified":"2022-08-21T19:23:11","modified_gmt":"2022-08-22T00:23:11","slug":"en-coahuila-cuidamos-a-nuestros-adultos-mayores-manolo","status":"publish","type":"post","link":"https:\/\/www.aquilaguna.com\/index.php\/2022\/08\/21\/en-coahuila-cuidamos-a-nuestros-adultos-mayores-manolo\/","title":{"rendered":"EN COAHUILA CUIDAMOS A NUESTROS ADULTOS MAYORES: MANOLO."},"content":{"rendered":"\n<p>\u00b7\u00a0\u00a0\u00a0\u00a0\u00a0\u00a0<strong><em>Entregan aparatos ortop\u00e9dicos en Francisco I. Madero<\/em><\/strong><\/p>\n\n\n\n<p>Francisco I. Madero, Coahuila, a 21 de agosto de 2022.- Gracias al trabajo coordinado entre secretar\u00edas y al liderazgo del gobernador Miguel \u00c1ngel Riquelme, los Secretarios de Desarrollo Social y Salud, Manolo Jim\u00e9nez y Roberto Bernal entregaron a trav\u00e9s del Programa Mejora aparatos ortop\u00e9dicos a adultos mayores del municipio de Francisco I. Madero.<\/p>\n\n\n\n<p>El funcionario estatal destac\u00f3 que trabajando en sinergia con la Secretar\u00eda de Salud, en el programa \u201cMejora Coahuila\u201d, se avanza positivamente en&nbsp; los indicadores de bienestar de las familias de todo el estado.<\/p>\n\n\n\n<p>Indic\u00f3 que tan s\u00f3lo este a\u00f1o, han sido entregados&nbsp; 642 aparatos funcionales como sillas de ruedas, muletas, bastones, andaderas, entre otros, cambiando de forma significativa la calidad de vida de la poblaci\u00f3n coahuilense que m\u00e1s lo necesita.<\/p>\n\n\n\n<p>\u201cHoy estamos aqu\u00ed entregando aparatos ortop\u00e9dicos; hace unos d\u00edas, el Gobernador estaba quit\u00e1ndole el parche a un adulto mayor que hab\u00eda sido la operaci\u00f3n n\u00famero mil de cataratas; hace dos semanas logramos entregar m\u00e1s de mil aparatos auditivos, m\u00e1s de 500 placas dentales. Si no trabaj\u00e1ramos en equipo como lo estamos haciendo,&nbsp; hubi\u00e9ramos logrado s\u00f3lo una cuarta parte. Por eso quiero resaltar el trabajo que se ha hecho liderado por el gobernador Miguel Riquelme\u201d, resalt\u00f3.<\/p>\n\n\n\n<p>De este trabajo coordinado, destac\u00f3 la labor que realizan los coordinadores de \u201cMejora Coahuila\u201d, ya que es de suma importancia que las personas que realmente necesitan, reciban el beneficio. \u201cEs buscar a la gente, preguntar en las colonias, en los barrios y en los ejidos, quien ocupa una silla de ruedas, un bast\u00f3n, una andadera\u201d, afirm\u00f3.<\/p>\n\n\n\n<p>En este sentido, el Secretario de Salud en el Estado, Roberto Bernal G\u00f3mez, inform\u00f3 que los recorridos para encontrar a aquellos que necesiten de procedimientos o aparatos que mejoren su calidad de vida, seguir\u00e1n ofreci\u00e9ndose dentro del programa \u201cCambiando Vidas\u201d, hasta encontrar a los&nbsp; beneficiarios.<\/p>\n\n\n\n<p>&nbsp;\u201cSeguir\u00e1n las jornadas hist\u00f3ricas de operaciones gratuitas como la que tuvimos para intervenir a 100 ni\u00f1os con malformaciones, que no se pudo repetir porque en Coahuila, ya no hay peque\u00f1os con esta condici\u00f3n\u201d.<\/p>\n\n\n\n<p>\u201cEste es uno de los programas m\u00e1s nobles y m\u00e1s bonitos. Aqu\u00ed llegaremos tambi\u00e9n en pr\u00f3ximos d\u00edas, con nuestras caravanas para detecci\u00f3n de C\u00e1ncer de Mama y Cervicouterino, as\u00ed como con pl\u00e1ticas de prevenci\u00f3n de embarazos adolescentes\u201d&nbsp; detall\u00f3.<\/p>\n\n\n\n<p>Por su parte, Sergio S\u00e1nchez Hern\u00e1ndez, beneficiario que recibi\u00f3 un bast\u00f3n, explic\u00f3 que a ra\u00edz de un accidente, perdi\u00f3 la movilidad en sus piernas, por lo que este aparato le ayudar\u00e1 con su desplazamiento, mismo que ha recuperado poco a poco.<\/p>\n\n\n\n<p>En este evento, tambi\u00e9n estuvieron presentes,&nbsp; David Flores Lavenant, representante del Gobernador Miguel Riquelme en la regi\u00f3n Laguna; Javier&nbsp; Sa\u00fal Gonz\u00e1lez Amador, S\u00edndico del Ayuntamiento de Francisco I. Madero; Ra\u00fal Onofre Contreras, Diputado Local; Edna D\u00e1valos, Diputada Local; Latiffe Burciaga Neme, Directora General del Patronato&nbsp; de la Beneficencia P\u00fablica Coahuila; Mar\u00eda Roc\u00edo Quiroz Flores, titular de la Jurisdicci\u00f3n Sanitaria N\u00famero VII; Gabriel Elizondo P\u00e9rez, Subsecretario de Bienestar Social; Antonio Guti\u00e9rrez Rodr\u00edguez, Subsecretario Enlace Mejora con Secretar\u00eda de Gobierno y beneficiarios del programa.<\/p>\n","protected":false},"excerpt":{"rendered":"<p>\u00b7\u00a0\u00a0\u00a0\u00a0\u00a0\u00a0Entregan aparatos ortop\u00e9dicos en Francisco I. Madero Francisco I. Madero, Coahuila, a 21 de agosto de 2022.- Gracias al trabajo coordinado entre secretar\u00edas y al liderazgo del gobernador Miguel \u00c1ngel Riquelme, los Secretarios de Desarrollo Social y Salud, Manolo Jim\u00e9nez y Roberto Bernal entregaron a trav\u00e9s del Programa Mejora aparatos ortop\u00e9dicos a adultos mayores del municipio de Francisco I. Madero. El funcionario estatal destac\u00f3 que trabajando en sinergia con la&#8230;<\/p>\n","protected":false},"author":1,"featured_media":10593,"comment_status":"closed","ping_status":"closed","sticky":false,"template":"","format":"standard","meta":{"footnotes":""},"categories":[5,15],"tags":[],"class_list":["post-10592","post","type-post","status-publish","format-standard","has-post-thumbnail","hentry","category-coahuila","category-gobierno-de-coahuila","wpcat-5-id","wpcat-15-id"],"_links":{"self":[{"href":"https:\/\/www.aquilaguna.com\/index.php\/wp-json\/wp\/v2\/posts\/10592","targetHints":{"allow":["GET"]}}],"collection":[{"href":"https:\/\/www.aquilaguna.com\/index.php\/wp-json\/wp\/v2\/posts"}],"about":[{"href":"https:\/\/www.aquilaguna.com\/index.php\/wp-json\/wp\/v2\/types\/post"}],"author":[{"embeddable":true,"href":"https:\/\/www.aquilaguna.com\/index.php\/wp-json\/wp\/v2\/users\/1"}],"replies":[{"embeddable":true,"href":"https:\/\/www.aquilaguna.com\/index.php\/wp-json\/wp\/v2\/comments?post=10592"}],"version-history":[{"count":1,"href":"https:\/\/www.aquilaguna.com\/index.php\/wp-json\/wp\/v2\/posts\/10592\/revisions"}],"predecessor-version":[{"id":10594,"href":"https:\/\/www.aquilaguna.com\/index.php\/wp-json\/wp\/v2\/posts\/10592\/revisions\/10594"}],"wp:featuredmedia":[{"embeddable":true,"href":"https:\/\/www.aquilaguna.com\/index.php\/wp-json\/wp\/v2\/media\/10593"}],"wp:attachment":[{"href":"https:\/\/www.aquilaguna.com\/index.php\/wp-json\/wp\/v2\/media?parent=10592"}],"wp:term":[{"taxonomy":"category","embeddable":true,"href":"https:\/\/www.aquilaguna.com\/index.php\/wp-json\/wp\/v2\/categories?post=10592"},{"taxonomy":"post_tag","embeddable":true,"href":"https:\/\/www.aquilaguna.com\/index.php\/wp-json\/wp\/v2\/tags?post=10592"}],"curies":[{"name":"wp","href":"https:\/\/api.w.org\/{rel}","templated":true}]}}