{"id":10598,"date":"2022-08-21T19:36:32","date_gmt":"2022-08-22T00:36:32","guid":{"rendered":"https:\/\/www.aquilaguna.com\/?p=10598"},"modified":"2022-08-21T19:36:32","modified_gmt":"2022-08-22T00:36:32","slug":"aqui-laguna-157","status":"publish","type":"post","link":"https:\/\/www.aquilaguna.com\/index.php\/2022\/08\/21\/aqui-laguna-157\/","title":{"rendered":"Aqu\u00ed Laguna."},"content":{"rendered":"\n<p>\u00a148 horas!\u00a0 Tan breve lapso de tiempo\u00a0 fue el que pudo sostener\u00a0 como &#8220;diputado independiente&#8221;, el\u00a0 legislador federal coahuilense por el VI Distrito Electoral, Shamir Fern\u00e1ndez\u00a0 Hern\u00e1ndez\u00a0 lagunero para colmo,\u00a0 tras dar a conocer, desde la capital del pa\u00eds, la renuncia a su militancia\u00a0 en las filas del Partido Revolucionario\u00a0 Institucional, organismo partidista que como dijo el Gobernador\u00a0 Miguel Angel Riquelme Solis\u00a0 como breve epitafio\u00a0 del tal suicido pol\u00edtico\u00a0 &#8220;le di\u00f3 todo&#8221;, es decir, tres veces \u00a0 una diputaci\u00f3n local, una mas\u00a0 como federal, cargos administrativos y adem\u00e1s, cual cereza del pastel su\u00a0 Fiat de Notario P\u00fablico\u00a0 ya que a primera hora de este mismo \u00a0 domingo, cobijado con la larga sombra que cobija a su padrino en esta acci\u00f3n,\u00a0 nuestro polic\u00eda chino \u00a0 Ricardo Mej\u00eda Verdeja,\u00a0 dando a conocer que ya\u00a0 el citado diputado federal, es\u00a0 miembro de MORENA.<\/p>\n\n\n\n<p>Sin duda desde hace semanas ya en Coahuila, y al interior de las filas del PRI,\u00a0 se viven &#8220;tiempos de canallas&#8221;, bajo la persuaci\u00f3n que ejercen sobre sus figuras claves, no solo\u00a0 su dirigencia a representaci\u00f3n popular, tambi\u00e9n sobre \u00a0 cuadros mas\u00a0 modestos y eficaces, como son los coordinadores de sector y mas aun sobre las lideresas que conforman\u00a0 el ejercito\u00a0 de base,\u00a0 poniendo a prueba a diario, la fortaleza de tal militancia, en tiempos\u00a0 como es el de las cuesti\u00f3n gubernamental en puerta, siembre\u00a0 l\u00f3gica incertidumbre,\u00a0 por la expectativas de futuro que estos generan, los tiempos que corren son pues delicados para &#8220;figuras&#8221;\u00a0 del tricolor, pero mas aun\u00a0 para la base priista tradicional,\u00a0 convertida en\u00a0 la deseada cantera para algunos organismos partidistas \u00a0 desde donde pretenden abastecer sus ca\u00f3ticas \u00a0 filas\u00a0 que tienen\u00a0 como base aut\u00e9ntico\u00a0 cascajo\u00a0 pol\u00edtico.<\/p>\n\n\n\n<p>Por ahora al diputado Shamir Fern\u00e1ndez,\u00a0 se suma a\u00a0 personajes como\u00a0 el Licenciado \u00a0 Jorge Luis Mor\u00e1n,\u00a0 necesitado, muy necesitado de cobertura pol\u00edtica que le asegure\u00a0 impunidad, que\u00a0 le permitiera\u00a0 como hasta hoy \u00a0 no solo sobrevivir, sino sobresalir en el espinoso terreno que hoy pisa, sobre todo, si en alguna Comisi\u00f3n de la Verdad, surge\u00a0 por ah\u00ed y\u00a0 toca el tema de fincar\u00a0 pospuestas responsabilidades \u00a0 sobre\u00a0 los sucesos registrados en el CERESO de Piedras Negras\u00a0 precisamente cuando fung\u00eda\u00a0 como Subsecretario de Seguridad P\u00fablica en el\u00a0 Estado. Duros los tiempos que corren sobre las siglas del PRI en el escenario nacional, que hacen mas complejo aun, los que esta ya enfrentando en Coahuila\u00a0 bajo innegable clima de traici\u00f3n\u00a0 que esta\u00a0 probando\u00a0 sus\u00a0 fortalezas\u00a0 no solo las que aportan principios y valores, sino disciplina, persistencia, con la que se\u00a0 ha convertido en un basti\u00f3n\u00a0 \u00fanico en el pa\u00eds\u00a0 \u00a0 debe decirse, ello no es resultado de casualidad alguna, sino de sostenido trabajo\u00a0 a cargo de su actual dirigencia estatal, y otras muchas mas en los municipios bajo la acci\u00f3n coordinada de los mandos al frente, en especial el que corre por cuenta del Ingeniero Rodrigo Fuentes Avila y que tienen como fortaleza las calificaciones que alcanza el Gobierno de Miguel Angel Riquelme.<\/p>\n\n\n\n<p>Por cierto, notable la aun breve ausencia de escenarios p\u00fablicos este fin de semana, de parte del alcalde Rom\u00e1n Alberto Cepeda Gonz\u00e1lez, y con ello \u00a0 la posibilidad\u00a0 de obtener de su parte, alg\u00fan comentario en torno de la fuga\u00a0 que\u00a0 Shamir Fern\u00e1ndez\u00a0 escenific\u00f3\u00a0 hacia el futuro. Al alcalde torreonense \u00a0 le corre ya\u00a0 con mayor velocidad\u00a0 el tiempo para sumirse o sumarse a la filas en torno\u00a0 del aspirante\u00a0 Manolo Jim\u00e9nez\u00a0 mejor perfilado como prospecto del PRI al\u00a0 Gobierno de Coahuila \u00a0 y que seg\u00fan depare tambi\u00e9n la ya concretada alianza partidista en marcha. Conforme se enrarece el clima sucesorio se hace mas que necesario que cesen ya\u00a0 las presiones que se ejercen para cambiar el curso y\u00a0 al puntero de la sucesi\u00f3n mencionada. De seguir por tal via, nuestro alcalde\u00a0 estar\u00e1 en tal persistencia\u00a0 se estar\u00e1n\u00a0 generando\u00a0 consecuencias aun no estimadas, tales\u00a0 afanes, con todo y el derecho que se esgrima\u00a0 para ello\u00a0ser\u00e1n los torreonenses\u00a0 y el priismo todo quienes est\u00e9n pagando los platos rotos,\u00a0 amen el quiebre que en las relaciones personales se generen, y que guardando toda proporci\u00f3n\u00a0 como los que ya hoy mismo\u00a0 registran los mas de 30 amigos y recomendados de Shamir Fern\u00e1ndez\u00a0 en la n\u00f3mina&#8230;<\/p>\n\n\n\n<p>Crimen de Estado, as\u00ed calific\u00f3 Alejandro Encinas el terrible caso de la desaparici\u00f3n\u00a0 \u00a0 de\u00a0 43 \u00a0 j\u00f3venes y modestos\u00a0 estudiantes de la Normal Rural Isidro\u00a0 Burgos, en el Estado de Guerrero \u00a0 por el cual se han emitido 83 \u00f3rdenes de aprehensi\u00f3n \u00a0 en contra de hoy ex funcionarios y algunos funcionarios en ejercicio del \u00e1mbito federal, estatal y municipal, pero mas aun de miembros del ej\u00e9rcito, de los cuales uno, desaparecido la misma noche tr\u00e1gica en Iguala\u00a0 se encontraba infiltrado entre los estudiantes, para realizar\u00a0 funciones de espionaje. Tambi\u00e9n\u00a0 se confirm\u00f3 que\u00a0 la causa de la masacre\u00a0 tuvo como eje el transporte oculto en los camiones que los\u00a0 estudiantes secuestraron y que ignoraban tal carga. Ocho a\u00f1os\u00a0ya del hecho que marc\u00f3 el inicio del fin del Sexenio de Enrique Pe\u00f1a Nieto, y que hoy, hoy se ve para\u00a0 mostrar \u00a0 figuras ic\u00f3nicas de tal sexenio, como es el caso del hoy detenido y sujeto a proceso\u00a0 del ex Fiscal Murillo Karam, hecho que arroja tambi\u00e9n no solo sombra, sino certezas de que en ello estuvo involucrado el ejercito,\u00a0 mandos y no solo tropa, tema que cobra especial relevancia ahora, cuando se nos anticipa a los mexicanos, que\u00a0 a partir del 15 de septiembre pr\u00f3ximo la famosa Guardia Civil se subsume al mando militar, y con ello termina la falacia que\u00a0 hoy es es un cuerpo\u00a0 civil. Llama en verdad la atenci\u00f3n que en este tema, guarden mas que discreto silencio, no solo las dirigencias de los partidos pol\u00edticos, que\u00a0 se dicen &#8220;de oposici\u00f3n&#8221;, sino de las organizaciones civiles que en el pasado dieron luchas en verdad significativa\u00a0 en contra de medidas\u00a0 que violaban no solo\u00a0 marcos constitucionales\u00a0 expresos, sino causas sociales,\u00a0 consideradas perdidas y por ello mismo vigentes. Tal condici\u00f3n\u00a0 bien se concrete v\u00eda\u00a0 modificaci\u00f3n constitucional o\u00a0 Decreto, su contenido\u00a0 tocar\u00e1 de manera muy importante, no solo para\u00a0 la presente generaci\u00f3n, sino\u00a0 quiz\u00e1s hasta las pr\u00f3ximas de no revocar tal decisi\u00f3n, revelando de paso, el fracaso\u00a0 en la estrategia vigente del actual r\u00e9gimen federal\u00a0 en materia de seguridad Publica&#8230;<\/p>\n\n\n\n<p>Tres d\u00edas destinar\u00e1 la Secretar\u00eda de Educaci\u00f3n P\u00fablica para analizar\u00a0 el tama\u00f1o que\u00a0 registra la tem\u00e1tica a dar salida\u00a0 entre los\u00a0 ni\u00f1os y j\u00f3venes que han reanudado estudios presenciales, ininterrumpidos cerca de dos a\u00f1os por la\u00a0 aun persistente pandemia de Covid-19 y los da\u00f1os no son del orden acad\u00e9mico o\u00a0 de infraestructura que este deja, sino los de car\u00e1cter emocional\u00a0 que registran quienes inician los primeros grados de cada etapa a mencionada y que seg\u00fan conocedores, son muchos y variables, que van a implicar \u00a0 herramientas\u00a0 especiales, para subsanar \u00a0 en algunos casos rezagos y en todos\u00a0 francamente da\u00f1os\u00a0 en las\u00a0 indispensables tarea de socializaci\u00f3n que debieron haber agotados los menores y j\u00f3venes al inicios de sus estudios. En fin se espera que se tenga \u00e9xito, y que el magisterio olvide, como debe de ser, por alg\u00fan tiempo\u00a0 destinar lo mejor de su tiempo en las\u00a0 pr\u00f3ximas actividades pol\u00edticas en el que se ver\u00e1n involucrados\u00a0 con los procesos de renovaci\u00f3n de sus dirigencias sindicales\u00a0 que hab\u00edan venido retras\u00e1ndose por la \u00a0 pandemia&#8230;<\/p>\n\n\n\n<p>Y Felicite Usted a la\u00a0 dirigencia de la Universidad Aut\u00f3noma de Coahuila, que en Torre\u00f3n puso en marcha, una nueva\u00a0 licenciatura, destinada a satisfacer de profesionales\u00a0 de la gastronom\u00eda y el turismo las demandas que la sociedad presenta en estas tareas. Con ello en la zona lagunera la vanguardia en el tema educaci\u00f3n permanece.\u00a0 En tanto en la Universidad Aut\u00f3noma Agraria se trabaja en las primeras acciones relacionadas con la celebraci\u00f3n de su primer centenario, tarea en las que tambi\u00e9n el Plantel Laguna, sum\u00e1ndose para que se alcance el \u00e9xito esperado\u00a0 el equipo \u00a0 de profesionales del ramo \u00a0 que encabeza al coordinador\u00a0 regional de esa instituci\u00f3n en la comarca, Maestro en Ciencias V\u00edctor Mart\u00ednez Cueto.<\/p>\n","protected":false},"excerpt":{"rendered":"<p>\u00a148 horas!\u00a0 Tan breve lapso de tiempo\u00a0 fue el que pudo sostener\u00a0 como &#8220;diputado independiente&#8221;, el\u00a0 legislador federal coahuilense por el VI Distrito Electoral, Shamir Fern\u00e1ndez\u00a0 Hern\u00e1ndez\u00a0 lagunero para colmo,\u00a0 tras dar a conocer, desde la capital del pa\u00eds, la renuncia a su militancia\u00a0 en las filas del Partido Revolucionario\u00a0 Institucional, organismo partidista que como dijo el Gobernador\u00a0 Miguel Angel Riquelme Solis\u00a0 como breve epitafio\u00a0 del tal suicido pol\u00edtico\u00a0 &#8220;le&#8230;<\/p>\n","protected":false},"author":2,"featured_media":0,"comment_status":"closed","ping_status":"","sticky":false,"template":"","format":"standard","meta":{"footnotes":""},"categories":[8],"tags":[],"class_list":["post-10598","post","type-post","status-publish","format-standard","hentry","category-aqui-laguna","wpcat-8-id"],"_links":{"self":[{"href":"https:\/\/www.aquilaguna.com\/index.php\/wp-json\/wp\/v2\/posts\/10598","targetHints":{"allow":["GET"]}}],"collection":[{"href":"https:\/\/www.aquilaguna.com\/index.php\/wp-json\/wp\/v2\/posts"}],"about":[{"href":"https:\/\/www.aquilaguna.com\/index.php\/wp-json\/wp\/v2\/types\/post"}],"author":[{"embeddable":true,"href":"https:\/\/www.aquilaguna.com\/index.php\/wp-json\/wp\/v2\/users\/2"}],"replies":[{"embeddable":true,"href":"https:\/\/www.aquilaguna.com\/index.php\/wp-json\/wp\/v2\/comments?post=10598"}],"version-history":[{"count":1,"href":"https:\/\/www.aquilaguna.com\/index.php\/wp-json\/wp\/v2\/posts\/10598\/revisions"}],"predecessor-version":[{"id":10599,"href":"https:\/\/www.aquilaguna.com\/index.php\/wp-json\/wp\/v2\/posts\/10598\/revisions\/10599"}],"wp:attachment":[{"href":"https:\/\/www.aquilaguna.com\/index.php\/wp-json\/wp\/v2\/media?parent=10598"}],"wp:term":[{"taxonomy":"category","embeddable":true,"href":"https:\/\/www.aquilaguna.com\/index.php\/wp-json\/wp\/v2\/categories?post=10598"},{"taxonomy":"post_tag","embeddable":true,"href":"https:\/\/www.aquilaguna.com\/index.php\/wp-json\/wp\/v2\/tags?post=10598"}],"curies":[{"name":"wp","href":"https:\/\/api.w.org\/{rel}","templated":true}]}}