{"id":10627,"date":"2022-08-22T20:43:34","date_gmt":"2022-08-23T01:43:34","guid":{"rendered":"https:\/\/www.aquilaguna.com\/?p=10627"},"modified":"2022-08-22T20:43:34","modified_gmt":"2022-08-23T01:43:34","slug":"gobernador-ve-fuerte-a-bancada-priista-en-congreso-federal","status":"publish","type":"post","link":"https:\/\/www.aquilaguna.com\/index.php\/2022\/08\/22\/gobernador-ve-fuerte-a-bancada-priista-en-congreso-federal\/","title":{"rendered":"Gobernador ve fuerte a bancada priista en Congreso Federal."},"content":{"rendered":"\n<p>Torre\u00f3n, Coahuila.- Afirma el Gobernador de Coahuila que la bancada\u00a0 de\u00a0 legisladores federales \u00a0 que registra el Partido Revolucionario Institucional,\u00a0 tiene\u00a0 un numero suficiente para seguir siendo, &#8220;una\u00a0 bisagra&#8221;, al interior del Congreso.\u00a0<\/p>\n\n\n\n<p>Hoy, indic\u00f3 que, &#8220;estuve con los Diputados\u00a0 de mi\u00a0 Partido,\u00a0 los v\u00ed con el \u00e1nimo de seguir apoyando lo que es bueno para el pa\u00eds y desechando lo que no conviene M\u00e9xico. Esas fueron las intervenciones y yo estoy muy complacido de que al menos el rechazo a la reforma el\u00e9ctrica, uno de los principales beneficiarios haya sido nuestro Estado, Coahuila&#8221;.<\/p>\n\n\n\n<p>Indic\u00f3 que\u00a0 con ello, &#8220;se rescataron inversiones, unas mas se ahuyentaron, simplemente con la presentaci\u00f3n de la misma, otras mas decidieron\u00a0 invertir en otros\u00a0 pa\u00edses, pero al menos las que tenemos en Coahuila\u00a0 no se nos retiro ni una sola, gracias al rechazo de\u00a0 nuestros diputados a la reforma el\u00e9ctrica&#8221;.<\/p>\n\n\n\n<p>Dijo luego que, &#8220;la verdad en el tema de la militarizaci\u00f3n a la Guardia Nacional, Coahuila le tiene un gran respeto al Ej\u00e9rcito mexicano, y le tiene toda la confianza&#8221;.<\/p>\n\n\n\n<p>Agreg\u00f3 que, &#8220;jur\u00eddicamente no es lo correcto, mucho menos de como se present\u00f3 la Guardia Nacional en su momento, pero ah\u00ed yo no har\u00eda mucho \u00e9nfasis; Coahuila tiene una gran relaci\u00f3n con el Ejercito&#8221;.<\/p>\n\n\n\n<p>Pero enseguida afirm\u00f3, &#8220;pero en lo electoral s\u00ed. Hoy quieren desaparecer pr\u00e1cticamente\u00a0 las instituciones, apoderarse de ellas y s\u00ed\u00a0 habr\u00eda un riesgo de que la ultima elecci\u00f3n que pueda darse de manera imparcial, fuera la del 2024, con las garant\u00edas de tener todav\u00eda un tribunal neutral y un INE todav\u00eda con convicciones&#8221;.<\/p>\n\n\n\n<p>Por ende, resumi\u00f3\u00a0 su explicaci\u00f3n, &#8220;creo que la reforma electoral s\u00ed merece la atenci\u00f3n de todos los partidos y pues a la bancada priista yo la veo sana, ya adem\u00e1s con los n\u00fameros adecuados&#8221;.<\/p>\n\n\n\n<p>Afirm\u00f3 luego haber hecho ya su comentario, &#8220;en el tema que nos ocupa que es la renuncia del Licenciado Shamir Fern\u00e1ndez al PRI\u00a0 y hasta ah\u00ed. Y a lo que sigue&#8221;.<\/p>\n\n\n\n<p>&#8220;No llega a mas mi comentario&#8221;.<\/p>\n","protected":false},"excerpt":{"rendered":"<p>Torre\u00f3n, Coahuila.- Afirma el Gobernador de Coahuila que la bancada\u00a0 de\u00a0 legisladores federales \u00a0 que registra el Partido Revolucionario Institucional,\u00a0 tiene\u00a0 un numero suficiente para seguir siendo, &#8220;una\u00a0 bisagra&#8221;, al interior del Congreso.\u00a0 Hoy, indic\u00f3 que, &#8220;estuve con los Diputados\u00a0 de mi\u00a0 Partido,\u00a0 los v\u00ed con el \u00e1nimo de seguir apoyando lo que es bueno para el pa\u00eds y desechando lo que no conviene M\u00e9xico. Esas fueron las intervenciones y&#8230;<\/p>\n","protected":false},"author":2,"featured_media":0,"comment_status":"closed","ping_status":"","sticky":false,"template":"","format":"standard","meta":{"footnotes":""},"categories":[5,66,16],"tags":[],"class_list":["post-10627","post","type-post","status-publish","format-standard","hentry","category-coahuila","category-diputados","category-pri","wpcat-5-id","wpcat-66-id","wpcat-16-id"],"_links":{"self":[{"href":"https:\/\/www.aquilaguna.com\/index.php\/wp-json\/wp\/v2\/posts\/10627","targetHints":{"allow":["GET"]}}],"collection":[{"href":"https:\/\/www.aquilaguna.com\/index.php\/wp-json\/wp\/v2\/posts"}],"about":[{"href":"https:\/\/www.aquilaguna.com\/index.php\/wp-json\/wp\/v2\/types\/post"}],"author":[{"embeddable":true,"href":"https:\/\/www.aquilaguna.com\/index.php\/wp-json\/wp\/v2\/users\/2"}],"replies":[{"embeddable":true,"href":"https:\/\/www.aquilaguna.com\/index.php\/wp-json\/wp\/v2\/comments?post=10627"}],"version-history":[{"count":1,"href":"https:\/\/www.aquilaguna.com\/index.php\/wp-json\/wp\/v2\/posts\/10627\/revisions"}],"predecessor-version":[{"id":10628,"href":"https:\/\/www.aquilaguna.com\/index.php\/wp-json\/wp\/v2\/posts\/10627\/revisions\/10628"}],"wp:attachment":[{"href":"https:\/\/www.aquilaguna.com\/index.php\/wp-json\/wp\/v2\/media?parent=10627"}],"wp:term":[{"taxonomy":"category","embeddable":true,"href":"https:\/\/www.aquilaguna.com\/index.php\/wp-json\/wp\/v2\/categories?post=10627"},{"taxonomy":"post_tag","embeddable":true,"href":"https:\/\/www.aquilaguna.com\/index.php\/wp-json\/wp\/v2\/tags?post=10627"}],"curies":[{"name":"wp","href":"https:\/\/api.w.org\/{rel}","templated":true}]}}