{"id":10710,"date":"2022-08-26T16:45:10","date_gmt":"2022-08-26T21:45:10","guid":{"rendered":"https:\/\/www.aquilaguna.com\/?p=10710"},"modified":"2022-08-26T16:45:10","modified_gmt":"2022-08-26T21:45:10","slug":"invita-facultad-de-jurisprudencia-de-la-uadec-a-la-jornada-gratuita-juris-te-orienta","status":"publish","type":"post","link":"https:\/\/www.aquilaguna.com\/index.php\/2022\/08\/26\/invita-facultad-de-jurisprudencia-de-la-uadec-a-la-jornada-gratuita-juris-te-orienta\/","title":{"rendered":"Invita Facultad de Jurisprudencia de la UAdeC a la Jornada Gratuita \u201cJuris te Orienta\u201d."},"content":{"rendered":"\n<p>SALTILLO, Coahuila. 26 de agosto de 2022.- La Facultad de Jurisprudencia de la<br>Universidad Aut\u00f3noma de Coahuila, convoca a la comunidad universitaria y<br>p\u00fablico en general a asistir a la jornada gratuita \u201cJuris te Orienta\u201d, que se llevar\u00e1 a<br>cabo este s\u00e1bado 27 de agosto de 2022 de 10:00 a 13:00 horas.<\/p>\n\n\n\n<p>La actividad se desarrollar\u00e1 en la explanada de la Facultad que se ubica en<br>Bulevar Venustiano Carranza s\/n. Col. Rep\u00fablica Oriente, en donde se ofrecer\u00e1n<br>asesor\u00edas legales gratuitas a la ciudadan\u00eda sobre asuntos relacionados con<br>materia penal, mercantil, fiscal y civil.<\/p>\n\n\n\n<p>Durante el evento, se contar\u00e1 con la participaci\u00f3n de personal del Poder Judicial<br>de Coahuila, Instituto Coahuilense de las Mujeres, Facultad de Psicolog\u00eda de la<br>UAdeC, Servicio Estatal del Empleo, Secretar\u00eda de Seguridad P\u00fablica, Secretar\u00eda<br>de Vivienda y Ordenamiento Territorial, entre otros.<\/p>\n\n\n\n<p>Para m\u00e1s informaci\u00f3n llamar al tel\u00e9fono (844) 416 8616, escribir v\u00eda WhatsApp al<br>(844) 175 15 46 o visitar la p\u00e1gina de Facebook Facultad de Jurisprudencia<br>UAdeC Oficial @facdejuris.uadec.<\/p>\n\n\n\n<p>Con las jornadas de orientaci\u00f3n legal social, la Facultad de Jurisprudencia de la<br>Universidad Aut\u00f3noma de Coahuila busca apoyar a aquellos que pasan por alguna<br>situaci\u00f3n legal y que requieren de asesor\u00eda, por lo que si tienes alg\u00fan caso en<br>particular que desees atender no dejes de asistir.<\/p>\n","protected":false},"excerpt":{"rendered":"<p>SALTILLO, Coahuila. 26 de agosto de 2022.- La Facultad de Jurisprudencia de laUniversidad Aut\u00f3noma de Coahuila, convoca a la comunidad universitaria yp\u00fablico en general a asistir a la jornada gratuita \u201cJuris te Orienta\u201d, que se llevar\u00e1 acabo este s\u00e1bado 27 de agosto de 2022 de 10:00 a 13:00 horas. La actividad se desarrollar\u00e1 en la explanada de la Facultad que se ubica enBulevar Venustiano Carranza s\/n. Col. Rep\u00fablica Oriente, en&#8230;<\/p>\n","protected":false},"author":1,"featured_media":10711,"comment_status":"closed","ping_status":"closed","sticky":false,"template":"","format":"standard","meta":{"footnotes":""},"categories":[2],"tags":[],"class_list":["post-10710","post","type-post","status-publish","format-standard","has-post-thumbnail","hentry","category-uadec","wpcat-2-id"],"_links":{"self":[{"href":"https:\/\/www.aquilaguna.com\/index.php\/wp-json\/wp\/v2\/posts\/10710","targetHints":{"allow":["GET"]}}],"collection":[{"href":"https:\/\/www.aquilaguna.com\/index.php\/wp-json\/wp\/v2\/posts"}],"about":[{"href":"https:\/\/www.aquilaguna.com\/index.php\/wp-json\/wp\/v2\/types\/post"}],"author":[{"embeddable":true,"href":"https:\/\/www.aquilaguna.com\/index.php\/wp-json\/wp\/v2\/users\/1"}],"replies":[{"embeddable":true,"href":"https:\/\/www.aquilaguna.com\/index.php\/wp-json\/wp\/v2\/comments?post=10710"}],"version-history":[{"count":1,"href":"https:\/\/www.aquilaguna.com\/index.php\/wp-json\/wp\/v2\/posts\/10710\/revisions"}],"predecessor-version":[{"id":10712,"href":"https:\/\/www.aquilaguna.com\/index.php\/wp-json\/wp\/v2\/posts\/10710\/revisions\/10712"}],"wp:featuredmedia":[{"embeddable":true,"href":"https:\/\/www.aquilaguna.com\/index.php\/wp-json\/wp\/v2\/media\/10711"}],"wp:attachment":[{"href":"https:\/\/www.aquilaguna.com\/index.php\/wp-json\/wp\/v2\/media?parent=10710"}],"wp:term":[{"taxonomy":"category","embeddable":true,"href":"https:\/\/www.aquilaguna.com\/index.php\/wp-json\/wp\/v2\/categories?post=10710"},{"taxonomy":"post_tag","embeddable":true,"href":"https:\/\/www.aquilaguna.com\/index.php\/wp-json\/wp\/v2\/tags?post=10710"}],"curies":[{"name":"wp","href":"https:\/\/api.w.org\/{rel}","templated":true}]}}