{"id":1073,"date":"2021-03-19T17:11:48","date_gmt":"2021-03-19T23:11:48","guid":{"rendered":"https:\/\/www.aquilaguna.com\/?p=1073"},"modified":"2021-03-19T17:11:49","modified_gmt":"2021-03-19T23:11:49","slug":"gppan-dara-la-batalla-para-defender-derecho-a-la-salud-y-a-las-energias-limpias","status":"publish","type":"post","link":"https:\/\/www.aquilaguna.com\/index.php\/2021\/03\/19\/gppan-dara-la-batalla-para-defender-derecho-a-la-salud-y-a-las-energias-limpias\/","title":{"rendered":"GPPAN DAR\u00c1 LA BATALLA PARA DEFENDER DERECHO A LA SALUD Y A LAS ENERG\u00cdAS LIMPIAS."},"content":{"rendered":"\n<p><strong>Suspensi\u00f3n definitiva a ley el\u00e9ctrica molest\u00f3 al Presidente, por eso arrecia ataques desde la ma\u00f1anera<\/strong><\/p>\n\n\n\n<p><strong>Tema el\u00e9ctrico ser\u00e1 usado electoralmente para dividir a la sociedad; ya no es el\u00e9ctrico, es pol\u00edtico<\/strong><\/p>\n\n\n\n<p><strong>Amago a instituciones, jueces y empresas demuestra el talante autoritario del Presidente<\/strong><\/p>\n\n\n\n<p>Al confirmar que la pr\u00f3xima semana presentar\u00e1n ante la Suprema Corte de Justicia de la Naci\u00f3n una acci\u00f3n de inconstitucional en contra de la reforma en materia el\u00e9ctrica enviada por el Presidente y aprobada por Morena, el Grupo Parlamentario del PAN asegur\u00f3 que dar\u00e1 la batalla legal para defender el derecho de los mexicanos a la salud, al medio ambiente y a energ\u00eda barata y limpia.<\/p>\n\n\n\n<p>Asimismo, reconocieron a los jueces y juezas que han emitido fallos en contra de la entrada en vigor de las reformas en materia el\u00e9ctrica quienes, dijeron, han aguantado todo tipo de presiones, y aseguraron que estos han sido apegados a derecho.<\/p>\n\n\n\n<p>En conferencia de prensa virtual, la senadora X\u00f3chitl G\u00e1lvez Ruiz y los senadores Julen Rementer\u00eda del Puerto y Gustavo Madero Mu\u00f1oz calificaron de \u201cgravedad extrema\u201d lo que est\u00e1 pasando en el pa\u00eds con este tema y rechazaron ataques desde la ma\u00f1anera a las instituciones, jueces y empresas porque ponen en peligro el Estado de Derecho y la divisi\u00f3n de Poderes.<\/p>\n\n\n\n<p>\u201cInsistimos, daremos la batalla por todos los mecanismos legales posibles para defender los derechos a la salud y al medio ambiente de las familias mexicanas. Vamos a dar la batalla por una industria que garantice electricidad barata y limpia. Por un ambiente favorable al crecimiento econ\u00f3mico, en donde se respeten las leyes y la libre competencia\u201d, se\u00f1alaron.<\/p>\n\n\n\n<p>Los legisladores panistas insistieron en que las reformas aprobadas violan la constituci\u00f3n y en ello se han fundamentado la decisi\u00f3n de los jueces de otorgar suspensiones provisionales por la afectaci\u00f3n a particulares.<\/p>\n\n\n\n<p>Nos encontramos, dijeron, frente a una serie de acciones muy graves que se han dado alrededor de la pol\u00edtica energ\u00e9tica impulsada por el gobierno de Morena y que se sintetizan en dos visiones: los que est\u00e1n a favor del medio ambiente, la salud, la energ\u00eda barata y limpia, de la legalidad, la certeza a la inversi\u00f3n y la competencia econ\u00f3mica y, por el otro, Morena y sus seguidores incondicionales, que le apuestan a la energ\u00eda cara, sucia, da\u00f1ina, a la ilegalidad, al rompimiento de acuerdos, a la desconfianza a la inversi\u00f3n, al pasado.<\/p>\n\n\n\n<p>Asimismo, alertaron por las pruebas preocupantes de autoritarismo y de rasgos dictatoriales que ha mostrado el Gobierno y calificaron de inadmisible en una democracia como la mexicana que se atente contra la divisi\u00f3n de poderes.<\/p>\n\n\n\n<p>\u201cLa amenaza del Presidente a los jueces que han actuado en imparcialidad, aplicando la ley como es su deber, no es propia de un l\u00edder democr\u00e1tico. La orden del ejecutivo hacia el poder legislativo exigiendo que no se le cambie una coma a su iniciativa solo se ve en reg\u00edmenes totalitarios y no debiera tener cabida en nuestro pa\u00eds\u201d, criticaron.<\/p>\n\n\n\n<p>Recordaron que es facultad del Presidente proponer cambios a la Constituci\u00f3n, pero tambi\u00e9n es facultad y deber de los legisladores aprobarlos o rechazarlos en funci\u00f3n del beneficio o perjuicio para las y los mexicanos.<\/p>\n\n\n\n<p>\u201cSobre la iniciativa de reforma a la Constituci\u00f3n del Presidente no adelantaremos juicios hasta no conocerla. Simplemente subrayamos que las y los senadores del Acci\u00f3n Nacional vigilaremos que sus propuestas de modificaci\u00f3n no disminuyan el suministro o aumenten el precio de la electricidad y mucho menos que da\u00f1en el medio ambiente y la salud de las y los mexicanos. En su momento la Suprema Corte de Justicia de la Naci\u00f3n deber\u00e1 defender el esp\u00edritu constitucional\u201d, sostuvieron.<\/p>\n\n\n\n<p>Adem\u00e1s, se\u00f1alaron que la iniciativa de Morena para bloquear juicios de amparos que afecten algunos de sus proyectos legislativos, entre ellos cambios que impulsar\u00edan o beneficiar\u00edan a Petr\u00f3leos Mexicanos y la Comisi\u00f3n Federal de Electricidad, es un intento descarado de acabar con cualquier mecanismo de defensa ante acciones abusivas del Gobierno.<\/p>\n","protected":false},"excerpt":{"rendered":"<p>Suspensi\u00f3n definitiva a ley el\u00e9ctrica molest\u00f3 al Presidente, por eso arrecia ataques desde la ma\u00f1anera Tema el\u00e9ctrico ser\u00e1 usado electoralmente para dividir a la sociedad; ya no es el\u00e9ctrico, es pol\u00edtico Amago a instituciones, jueces y empresas demuestra el talante autoritario del Presidente Al confirmar que la pr\u00f3xima semana presentar\u00e1n ante la Suprema Corte de Justicia de la Naci\u00f3n una acci\u00f3n de inconstitucional en contra de la reforma en materia&#8230;<\/p>\n","protected":false},"author":1,"featured_media":0,"comment_status":"closed","ping_status":"closed","sticky":false,"template":"","format":"standard","meta":{"footnotes":""},"categories":[20,17],"tags":[],"class_list":["post-1073","post","type-post","status-publish","format-standard","hentry","category-campanas","category-pan","wpcat-20-id","wpcat-17-id"],"_links":{"self":[{"href":"https:\/\/www.aquilaguna.com\/index.php\/wp-json\/wp\/v2\/posts\/1073","targetHints":{"allow":["GET"]}}],"collection":[{"href":"https:\/\/www.aquilaguna.com\/index.php\/wp-json\/wp\/v2\/posts"}],"about":[{"href":"https:\/\/www.aquilaguna.com\/index.php\/wp-json\/wp\/v2\/types\/post"}],"author":[{"embeddable":true,"href":"https:\/\/www.aquilaguna.com\/index.php\/wp-json\/wp\/v2\/users\/1"}],"replies":[{"embeddable":true,"href":"https:\/\/www.aquilaguna.com\/index.php\/wp-json\/wp\/v2\/comments?post=1073"}],"version-history":[{"count":1,"href":"https:\/\/www.aquilaguna.com\/index.php\/wp-json\/wp\/v2\/posts\/1073\/revisions"}],"predecessor-version":[{"id":1074,"href":"https:\/\/www.aquilaguna.com\/index.php\/wp-json\/wp\/v2\/posts\/1073\/revisions\/1074"}],"wp:attachment":[{"href":"https:\/\/www.aquilaguna.com\/index.php\/wp-json\/wp\/v2\/media?parent=1073"}],"wp:term":[{"taxonomy":"category","embeddable":true,"href":"https:\/\/www.aquilaguna.com\/index.php\/wp-json\/wp\/v2\/categories?post=1073"},{"taxonomy":"post_tag","embeddable":true,"href":"https:\/\/www.aquilaguna.com\/index.php\/wp-json\/wp\/v2\/tags?post=1073"}],"curies":[{"name":"wp","href":"https:\/\/api.w.org\/{rel}","templated":true}]}}