{"id":10754,"date":"2022-08-29T19:30:54","date_gmt":"2022-08-30T00:30:54","guid":{"rendered":"https:\/\/www.aquilaguna.com\/?p=10754"},"modified":"2022-08-29T19:30:55","modified_gmt":"2022-08-30T00:30:55","slug":"unete-a-la-red-de-atencion-inmediata-para-atender-a-victimas-de-violaciones-de-derechos-humanos","status":"publish","type":"post","link":"https:\/\/www.aquilaguna.com\/index.php\/2022\/08\/29\/unete-a-la-red-de-atencion-inmediata-para-atender-a-victimas-de-violaciones-de-derechos-humanos\/","title":{"rendered":"\u00danete a la Red de Atenci\u00f3n Inmediata para Atender a V\u00edctimas de Violaciones de Derechos Humanos."},"content":{"rendered":"\n<p>SALTILLO, Coahuila. 29 de agosto de 2022.- La Defensor\u00eda de los Derechos<br>Humanos Universitarios de la Universidad Aut\u00f3noma de Coahuila, convoca a los<br>estudiantes de bachillerato y licenciatura de las unidades Saltillo, Torre\u00f3n y Norte,<br>a formar parte de la Red de Atenci\u00f3n Inmediata.<\/p>\n\n\n\n<p>El objetivo es formar una red estudiantil de atenci\u00f3n inmediata, la cual pueda<br>brindar atenci\u00f3n personalizada a todas y todos aquellos universitarios que hayan<br>sido v\u00edctimas de violaciones a sus derechos humanos.<\/p>\n\n\n\n<p>Los interesados deber\u00e1n de cubrir los siguientes requisitos: contar con habilidades<br>de comunicaci\u00f3n y escucha activa, tener actitud de servicio, ser alumno<br>acad\u00e9micamente regular, exponer el motivo por el cual desea participar, matr\u00edcula<br>y correo institucional.<\/p>\n\n\n\n<p>os alumnos que formen parte de la Red de Atenci\u00f3n Inmediata tendr\u00e1n como<br>parte de sus obligaciones tomar cursos de capacitaci\u00f3n ofertados por la misma<br>Red Central, dirigirse con respeto y empat\u00eda y tratar con confidencialidad los<br>asuntos que se atiendan.<\/p>\n\n\n\n<p>La Defensor\u00eda de los Derechos Humanos Universitarios entregar\u00e1 a los<br>integrantes constancia de participaci\u00f3n, as\u00ed mismo obtendr\u00e1n: crecimiento<br>personal, desarrollo de habilidades de comunicaci\u00f3n y liderazgo, fortalecimiento<br>de responsabilidades con la comunidad universitaria, sentido de pertenencia y<br>empat\u00eda.<\/p>\n\n\n\n<p>Para inscribirse los alumnos interesados escribir al correo electr\u00f3nico<br>defensoria@uadec.edu.mx antes del 21 de septiembre de 2022, incluir en el<br>mensaje nombre completo, escuela o facultad de procedencia, matr\u00edcula y los<br>motivos por los que le interesa participar; para m\u00e1s informaci\u00f3n llamar al tel\u00e9fono<br>(844) 438 1503.<\/p>\n","protected":false},"excerpt":{"rendered":"<p>SALTILLO, Coahuila. 29 de agosto de 2022.- La Defensor\u00eda de los DerechosHumanos Universitarios de la Universidad Aut\u00f3noma de Coahuila, convoca a losestudiantes de bachillerato y licenciatura de las unidades Saltillo, Torre\u00f3n y Norte,a formar parte de la Red de Atenci\u00f3n Inmediata. El objetivo es formar una red estudiantil de atenci\u00f3n inmediata, la cual puedabrindar atenci\u00f3n personalizada a todas y todos aquellos universitarios que hayansido v\u00edctimas de violaciones a sus derechos&#8230;<\/p>\n","protected":false},"author":1,"featured_media":10755,"comment_status":"closed","ping_status":"closed","sticky":false,"template":"","format":"standard","meta":{"footnotes":""},"categories":[38,2],"tags":[],"class_list":["post-10754","post","type-post","status-publish","format-standard","has-post-thumbnail","hentry","category-derechos-humanos","category-uadec","wpcat-38-id","wpcat-2-id"],"_links":{"self":[{"href":"https:\/\/www.aquilaguna.com\/index.php\/wp-json\/wp\/v2\/posts\/10754","targetHints":{"allow":["GET"]}}],"collection":[{"href":"https:\/\/www.aquilaguna.com\/index.php\/wp-json\/wp\/v2\/posts"}],"about":[{"href":"https:\/\/www.aquilaguna.com\/index.php\/wp-json\/wp\/v2\/types\/post"}],"author":[{"embeddable":true,"href":"https:\/\/www.aquilaguna.com\/index.php\/wp-json\/wp\/v2\/users\/1"}],"replies":[{"embeddable":true,"href":"https:\/\/www.aquilaguna.com\/index.php\/wp-json\/wp\/v2\/comments?post=10754"}],"version-history":[{"count":1,"href":"https:\/\/www.aquilaguna.com\/index.php\/wp-json\/wp\/v2\/posts\/10754\/revisions"}],"predecessor-version":[{"id":10756,"href":"https:\/\/www.aquilaguna.com\/index.php\/wp-json\/wp\/v2\/posts\/10754\/revisions\/10756"}],"wp:featuredmedia":[{"embeddable":true,"href":"https:\/\/www.aquilaguna.com\/index.php\/wp-json\/wp\/v2\/media\/10755"}],"wp:attachment":[{"href":"https:\/\/www.aquilaguna.com\/index.php\/wp-json\/wp\/v2\/media?parent=10754"}],"wp:term":[{"taxonomy":"category","embeddable":true,"href":"https:\/\/www.aquilaguna.com\/index.php\/wp-json\/wp\/v2\/categories?post=10754"},{"taxonomy":"post_tag","embeddable":true,"href":"https:\/\/www.aquilaguna.com\/index.php\/wp-json\/wp\/v2\/tags?post=10754"}],"curies":[{"name":"wp","href":"https:\/\/api.w.org\/{rel}","templated":true}]}}