{"id":10763,"date":"2022-08-29T19:46:45","date_gmt":"2022-08-30T00:46:45","guid":{"rendered":"https:\/\/www.aquilaguna.com\/?p=10763"},"modified":"2022-08-29T19:47:27","modified_gmt":"2022-08-30T00:47:27","slug":"visita-torreon-embajador-de-italia-en-mexico","status":"publish","type":"post","link":"https:\/\/www.aquilaguna.com\/index.php\/2022\/08\/29\/visita-torreon-embajador-de-italia-en-mexico\/","title":{"rendered":"Embajador de Italia en M\u00e9xico visita Torre\u00f3n."},"content":{"rendered":"\n<p>Torre\u00f3n, Coahuila.- El alcalde&nbsp; Rom\u00e1n Alberto Cepeda Gonz\u00e1lez,&nbsp; seguramente formar\u00e1 parte de la comitiva que habr\u00e1 de encabezar el Gobernador Miguel Angel Riquelme Solis a Italia, una vez que se consum\u00f3&nbsp; visita del embajador de este pa\u00eds a esta ciudad, este mismo d\u00eda.<\/p>\n\n\n\n<p>El alcalde,&nbsp; expres\u00f3 que,&nbsp; &#8220;\u00e9sta relaci\u00f3n es singularmente significativa, pues abarca el \u00e1mbito cultural,&nbsp; econ\u00f3mico y la cadena de valor del sector agropecuario,&nbsp; en lo particular lo que nos ocupa en la Laguna, en especial&nbsp; de Coahuila y que son important\u00edsimas &nbsp; en t\u00e9rminos de consumo de car\u00e1cter internacional, como es el tomate, etc&#8221;.<\/p>\n\n\n\n<p>Tales temas, record\u00f3, &#8220;lo platicamos en mi visita a la Embajada&nbsp; de&nbsp; hace algunos meses y hoy se ratifica en esta visita a Torre\u00f3n. En esa gira se visitaron tambi\u00e9n las Embajadas ubicadas en la capital del pa\u00eds, de Espa\u00f1a, de la Uni\u00f3n Europea&nbsp; y seguiremos en contacto&#8221;.<\/p>\n\n\n\n<p>&#8220;En ella ratificamos tales puntos,&nbsp; sostuvimos y seguiremos en reuniones en una buena colaboraci\u00f3n, y es muy&nbsp; posible que ya forme parte de la comitiva que estar\u00e1 encabezando el Gobernador Miguel Angel Riquelme Solis&#8221;.&nbsp;<\/p>\n\n\n\n<p>Creo, dijo luego que, &#8220;es importante tambi\u00e9n&nbsp; el tema de maquinaria&nbsp; del sector alimentarios, del sector industrial&nbsp; y aparte, el intercambio cultural&#8221;.&nbsp;<\/p>\n","protected":false},"excerpt":{"rendered":"<p>Torre\u00f3n, Coahuila.- El alcalde&nbsp; Rom\u00e1n Alberto Cepeda Gonz\u00e1lez,&nbsp; seguramente formar\u00e1 parte de la comitiva que habr\u00e1 de encabezar el Gobernador Miguel Angel Riquelme Solis a Italia, una vez que se consum\u00f3&nbsp; visita del embajador de este pa\u00eds a esta ciudad, este mismo d\u00eda. El alcalde,&nbsp; expres\u00f3 que,&nbsp; &#8220;\u00e9sta relaci\u00f3n es singularmente significativa, pues abarca el \u00e1mbito cultural,&nbsp; econ\u00f3mico y la cadena de valor del sector agropecuario,&nbsp; en lo particular lo&#8230;<\/p>\n","protected":false},"author":2,"featured_media":0,"comment_status":"closed","ping_status":"","sticky":false,"template":"","format":"standard","meta":{"footnotes":""},"categories":[5,28,7],"tags":[],"class_list":["post-10763","post","type-post","status-publish","format-standard","hentry","category-coahuila","category-la-laguna","category-torreon","wpcat-5-id","wpcat-28-id","wpcat-7-id"],"_links":{"self":[{"href":"https:\/\/www.aquilaguna.com\/index.php\/wp-json\/wp\/v2\/posts\/10763","targetHints":{"allow":["GET"]}}],"collection":[{"href":"https:\/\/www.aquilaguna.com\/index.php\/wp-json\/wp\/v2\/posts"}],"about":[{"href":"https:\/\/www.aquilaguna.com\/index.php\/wp-json\/wp\/v2\/types\/post"}],"author":[{"embeddable":true,"href":"https:\/\/www.aquilaguna.com\/index.php\/wp-json\/wp\/v2\/users\/2"}],"replies":[{"embeddable":true,"href":"https:\/\/www.aquilaguna.com\/index.php\/wp-json\/wp\/v2\/comments?post=10763"}],"version-history":[{"count":2,"href":"https:\/\/www.aquilaguna.com\/index.php\/wp-json\/wp\/v2\/posts\/10763\/revisions"}],"predecessor-version":[{"id":10766,"href":"https:\/\/www.aquilaguna.com\/index.php\/wp-json\/wp\/v2\/posts\/10763\/revisions\/10766"}],"wp:attachment":[{"href":"https:\/\/www.aquilaguna.com\/index.php\/wp-json\/wp\/v2\/media?parent=10763"}],"wp:term":[{"taxonomy":"category","embeddable":true,"href":"https:\/\/www.aquilaguna.com\/index.php\/wp-json\/wp\/v2\/categories?post=10763"},{"taxonomy":"post_tag","embeddable":true,"href":"https:\/\/www.aquilaguna.com\/index.php\/wp-json\/wp\/v2\/tags?post=10763"}],"curies":[{"name":"wp","href":"https:\/\/api.w.org\/{rel}","templated":true}]}}