{"id":10769,"date":"2022-08-29T20:03:01","date_gmt":"2022-08-30T01:03:01","guid":{"rendered":"https:\/\/www.aquilaguna.com\/?p=10769"},"modified":"2022-08-29T20:03:01","modified_gmt":"2022-08-30T01:03:01","slug":"ratifica-gobernador-apoyar-la-decision-que-tomen-familiares-de-mineros-atrapados","status":"publish","type":"post","link":"https:\/\/www.aquilaguna.com\/index.php\/2022\/08\/29\/ratifica-gobernador-apoyar-la-decision-que-tomen-familiares-de-mineros-atrapados\/","title":{"rendered":"Ratifica Gobernador apoyar la decisi\u00f3n que tomen familiares de mineros atrapados."},"content":{"rendered":"\n<p>Torre\u00f3n, Coahuila.- Declina el Gobernador Miguel Angel Riquelme\u00a0 anticipar opini\u00f3n alguna en torno a las decisiones que entorno al rescate de los\u00a0 mineros atrapados en la Mina El Pinabete,\u00a0 hasta en tanto tal camino o decisi\u00f3n de haga\u00a0 oficial, tras acuerdos que deben alcanzar las familias de los mencionados y la Coordinaci\u00f3n\u00a0 de Protecci\u00f3n Civil, que celebran reuni\u00f3n\u00a0 esta misma tarde para ello.<\/p>\n\n\n\n<p>Ratific\u00f3 en cambio\u00a0 la decisi\u00f3n de su gobierno de apoyar\u00a0 a\u00a0 la decisi\u00f3n que hagan las familias de los Mineros, al respecto, como\u00a0 lo ha hecho desde el inicio de tal tragedia.\u00a0<\/p>\n\n\n\n<p>El Gobernador quiso dejar bien asentado en tal respuesta\u00a0 que quiere ser muy responsable\u00a0 en sus declaraciones en torno a la tragedia\u00a0 de los mineros atrapados en\u00a0 la Mina El Pinabete, en Sabinas.<\/p>\n\n\n\n<p>Dijo\u00a0 que,\u00a0&#8220;s\u00ed, hemos visto a trav\u00e9s de los mensajes de la Coordinadora Federal de Protecci\u00f3n Civil, a trav\u00e9s de\u00a0 los Medios de Comunicaci\u00f3n\u00a0 de que en las ultimas horas han surgido diversas versiones&#8221;.\u00a0\u00a0<\/p>\n\n\n\n<p>&#8220;En\u00a0 ese sentido, yo quiero manifestar&#8221;, sostuvo el Gobernador de Coahuila, &#8220;que mi gobierno estar\u00e1 apoyando la decisi\u00f3n que tomen las familias\u00a0 que de alguna forma han estado en coordinaci\u00f3n con el Gobierno&#8221;.<\/p>\n\n\n\n<p>&#8220;Hay personal de nosotros, de la Secretar\u00eda del Trabajo. Hoy nuevamente estar\u00e1 Nazira Zogbi, la Secretaria del Trabajo y el Secretario de Gobierno\u00a0 Licenciado Fernando de las Fuentes, en la reuni\u00f3n donde donde se tome la decisi\u00f3n\u00a0 final&#8221;.<\/p>\n\n\n\n<p>Narr\u00f3 enseguida que, &#8220;se ha estado diciendo\u00a0 primero que no estaban de acuerdo,\u00a0 con lo del tajo a cielo abierto y de manera posterior, se crearon algunas condiciones que las familias de los mineros pudieran aceptar&#8221;.\u00a0<\/p>\n\n\n\n<p>Pero aclar\u00f3, &#8220;yo no tengo realmente ni un escrito\u00a0 ni tampoco datos que pudieran arrojar que as\u00ed sea, o que realmente las familias hayan aceptado\u00a0 eso&#8221;.<\/p>\n\n\n\n<p>&#8220;Yo, lo \u00fanico que puedo manifestar es estar en estos momentos y con\u00a0 los d\u00edas transcurridos, y sobre todo con las opciones que se tienen t\u00e9cnicas para poder en alg\u00fan momento, a lo mejor no tan pronto como nosotros queremos, y ya lo han manifestado los t\u00e9cnicos, que puedan en alg\u00fan momento \u00a0 ser viable el tajo a cielo abierto y que se pueda, rescatar a los mineros atrapados en la mina&#8221;.<\/p>\n\n\n\n<p>Las versiones, dijo, &#8220;que han salido, no son de car\u00e1cter oficial y yo, no me atrever\u00eda a dar\u00a0 una opini\u00f3n donde \u00a0 al rato alguien\u00a0 me diga\u00a0 esto no era&#8221;.<\/p>\n\n\n\n<p>&#8220;Yo espera para que se me diga, ahora si, cual ser\u00eda la soluci\u00f3n, o\u00a0 las soluciones que tienen que ver con el corto, el mediano y largo plazo&#8221;.<\/p>\n\n\n\n<p>&#8220;No tengo tampoco una versi\u00f3n\u00a0 en el tema de indemnizaci\u00f3n, o de alguna cuesti\u00f3n de ese tipo&#8221;.<\/p>\n\n\n\n<p>&#8220;Lo \u00fanico que hemos estado oyendo&#8221;, afirm\u00f3, &#8220;ha salido incluso de forma extra oficial\u00a0 por eso, no me atrever\u00eda yo a dar alguna opini\u00f3n que luego diera\u00a0 confusi\u00f3n sobre todo alas familias o la comunidad en general&#8221;.<\/p>\n\n\n\n<p>&#8220;Yo manifestar\u00eda mi apoyo total a lo que decidan las familias, como lo hice desde el\u00a0 primer momento. Seguiremos nosotros muy atentos a lo que se resuelva y a lo que tambi\u00e9n decida\u00a0 con la Coordinaci\u00f3n a\u00a0 de Protecci\u00f3n Civil del Gobierno Federal&#8221;.<\/p>\n","protected":false},"excerpt":{"rendered":"<p>Torre\u00f3n, Coahuila.- Declina el Gobernador Miguel Angel Riquelme\u00a0 anticipar opini\u00f3n alguna en torno a las decisiones que entorno al rescate de los\u00a0 mineros atrapados en la Mina El Pinabete,\u00a0 hasta en tanto tal camino o decisi\u00f3n de haga\u00a0 oficial, tras acuerdos que deben alcanzar las familias de los mencionados y la Coordinaci\u00f3n\u00a0 de Protecci\u00f3n Civil, que celebran reuni\u00f3n\u00a0 esta misma tarde para ello. Ratific\u00f3 en cambio\u00a0 la decisi\u00f3n de su&#8230;<\/p>\n","protected":false},"author":2,"featured_media":0,"comment_status":"closed","ping_status":"","sticky":false,"template":"","format":"standard","meta":{"footnotes":""},"categories":[5,15,31,54],"tags":[],"class_list":["post-10769","post","type-post","status-publish","format-standard","hentry","category-coahuila","category-gobierno-de-coahuila","category-gobierno-federal","category-proteccion-civil","wpcat-5-id","wpcat-15-id","wpcat-31-id","wpcat-54-id"],"_links":{"self":[{"href":"https:\/\/www.aquilaguna.com\/index.php\/wp-json\/wp\/v2\/posts\/10769","targetHints":{"allow":["GET"]}}],"collection":[{"href":"https:\/\/www.aquilaguna.com\/index.php\/wp-json\/wp\/v2\/posts"}],"about":[{"href":"https:\/\/www.aquilaguna.com\/index.php\/wp-json\/wp\/v2\/types\/post"}],"author":[{"embeddable":true,"href":"https:\/\/www.aquilaguna.com\/index.php\/wp-json\/wp\/v2\/users\/2"}],"replies":[{"embeddable":true,"href":"https:\/\/www.aquilaguna.com\/index.php\/wp-json\/wp\/v2\/comments?post=10769"}],"version-history":[{"count":1,"href":"https:\/\/www.aquilaguna.com\/index.php\/wp-json\/wp\/v2\/posts\/10769\/revisions"}],"predecessor-version":[{"id":10770,"href":"https:\/\/www.aquilaguna.com\/index.php\/wp-json\/wp\/v2\/posts\/10769\/revisions\/10770"}],"wp:attachment":[{"href":"https:\/\/www.aquilaguna.com\/index.php\/wp-json\/wp\/v2\/media?parent=10769"}],"wp:term":[{"taxonomy":"category","embeddable":true,"href":"https:\/\/www.aquilaguna.com\/index.php\/wp-json\/wp\/v2\/categories?post=10769"},{"taxonomy":"post_tag","embeddable":true,"href":"https:\/\/www.aquilaguna.com\/index.php\/wp-json\/wp\/v2\/tags?post=10769"}],"curies":[{"name":"wp","href":"https:\/\/api.w.org\/{rel}","templated":true}]}}