{"id":10829,"date":"2022-08-31T17:53:53","date_gmt":"2022-08-31T22:53:53","guid":{"rendered":"https:\/\/www.aquilaguna.com\/?p=10829"},"modified":"2022-08-31T17:53:53","modified_gmt":"2022-08-31T22:53:53","slug":"espera-alcalde-de-torreon-que-le-vaya-bien-al-presidente","status":"publish","type":"post","link":"https:\/\/www.aquilaguna.com\/index.php\/2022\/08\/31\/espera-alcalde-de-torreon-que-le-vaya-bien-al-presidente\/","title":{"rendered":"Espera Alcalde de Torre\u00f3n que le vaya bien al Presidente."},"content":{"rendered":"\n<p>Torre\u00f3n, Coahuila.- &#8220;M\u00e9xico, est\u00e1 mucho mas all\u00e1 de todo y yo espero\u00a0 que le vaya bien al pa\u00eds. Y a \u00e9l le toca conducir los destino del pa\u00eds y le deseo\u00a0 el mayor de los \u00e9xitos, y nosotros esperamos por supuesto\u00a0 que \u00a0 este municipio perteneciendo\u00a0 a un Estado del Norte del pa\u00eds\u00a0 pues lo que habremos de esperar, l\u00f3gicamente es una mayor participaci\u00f3n econ\u00f3mica en todos los sentidos, particularmente en el tema de seguridad y otros&#8221;.<\/p>\n\n\n\n<p>As\u00ed de diplom\u00e1tica result\u00f3 la respuesta\u00a0 emitida por el alcalde de este municipio, Licenciado Rom\u00e1n Alberto Cepeda\u00a0 Gonz\u00e1lez al ser preguntada su opini\u00f3n sobre los avances y los rezagos que\u00a0 ha generado\u00a0 el gobierno del Presidente Andr\u00e9s Manuel\u00a0 L\u00f3pez Obrador, al arribar este d\u00eda al cuarto a\u00f1o del ejercicio de su mandato.<\/p>\n\n\n\n<p>El alcalde se\u00a0 justific\u00f3\u00a0 de tal respuesta,\u00a0 ya que, &#8220;no soy yo quien debe se\u00f1alar. Creo que se le deber\u00eda preguntar a la ciudadan\u00eda. Yo represento un orden de gobierno, de un municipio de donde somos 800 mil habitantes y desde el primer d\u00eda, a mis 242 d\u00edas de haber\u00a0 iniciado esta responsabilidad, creo que me obliga a coordinar esfuerzos con todos los \u00f3rdenes. Es\u00a0 lo que esta esperando la ciudadan\u00eda&#8221;, sostuvo.<\/p>\n\n\n\n<p>\u00bfC\u00f3mo habr\u00e1 que juzgarlo?,\u00a0 dijo, &#8220;creo que eso, le toca a la ciudadan\u00eda&#8221;.\u00a0<\/p>\n\n\n\n<p>&#8220;Hoy como presidente municipal de Torre\u00f3n, creo que me toca seguir tejiendo y\u00a0 haciendo puentes con el Gobierno Federal y con el Gobierno del Estado, para el bien de Torre\u00f3n, para el bien de la Laguna\u00a0 y de Coahuila. Eso, es lo que yo espero&#8221;.<\/p>\n\n\n\n<p>Y en cuanto a\u00a0 la probable\u00a0 y total &#8220;militarizaci\u00f3n&#8221; de la Guardia Nacional, seg\u00fan se plantea el Decreto\u00a0 que este d\u00eda, se har\u00e1 llegar seg\u00fan anuncio del propio Presidente L\u00f3pez Obrador\u00a0 al Congreso de la Uni\u00f3n, de su propuesta de Decreto\u00a0 mediante el cual la Guardia Nacional,\u00a0 quede bajo el mando\u00a0 del Ejercito y que el solo anuncio de\u00a0 tal decisi\u00f3n\u00a0 levanta voces de\u00a0 alerta e inconformidad\u00a0 en el pa\u00eds\u00a0 para asignar al instituto armado\u00a0 la\u00a0 responsabilidad\u00a0 del tema de la seguridad p\u00fablica.\u00a0<\/p>\n\n\n\n<p>Sobre el particular, expreso que, &#8220;no tiene\u00a0 abordada la consecuencia de que se militarice de manera total el tema de seguridad p\u00fablica a cargo del gobierno federal&#8221;,\u00a0 afirmado luego que, &#8220;lo\u00a0 que si te puedo decir, es que hoy justamente desayun\u00e9 con el General de la 11ava. Region Militar\u00a0 y hay toda la disposici\u00f3n\u00a0 de coordinar esfuerzos\u00a0 en virtud de mantener a Torre\u00f3n, a la comarca\u00a0 y a Coahuila, seguro&#8221;.\u00a0<\/p>\n\n\n\n<p>Y eso, afirm\u00f3, &#8220;es lo que nos debe de importar&#8221;.<\/p>\n\n\n\n<p>No s\u00e9, dijo luego, &#8220;a pie y juntillas como est\u00e9 el tema de la Guardia, sin embargo espero que todas las decisiones que se tomen sean para bien del pa\u00eds&#8221;.<\/p>\n\n\n\n<p>&#8220;Y nosotros, desde \u00e9ste orden de gobierno, espero que sean para bien y habremos de estar siempre dispuestos a colaborar y en coordinar esfuerzos&#8221;.<\/p>\n\n\n\n<p>Reiterando el tema, &#8220;desde a perspectiva ciudadana, no de orden de gobierno&#8221;, respondiendo con\u00a0 un, &#8220;ojal\u00e1 se prevea \u00a0 este tipo de temas que faltan. Nosotros\u00a0 apostamos a la capacitaci\u00f3n a la coordinaci\u00f3n y al adiestramiento y al buen entendimiento con las fuerzas militares, como la hemos tenido hasta el d\u00eda de hoy con los\u00a0 diversos \u00f3rdenes de gobierno&#8221;.\u00a0<\/p>\n\n\n\n<p>&#8220;Y esperemos que as\u00ed contin\u00fae&#8221;, externo el edil, terminado as\u00ed\u00a0 con el tema.<\/p>\n","protected":false},"excerpt":{"rendered":"<p>Torre\u00f3n, Coahuila.- &#8220;M\u00e9xico, est\u00e1 mucho mas all\u00e1 de todo y yo espero\u00a0 que le vaya bien al pa\u00eds. Y a \u00e9l le toca conducir los destino del pa\u00eds y le deseo\u00a0 el mayor de los \u00e9xitos, y nosotros esperamos por supuesto\u00a0 que \u00a0 este municipio perteneciendo\u00a0 a un Estado del Norte del pa\u00eds\u00a0 pues lo que habremos de esperar, l\u00f3gicamente es una mayor participaci\u00f3n econ\u00f3mica en todos los sentidos, particularmente&#8230;<\/p>\n","protected":false},"author":2,"featured_media":0,"comment_status":"closed","ping_status":"","sticky":false,"template":"","format":"standard","meta":{"footnotes":""},"categories":[5,28,7],"tags":[],"class_list":["post-10829","post","type-post","status-publish","format-standard","hentry","category-coahuila","category-la-laguna","category-torreon","wpcat-5-id","wpcat-28-id","wpcat-7-id"],"_links":{"self":[{"href":"https:\/\/www.aquilaguna.com\/index.php\/wp-json\/wp\/v2\/posts\/10829","targetHints":{"allow":["GET"]}}],"collection":[{"href":"https:\/\/www.aquilaguna.com\/index.php\/wp-json\/wp\/v2\/posts"}],"about":[{"href":"https:\/\/www.aquilaguna.com\/index.php\/wp-json\/wp\/v2\/types\/post"}],"author":[{"embeddable":true,"href":"https:\/\/www.aquilaguna.com\/index.php\/wp-json\/wp\/v2\/users\/2"}],"replies":[{"embeddable":true,"href":"https:\/\/www.aquilaguna.com\/index.php\/wp-json\/wp\/v2\/comments?post=10829"}],"version-history":[{"count":1,"href":"https:\/\/www.aquilaguna.com\/index.php\/wp-json\/wp\/v2\/posts\/10829\/revisions"}],"predecessor-version":[{"id":10830,"href":"https:\/\/www.aquilaguna.com\/index.php\/wp-json\/wp\/v2\/posts\/10829\/revisions\/10830"}],"wp:attachment":[{"href":"https:\/\/www.aquilaguna.com\/index.php\/wp-json\/wp\/v2\/media?parent=10829"}],"wp:term":[{"taxonomy":"category","embeddable":true,"href":"https:\/\/www.aquilaguna.com\/index.php\/wp-json\/wp\/v2\/categories?post=10829"},{"taxonomy":"post_tag","embeddable":true,"href":"https:\/\/www.aquilaguna.com\/index.php\/wp-json\/wp\/v2\/tags?post=10829"}],"curies":[{"name":"wp","href":"https:\/\/api.w.org\/{rel}","templated":true}]}}