{"id":10845,"date":"2022-09-01T18:36:37","date_gmt":"2022-09-01T23:36:37","guid":{"rendered":"https:\/\/www.aquilaguna.com\/?p=10845"},"modified":"2022-09-01T18:36:37","modified_gmt":"2022-09-01T23:36:37","slug":"firman-convenio-para-implementacion-del-mes-del-testamento-en-coahuila","status":"publish","type":"post","link":"https:\/\/www.aquilaguna.com\/index.php\/2022\/09\/01\/firman-convenio-para-implementacion-del-mes-del-testamento-en-coahuila\/","title":{"rendered":"FIRMAN CONVENIO PARA IMPLEMENTACI\u00d3N DEL MES DEL TESTAMENTO EN COAHUILA."},"content":{"rendered":"\n<p>\u00b7\u00a0\u00a0\u00a0\u00a0\u00a0\u00a0<strong><em>Se tiene la meta de poder efectuar m\u00e1s de 10 mil tr\u00e1mites<\/em><\/strong><\/p>\n\n\n\n<p>Saltillo, Coahuila de Zaragoza; a 1 de Septiembre de 2022.- Con el objetivo de brindar certeza jur\u00eddica y protecci\u00f3n patrimonial, as\u00ed como mejorar y eficientar los servicios notariales en beneficio de toda la poblaci\u00f3n, se implement\u00f3 en Coahuila \u201cSeptiembre, Mes del Testamento\u201d.<\/p>\n\n\n\n<p>El gobernador Miguel \u00c1ngel Riquelme Sol\u00eds efectu\u00f3 la firma del acuerdo de colaboraci\u00f3n para la implementaci\u00f3n de esta iniciativa con el Colegio de Notarios de Coahuila y el Sistema Estatal para Desarrollo Integral de la Familia (DIF).<\/p>\n\n\n\n<p>En su mensaje, el Mandatario estatal destac\u00f3 el trabajo coordinado para lograrlo, as\u00ed como que en ning\u00fan momento en Coahuila se han detenido los juicios sucesorios, los tr\u00e1mites de compra-venta, las sesiones de derechos y donaciones, entre muchos otros asuntos que requieren de la fe notarial.<\/p>\n\n\n\n<p>\u201cJuntos promovemos entre la comunidad una nueva cultura del testamento que garantice se cumpla a cabalidad la voluntad que las jefas y jefes de familia manifestaron sobre el destino de los bienes inmuebles despu\u00e9s de su muerte\u201d, declar\u00f3.<\/p>\n\n\n\n<p>Agradeci\u00f3 al Colegio de Notarios el compromiso y aporte para hacer de Coahuila una entidad m\u00e1s fuerte y unida, donde la legalidad y el Estado de Derecho sean las bases m\u00e1s s\u00f3lidas del desarrollo y la prosperidad de las familias.<\/p>\n\n\n\n<p>A trav\u00e9s de esta campa\u00f1a se otorga el tr\u00e1mite en forma gratuita a los elementos de las Fuerzas Armadas, del Ej\u00e9rcito Mexicano, Guardia Nacional, Protecci\u00f3n Civil, polic\u00edas, bomberos, de la Cruz Roja y param\u00e9dicos.<\/p>\n\n\n\n<p>Adem\u00e1s, estos beneficios gratuitos se extender\u00e1n hasta diciembre para m\u00e9dicos, enfermeras, personal de apoyo y administrativo de hospitales.<\/p>\n\n\n\n<p>En su intervenci\u00f3n, el presidente del Colegio de Notarios de Coahuila, Armando Luna Canales, expuso que se tiene una meta de poder llegar a 10 mil testamentos para 2022; adem\u00e1s de que se dar\u00e1n precios preferentes a grupos vulnerables y tr\u00e1mites gratuitos a los adultos mayores en estado de abandono.<\/p>\n\n\n\n<p>El Alcalde de Saltillo, Jos\u00e9 Mar\u00eda Fraustro Siller, subray\u00f3 que esta campa\u00f1a consolida la fortaleza de Coahuila, ya que se tiene un gran avance en la entrega de escrituras, modernizaci\u00f3n del Registro P\u00fablico de la Propiedad, y que el vivir en un Estado con certeza jur\u00eddica brinda m\u00e1s oportunidades de crecimiento y desarrollo.<\/p>\n\n\n\n<p>En el evento estuvieron presentes, adem\u00e1s, Miguel Felipe Mery Ayup, magistrado Presidente del Tribunal Superior de Justicia; Arminda Rodr\u00edguez Gil, vicepresidente y decana del Consejo Directivo de la Notar\u00eda N\u00famero 56; Valeriano Vald\u00e9s Cabello, Consejero Jur\u00eddico del Estado, y Enrique Flores Ruiz, Director de Notar\u00edas de Coahuila.<\/p>\n","protected":false},"excerpt":{"rendered":"<p>\u00b7\u00a0\u00a0\u00a0\u00a0\u00a0\u00a0Se tiene la meta de poder efectuar m\u00e1s de 10 mil tr\u00e1mites Saltillo, Coahuila de Zaragoza; a 1 de Septiembre de 2022.- Con el objetivo de brindar certeza jur\u00eddica y protecci\u00f3n patrimonial, as\u00ed como mejorar y eficientar los servicios notariales en beneficio de toda la poblaci\u00f3n, se implement\u00f3 en Coahuila \u201cSeptiembre, Mes del Testamento\u201d. El gobernador Miguel \u00c1ngel Riquelme Sol\u00eds efectu\u00f3 la firma del acuerdo de colaboraci\u00f3n para la implementaci\u00f3n&#8230;<\/p>\n","protected":false},"author":1,"featured_media":10846,"comment_status":"closed","ping_status":"closed","sticky":false,"template":"","format":"standard","meta":{"footnotes":""},"categories":[5,15,24],"tags":[],"class_list":["post-10845","post","type-post","status-publish","format-standard","has-post-thumbnail","hentry","category-coahuila","category-gobierno-de-coahuila","category-seguridad","wpcat-5-id","wpcat-15-id","wpcat-24-id"],"_links":{"self":[{"href":"https:\/\/www.aquilaguna.com\/index.php\/wp-json\/wp\/v2\/posts\/10845","targetHints":{"allow":["GET"]}}],"collection":[{"href":"https:\/\/www.aquilaguna.com\/index.php\/wp-json\/wp\/v2\/posts"}],"about":[{"href":"https:\/\/www.aquilaguna.com\/index.php\/wp-json\/wp\/v2\/types\/post"}],"author":[{"embeddable":true,"href":"https:\/\/www.aquilaguna.com\/index.php\/wp-json\/wp\/v2\/users\/1"}],"replies":[{"embeddable":true,"href":"https:\/\/www.aquilaguna.com\/index.php\/wp-json\/wp\/v2\/comments?post=10845"}],"version-history":[{"count":1,"href":"https:\/\/www.aquilaguna.com\/index.php\/wp-json\/wp\/v2\/posts\/10845\/revisions"}],"predecessor-version":[{"id":10847,"href":"https:\/\/www.aquilaguna.com\/index.php\/wp-json\/wp\/v2\/posts\/10845\/revisions\/10847"}],"wp:featuredmedia":[{"embeddable":true,"href":"https:\/\/www.aquilaguna.com\/index.php\/wp-json\/wp\/v2\/media\/10846"}],"wp:attachment":[{"href":"https:\/\/www.aquilaguna.com\/index.php\/wp-json\/wp\/v2\/media?parent=10845"}],"wp:term":[{"taxonomy":"category","embeddable":true,"href":"https:\/\/www.aquilaguna.com\/index.php\/wp-json\/wp\/v2\/categories?post=10845"},{"taxonomy":"post_tag","embeddable":true,"href":"https:\/\/www.aquilaguna.com\/index.php\/wp-json\/wp\/v2\/tags?post=10845"}],"curies":[{"name":"wp","href":"https:\/\/api.w.org\/{rel}","templated":true}]}}