{"id":10857,"date":"2022-09-01T18:45:38","date_gmt":"2022-09-01T23:45:38","guid":{"rendered":"https:\/\/www.aquilaguna.com\/?p=10857"},"modified":"2022-09-01T18:45:38","modified_gmt":"2022-09-01T23:45:38","slug":"coahuilenses-ganadores-del-concurso-proyectos-cinematograficos-en-corto","status":"publish","type":"post","link":"https:\/\/www.aquilaguna.com\/index.php\/2022\/09\/01\/coahuilenses-ganadores-del-concurso-proyectos-cinematograficos-en-corto\/","title":{"rendered":"COAHUILENSES GANADORES DEL CONCURSO PROYECTOS CINEMATOGR\u00c1FICOS EN CORTO."},"content":{"rendered":"\n<p>Saltillo, Coahuila de Zaragoza; a 1 de Septiembre del 2022.-\u00a0 La Secretar\u00eda de Cultura de Coahuila (SC) dio a conocer los nombres de quienes resultaron ganadores de la convocatoria Proyectos Cinematogr\u00e1ficos en Corto AIEC 2022, que otorga est\u00edmulo para la realizaci\u00f3n de las carpetas cinematogr\u00e1ficas propuestas a concurso, con el objetivo de reconocer el talento cinematogr\u00e1fico coahuilense, inform\u00f3 la secretaria Ana Sof\u00eda Garc\u00eda Camil.<\/p>\n\n\n\n<p>La funcionaria estatal manifest\u00f3: \u201cLos integrantes del jurado, conformado por Abel Amador Alcal\u00e1 (director, escritor, productor y editor de cine), Andrea Mart\u00ednez Crowther (cineasta M\u00e9xico- Canad\u00e1) y Claudia Garc\u00eda Covarrubias (Directora de la Asociaci\u00f3n Civil Cine Bajo el Cielo), despu\u00e9s de haber revisado las propuestas y una vez que se reunieron para deliberar, dieron a conocer a los ganadores de esta convocatoria\u201d.<\/p>\n\n\n\n<p>\u201cComo se recordar\u00e1, cerr\u00f3 en el mes de julio y para la SC es muy importante otorgar estos est\u00edmulos que impulsan la creaci\u00f3n cinematogr\u00e1fica en Coahuila\u201d.<\/p>\n\n\n\n<p>Garc\u00eda Camil inform\u00f3 que los ganadores de esta convocatoria en su emisi\u00f3n 2022 son:<\/p>\n\n\n\n<p>+ En la Categor\u00eda Creador\/a con Trayectoria G\u00e9nero Ficci\u00f3n el proyecto ganador es \u201cFRENO DE MANO\u201d, de Julio Bayr\u00f3n Norman Balles, con un premio de 150,000 pesos.<\/p>\n\n\n\n<p>+ El jurado decidi\u00f3 declarar desierta la Categor\u00eda de Creador\/a con Trayectoria: G\u00e9nero Documental, y reasignar este recurso para otorgar un segundo est\u00edmulo en la Categor\u00eda de Talento Emergente, por lo que los ganadores de esta categor\u00eda son el proyecto \u201cREMO\u201d, de An\u00edbal Sa\u00edd D\u00edaz Gonz\u00e1lez, y el proyecto \u201cJESSIE\u201d, de Ofelia de Jes\u00fas Hern\u00e1ndez Cortinas, cada uno acreedor a un est\u00edmulo de 80,000 pesos.<\/p>\n\n\n\n<p>+ Asimismo, los miembros del jurado decidieron que el proyecto REMO reciba el apoyo en especie otorgado por Estudios Churubusco, junto con el proyecto FRENO DE MANO, ganador en la categor\u00eda Creador\/a con Trayectoria: G\u00e9nero Ficci\u00f3n.<\/p>\n\n\n\n<p><strong>SEMBLANZAS<\/strong><\/p>\n\n\n\n<p>JULIO BAYR\u00d3N NORMAN BALLES es actor, director y guionista, con estudios en Ciencias de la Comunicaci\u00f3n en la Facultad de Ciencias Pol\u00edticas y Sociales de la UNAM. Formaci\u00f3n actoral dentro del Laboratorio de Realismo Psicol\u00f3gico de Ylia Popesku, as\u00ed como en interpretaci\u00f3n y aplicaci\u00f3n dram\u00e1tica, con el maestro Boris Shoemann, y en el Taller de Direcci\u00f3n de actores por Catalina Rodr\u00edguez.<\/p>\n\n\n\n<p>Director y guionista del proyecto \u201cHoyo en dos\u201d, ganador del Apoyo a la producci\u00f3n de cortometrajes por regiones 2021, del programa Fomento al Cine Mexicano (FOCINE), por el Instituto Mexicano de Cinematograf\u00eda.<\/p>\n\n\n\n<p>Seleccionado en la Competencia oficial de guion de cortometrajes para el Festival Internacional de Cine de Durango 2022. Ganador del Apoyo a la Producci\u00f3n para el cortometraje Catsup, por Haz + Cine edici\u00f3n 2020. &#8211; Como guionista, fue seleccionado cuatro veces finalista en la competencia SmartFilms MX 2019, dentro de la Categor\u00eda de Reto al Guion.<\/p>\n\n\n\n<p>AN\u00cdBAL SA\u00cdD D\u00cdAZ GONZ\u00c1LEZ &#8211; (Monclova, 1981) Es egresado de la Facultad de Ciencias de la Comunicaci\u00f3n de la Universidad Aut\u00f3noma de Nuevo Le\u00f3n.<\/p>\n\n\n\n<p>Inici\u00f3 su carrera como reportero en 2004 en el peri\u00f3dico latino El Hispano News, con sede en Dallas, Texas. Entre 2006 y 2008 colabor\u00f3 como traductor, reportero y dise\u00f1ador en la revista Mundo Motor, de Miami, Florida.<\/p>\n\n\n\n<p>Desde 2010 labora para el peri\u00f3dico Z\u00f3calo, de Monclova, Coahuila, donde trabaj\u00f3 durante una d\u00e9cada como reportero, y actualmente se desempe\u00f1a como coeditor de la Secci\u00f3n Local; desde 2010 colabora con la revista sobre migraci\u00f3n Enlace Magazine, con base en Durango, Durango, como dise\u00f1ador gr\u00e1fico titular y traductor.<\/p>\n\n\n\n<p>Egresado de la capacitaci\u00f3n de Polos Audiovisuales de 2018, en 2020 estren\u00f3 su primer cortometraje documental, &#8220;Jerry Estrada. El Puma de Monclova&#8221;, sobre la leyenda monclovense de la lucha libre mexicana.<\/p>\n\n\n\n<p>OFELIA DE JES\u00daS HERN\u00c1NDEZ&nbsp; CORTINAS.- Originaria de Matamoros, Coahuila. Licenciada en Ciencias de la Comunicaci\u00f3n con especialidad en producci\u00f3n audiovisual, por la Universidad Aut\u00f3noma de Coahuila. Diplomado en Direcci\u00f3n Cinematogr\u00e1fica por el Centro Cinematogr\u00e1fico de la Laguna Plasma en Corto. Particip\u00f3 en el Festival Internacional de Cine de Guanajuato en las&nbsp; \u00e1reas de Producci\u00f3n y Asistencia de Fotograf\u00eda en los cortometrajes para el Rally Universitario, Interferencia, Seis, Lucas el grande, acreedores de premios y selecciones oficiales. Productora y directora del proyecto visual \u201cVIVE\u201d, en el espacio universitario del \u201cFestival Luz y Vanguardias\u201d Salamanca, Espa\u00f1a. Asistente de producci\u00f3n en el programa de becarios en la agencia&nbsp;<a href=\"http:\/\/bambooshoots.ca\/\" target=\"_blank\" rel=\"noreferrer noopener\">bambooshoots.ca<\/a>&nbsp;Calgary, Canad\u00e1; en los comerciales para ATCO energy &amp; EDO Japan.<\/p>\n\n\n\n<p>Asistente de producci\u00f3n y patrocinios de la Muestra de Cine Coahuila. Trabaj\u00f3 en la agencia de marketing Comadreja en el \u00e1rea de producci\u00f3n audiovisual.<\/p>\n\n\n\n<p>Productora y guionista del cortometraje animado TRAVES\u00cdA selecci\u00f3n en Festival de Taxco 2022.<\/p>\n\n\n\n<p>Actualmente se encuentra en etapa de festivales con el cortometraje \u201cLas cosas que pensaba antes de morir\u201d, producido y dirigido para obtener su grado de Diplomado en Direcci\u00f3n Cinematogr\u00e1fica.&nbsp;<\/p>\n\n\n\n<p>Coordinadora de producci\u00f3n independiente para comerciales y spots de marcas nacionales e internacionales.<\/p>\n","protected":false},"excerpt":{"rendered":"<p>Saltillo, Coahuila de Zaragoza; a 1 de Septiembre del 2022.-\u00a0 La Secretar\u00eda de Cultura de Coahuila (SC) dio a conocer los nombres de quienes resultaron ganadores de la convocatoria Proyectos Cinematogr\u00e1ficos en Corto AIEC 2022, que otorga est\u00edmulo para la realizaci\u00f3n de las carpetas cinematogr\u00e1ficas propuestas a concurso, con el objetivo de reconocer el talento cinematogr\u00e1fico coahuilense, inform\u00f3 la secretaria Ana Sof\u00eda Garc\u00eda Camil. La funcionaria estatal manifest\u00f3: \u201cLos integrantes&#8230;<\/p>\n","protected":false},"author":1,"featured_media":10858,"comment_status":"closed","ping_status":"closed","sticky":false,"template":"","format":"standard","meta":{"footnotes":""},"categories":[5,12,15],"tags":[],"class_list":["post-10857","post","type-post","status-publish","format-standard","has-post-thumbnail","hentry","category-coahuila","category-cultura","category-gobierno-de-coahuila","wpcat-5-id","wpcat-12-id","wpcat-15-id"],"_links":{"self":[{"href":"https:\/\/www.aquilaguna.com\/index.php\/wp-json\/wp\/v2\/posts\/10857","targetHints":{"allow":["GET"]}}],"collection":[{"href":"https:\/\/www.aquilaguna.com\/index.php\/wp-json\/wp\/v2\/posts"}],"about":[{"href":"https:\/\/www.aquilaguna.com\/index.php\/wp-json\/wp\/v2\/types\/post"}],"author":[{"embeddable":true,"href":"https:\/\/www.aquilaguna.com\/index.php\/wp-json\/wp\/v2\/users\/1"}],"replies":[{"embeddable":true,"href":"https:\/\/www.aquilaguna.com\/index.php\/wp-json\/wp\/v2\/comments?post=10857"}],"version-history":[{"count":1,"href":"https:\/\/www.aquilaguna.com\/index.php\/wp-json\/wp\/v2\/posts\/10857\/revisions"}],"predecessor-version":[{"id":10859,"href":"https:\/\/www.aquilaguna.com\/index.php\/wp-json\/wp\/v2\/posts\/10857\/revisions\/10859"}],"wp:featuredmedia":[{"embeddable":true,"href":"https:\/\/www.aquilaguna.com\/index.php\/wp-json\/wp\/v2\/media\/10858"}],"wp:attachment":[{"href":"https:\/\/www.aquilaguna.com\/index.php\/wp-json\/wp\/v2\/media?parent=10857"}],"wp:term":[{"taxonomy":"category","embeddable":true,"href":"https:\/\/www.aquilaguna.com\/index.php\/wp-json\/wp\/v2\/categories?post=10857"},{"taxonomy":"post_tag","embeddable":true,"href":"https:\/\/www.aquilaguna.com\/index.php\/wp-json\/wp\/v2\/tags?post=10857"}],"curies":[{"name":"wp","href":"https:\/\/api.w.org\/{rel}","templated":true}]}}