{"id":1086,"date":"2021-03-21T19:02:09","date_gmt":"2021-03-22T01:02:09","guid":{"rendered":"https:\/\/www.aquilaguna.com\/?p=1086"},"modified":"2021-03-21T19:02:09","modified_gmt":"2021-03-22T01:02:09","slug":"dif-coahuila-reitera-su-compromiso-de-apoyar-a-personas-con-sindrome-down","status":"publish","type":"post","link":"https:\/\/www.aquilaguna.com\/index.php\/2021\/03\/21\/dif-coahuila-reitera-su-compromiso-de-apoyar-a-personas-con-sindrome-down\/","title":{"rendered":"DIF COAHUILA REITERA SU COMPROMISO DE APOYAR A PERSONAS CON S\u00cdNDROME DOWN."},"content":{"rendered":"\n<p>\u00b7\u00a0\u00a0\u00a0\u00a0\u00a0\u00a0<strong><em>\u00a0Destaca Marcela Gorg\u00f3n acciones y programas para la inclusi\u00f3n en todos los aspectos de la vida.<\/em><\/strong><\/p>\n\n\n\n<p>Saltillo, Coahuila de Zaragoza; a 21 de Marzo de 2021.- En el marco del D\u00eda Mundial del S\u00edndrome Down, la Presidenta Honoraria del DIF Coahuila, Marcela Gorg\u00f3n, reiter\u00f3 su compromiso de seguir trabajando en la inclusi\u00f3n social de las personas con discapacidad.<\/p>\n\n\n\n<p>\u201cEs importante promover el acceso adecuado a la atenci\u00f3n de la salud, a los programas de intervenci\u00f3n temprana y a la ense\u00f1anza inclusiva para el desarrollo de las personas que presentan esta condici\u00f3n\u201d, afirm\u00f3 la Presidenta del Sistema DIF Coahuila.&nbsp;<\/p>\n\n\n\n<p>El Gobierno de Coahuila, a trav\u00e9s del Centro Integral y de Inclusi\u00f3n Social para las Personas con Discapacidad (CIISPED), brinda atenci\u00f3n a personas con S\u00edndrome de Down, favoreciendo su integraci\u00f3n familiar, psicosocial y laboral a trav\u00e9s de actividades educativas, ocupacionales, recreativas y de capacitaci\u00f3n para el trabajo, con el apoyo de sus cuidadores a trav\u00e9s de acciones de corresponsabilidad para lograr un sistema funcional integral que eleve su calidad de vida.<\/p>\n\n\n\n<p>Para celebrar el D\u00eda Mundial del S\u00edndrome Down, dentro de su clase virtual los alumnos de este centro realizaron actividades l\u00fadicas encaminadas a este d\u00eda, en las que participaron tambi\u00e9n sus docentes y familiares.<\/p>\n\n\n\n<p>Adem\u00e1s, los cinco Centros de Rehabilitaci\u00f3n Integral del DIF Coahuila (Piedras Negras, Monclova, Torre\u00f3n, Saltillo y Parras de la Fuente) se sumaron con actividades propias a esta conmemoraci\u00f3n, con el fin de sensibilizar a la poblaci\u00f3n usuaria sobre el S\u00edndrome Down.<\/p>\n\n\n\n<p>\u201cVamos a seguir trabajando con muchas actividades vitales para su crecimiento y desarrollo, sus derechos a la igualdad, oportunidad y felicidad plena\u201d, se\u00f1al\u00f3 Marcela Gorg\u00f3n.<\/p>\n\n\n\n<p>En este marco, se realizaron tambi\u00e9n videoconferencias dirigidas al personal, as\u00ed como peri\u00f3dicos murales con el fin de promover la inclusi\u00f3n familiar y social.<\/p>\n\n\n\n<p>Con esta conmemoraci\u00f3n a nivel mundial se pretende generar una mayor conciencia p\u00fablica sobre S\u00edndrome de Down y recordar las valiosas contribuciones de las personas con discapacidad intelectual como promotores del bienestar y de la diversidad de sus comunidades.<\/p>\n\n\n\n<p>Asimismo, quiere resaltar la importancia de su autonom\u00eda e independencia individual, en particular la libertad de tomar sus propias decisiones.<\/p>\n\n\n\n<p>El DIF Coahuila reafirm\u00f3 su compromiso por construir una sociedad inclusiva para todos, e invita a la poblaci\u00f3n coahuilense a colaborar y contribuir para que los ni\u00f1os y las personas con S\u00edndrome de Down participen plenamente en el desarrollo y la vida de la sociedad de la que forman parte.<\/p>\n","protected":false},"excerpt":{"rendered":"<p>\u00b7\u00a0\u00a0\u00a0\u00a0\u00a0\u00a0\u00a0Destaca Marcela Gorg\u00f3n acciones y programas para la inclusi\u00f3n en todos los aspectos de la vida. Saltillo, Coahuila de Zaragoza; a 21 de Marzo de 2021.- En el marco del D\u00eda Mundial del S\u00edndrome Down, la Presidenta Honoraria del DIF Coahuila, Marcela Gorg\u00f3n, reiter\u00f3 su compromiso de seguir trabajando en la inclusi\u00f3n social de las personas con discapacidad. \u201cEs importante promover el acceso adecuado a la atenci\u00f3n de la salud,&#8230;<\/p>\n","protected":false},"author":1,"featured_media":1087,"comment_status":"closed","ping_status":"closed","sticky":false,"template":"","format":"standard","meta":{"footnotes":""},"categories":[5,26,15],"tags":[],"class_list":["post-1086","post","type-post","status-publish","format-standard","has-post-thumbnail","hentry","category-coahuila","category-dif","category-gobierno-de-coahuila","wpcat-5-id","wpcat-26-id","wpcat-15-id"],"_links":{"self":[{"href":"https:\/\/www.aquilaguna.com\/index.php\/wp-json\/wp\/v2\/posts\/1086","targetHints":{"allow":["GET"]}}],"collection":[{"href":"https:\/\/www.aquilaguna.com\/index.php\/wp-json\/wp\/v2\/posts"}],"about":[{"href":"https:\/\/www.aquilaguna.com\/index.php\/wp-json\/wp\/v2\/types\/post"}],"author":[{"embeddable":true,"href":"https:\/\/www.aquilaguna.com\/index.php\/wp-json\/wp\/v2\/users\/1"}],"replies":[{"embeddable":true,"href":"https:\/\/www.aquilaguna.com\/index.php\/wp-json\/wp\/v2\/comments?post=1086"}],"version-history":[{"count":1,"href":"https:\/\/www.aquilaguna.com\/index.php\/wp-json\/wp\/v2\/posts\/1086\/revisions"}],"predecessor-version":[{"id":1088,"href":"https:\/\/www.aquilaguna.com\/index.php\/wp-json\/wp\/v2\/posts\/1086\/revisions\/1088"}],"wp:featuredmedia":[{"embeddable":true,"href":"https:\/\/www.aquilaguna.com\/index.php\/wp-json\/wp\/v2\/media\/1087"}],"wp:attachment":[{"href":"https:\/\/www.aquilaguna.com\/index.php\/wp-json\/wp\/v2\/media?parent=1086"}],"wp:term":[{"taxonomy":"category","embeddable":true,"href":"https:\/\/www.aquilaguna.com\/index.php\/wp-json\/wp\/v2\/categories?post=1086"},{"taxonomy":"post_tag","embeddable":true,"href":"https:\/\/www.aquilaguna.com\/index.php\/wp-json\/wp\/v2\/tags?post=1086"}],"curies":[{"name":"wp","href":"https:\/\/api.w.org\/{rel}","templated":true}]}}