{"id":10932,"date":"2022-09-05T17:12:58","date_gmt":"2022-09-05T22:12:58","guid":{"rendered":"https:\/\/www.aquilaguna.com\/?p=10932"},"modified":"2022-09-05T17:12:58","modified_gmt":"2022-09-05T22:12:58","slug":"entrega-mars-certificaciones-a-escuelas-de-educacion-basica","status":"publish","type":"post","link":"https:\/\/www.aquilaguna.com\/index.php\/2022\/09\/05\/entrega-mars-certificaciones-a-escuelas-de-educacion-basica\/","title":{"rendered":"ENTREGA MARS CERTIFICACIONES A ESCUELAS DE EDUCACI\u00d3N B\u00c1SICA."},"content":{"rendered":"\n<p>\u00b7\u00a0\u00a0\u00a0\u00a0\u00a0\u00a0<strong><em>\u00a0En total fueron 107 las escuelas certificadas de las cinco regiones de Coahuila.<\/em><\/strong><\/p>\n\n\n\n<p>\u00b7&nbsp;&nbsp;&nbsp;&nbsp;&nbsp;&nbsp;<strong><em>&nbsp;Las instituciones tambi\u00e9n recibieron apoyo econ\u00f3mico para realizar mejoras y rehabilitaciones.<\/em><\/strong><\/p>\n\n\n\n<p>Torre\u00f3n, Coahuila de Zaragoza; a 5 de Septiembre de 2022.- \u201cHoy, expreso mi felicitaci\u00f3n a cada uno de los 107 centros educativos que alcanzaron la certificaci\u00f3n y que reciben hoy los apoyos econ\u00f3micos, recursos destinados a las mejoras de las escuelas\u201d, dijo el gobernador Miguel \u00c1ngel Riquelme Sol\u00eds al entregar certificaciones a Escuelas de Educaci\u00f3n B\u00e1sica de las cinco regiones de la entidad.<\/p>\n\n\n\n<p>El Mandatario estatal subray\u00f3 que este evento es de gran trascendencia, al recibir un beneficio directo para las y los estudiantes.<\/p>\n\n\n\n<p>Invit\u00f3 a los directivos a continuar trabajando, pues esta evaluaci\u00f3n ser\u00e1 continua.<\/p>\n\n\n\n<p>Los exhort\u00f3 a ser parte del Sistema Estatal de Certificaci\u00f3n, que es una estrategia innovadora y sin precedente: \u201cCon la que estamos empe\u00f1ados en promover, incentivar la mejora continua. Contar con la acreditaci\u00f3n de un centro cuenta mucho y dejar\u00e1 grandes cambios en la vida institucional de los que hoy nos acompa\u00f1an\u201d.<\/p>\n\n\n\n<p>Agradeci\u00f3 a los representantes de las Secciones Sindicales, a la comunidad educativa, a los padres de familia y desde luego a las y los ni\u00f1os, por su esfuerzo.<\/p>\n\n\n\n<p>Coahuila es una de las entidades con mayor grado de escolaridad y con menores niveles de rezago educativo.<\/p>\n\n\n\n<p>Gracias a la labor en conjunto tras la pandemia, hoy se cuenta con m\u00e1s de 4 mil centros de educaci\u00f3n b\u00e1sica presenciales, tanto p\u00fablicos como privados.<\/p>\n\n\n\n<p>Este a\u00f1o hizo hincapi\u00e9 en que se seguir\u00e1 con el prop\u00f3sito de garantizar la integridad de los maestros, del alumnado y sus familias.<\/p>\n\n\n\n<p>\u201cQuiero agradecer a las y los maestros su solidaridad con mi Gobierno; la fortaleza institucional que demostraron (en medio de la pandemia) y la solidaridad hacen fuerte a Coahuila\u201d, asegur\u00f3.<\/p>\n\n\n\n<p>Debido a que hubo un ahorro en la Secretar\u00eda de Educaci\u00f3n, el Mandatario estatal propuso que a cada instituci\u00f3n se le entregaran 10 mil pesos m\u00e1s, pues la educaci\u00f3n es prioridad para su Administraci\u00f3n.<\/p>\n\n\n\n<p>Por su parte, Rom\u00e1n Cepeda Gonz\u00e1lez, Alcalde de Torre\u00f3n, reconoci\u00f3 el trabajo que ha hecho el Gobierno Estatal a trav\u00e9s de la Secretar\u00eda de Educaci\u00f3n, donde el liderazgo educativo y la docencia son parte de un sistema \u00fanico en el Pa\u00eds.<\/p>\n\n\n\n<p>\u201cMi mayor reconocimiento a las 107 escuelas, seguiremos trabajando desde el Ayuntamiento, desde este \u00f3rgano que nos toca encabezar a 250 d\u00edas, coordinadamente con el gobernador Miguel Riquelme\u201d, mencion\u00f3.<\/p>\n\n\n\n<p>Al sector educativo, les dijo que estar\u00e1n muy al pendiente de seguir laborando por las aulas \u201cpor una educaci\u00f3n integral para todas y todos ustedes\u201d.<\/p>\n\n\n\n<p>En su intervenci\u00f3n, Francisco Saracho Navarro, Secretario de Educaci\u00f3n del Estado, felicit\u00f3 a los que tuvieron a su cargo la responsabilidad de la certificaci\u00f3n del proceso de educaci\u00f3n que este d\u00eda culmina, es decir, al Instituto de Desarrollo Docente, Investigaci\u00f3n, Evaluaci\u00f3n y Certificaci\u00f3n.<\/p>\n\n\n\n<p>\u201cUno de los mayores compromisos de la Secretar\u00eda de Educaci\u00f3n de Coahuila es el mantener altos niveles, de caminar en todos los aspectos de nuestro desempe\u00f1o.<\/p>\n\n\n\n<p>\u201cHoy, 107 directivos de Educaci\u00f3n B\u00e1sica reciben la certificaci\u00f3n en cinco dimensiones evaluadas: Equipamiento e infraestructura; \u00edndices de aprendizaje; personal docente competitivo; colaboraci\u00f3n y corresponsabilidad de padres de familia; liderazgo directivo y docente\u201d.<\/p>\n\n\n\n<p>Todo lo anterior refleja el trabajo coordinado de una verdadera comunidad educativa para beneficio de las y los alumnos.<\/p>\n\n\n\n<p>La certificaci\u00f3n es de cuatro niveles, y dependiendo de \u00e9sta se les otorga a sus directores la cantidad de 10 mil hasta 50 mil pesos; la aplicaci\u00f3n del recurso es comprobable y aplicable para beneficio directo del plantel regulado por lineamientos establecidos para el caso.<\/p>\n\n\n\n<p>Saracho Navarro expres\u00f3 su reconocimiento a las 107 escuelas, pero tambi\u00e9n reconoci\u00f3 al gobernador Miguel Riquelme como un aliado de la educaci\u00f3n y del magisterio en la entidad.<\/p>\n\n\n\n<p>Wendy Selene Garc\u00eda Galindo, Directora de la Primaria \u201cLic. Miguel Ramos Arizpe\u201d, en representaci\u00f3n de los homenajeados dijo que esta certificaci\u00f3n representa un logro.<\/p>\n\n\n\n<p>\u201cTodos sabemos que no fue f\u00e1cil el implementar las medidas necesarias para la mejora de los planteles, pero hoy manifestamos que en el Estado de Coahuila s\u00ed hay escuelas de calidad\u201d, se\u00f1al\u00f3.<\/p>\n\n\n\n<p>Agradeci\u00f3 al gobernador Miguel Riquelme por haber cre\u00eddo y apoyado esta iniciativa pionera para posicionar a la educaci\u00f3n de la entidad en los primeros lugares de calidad educativa del Pa\u00eds.<\/p>\n\n\n\n<p>A este evento, que se realiz\u00f3 en la Escuela Primaria \u201cLic. Miguel Ramos Arizpe\u201d, de la Colonia Lucio Blanco, se dieron cita, adem\u00e1s, Jos\u00e9 Antonio Guti\u00e9rrez Jard\u00f3n, diputado federal; Hugo D\u00e1vila Prado, diputado local; Jorge Fernando Mora Garza, Secretario General de la Secci\u00f3n 35 del SNTE; Alfredo Esmery de Alba, representante de la Secci\u00f3n 38 del SNTE; Jorge Alberto Salcido Portillo, Subsecretario de Educaci\u00f3n B\u00e1sica del Estado, y Flor Renter\u00eda Medina, Coordinadora de Servicios Educativos.<\/p>\n\n\n\n<p>As\u00ed como funcionarios regionales, municipales, maestros, alumnas y alumnos, padres de familia y comunidad educativa de esta franja de Coahuila.<\/p>\n","protected":false},"excerpt":{"rendered":"<p>\u00b7\u00a0\u00a0\u00a0\u00a0\u00a0\u00a0\u00a0En total fueron 107 las escuelas certificadas de las cinco regiones de Coahuila. \u00b7&nbsp;&nbsp;&nbsp;&nbsp;&nbsp;&nbsp;&nbsp;Las instituciones tambi\u00e9n recibieron apoyo econ\u00f3mico para realizar mejoras y rehabilitaciones. Torre\u00f3n, Coahuila de Zaragoza; a 5 de Septiembre de 2022.- \u201cHoy, expreso mi felicitaci\u00f3n a cada uno de los 107 centros educativos que alcanzaron la certificaci\u00f3n y que reciben hoy los apoyos econ\u00f3micos, recursos destinados a las mejoras de las escuelas\u201d, dijo el gobernador Miguel \u00c1ngel&#8230;<\/p>\n","protected":false},"author":1,"featured_media":10933,"comment_status":"closed","ping_status":"closed","sticky":false,"template":"","format":"standard","meta":{"footnotes":""},"categories":[5,9,15],"tags":[],"class_list":["post-10932","post","type-post","status-publish","format-standard","has-post-thumbnail","hentry","category-coahuila","category-educacion","category-gobierno-de-coahuila","wpcat-5-id","wpcat-9-id","wpcat-15-id"],"_links":{"self":[{"href":"https:\/\/www.aquilaguna.com\/index.php\/wp-json\/wp\/v2\/posts\/10932","targetHints":{"allow":["GET"]}}],"collection":[{"href":"https:\/\/www.aquilaguna.com\/index.php\/wp-json\/wp\/v2\/posts"}],"about":[{"href":"https:\/\/www.aquilaguna.com\/index.php\/wp-json\/wp\/v2\/types\/post"}],"author":[{"embeddable":true,"href":"https:\/\/www.aquilaguna.com\/index.php\/wp-json\/wp\/v2\/users\/1"}],"replies":[{"embeddable":true,"href":"https:\/\/www.aquilaguna.com\/index.php\/wp-json\/wp\/v2\/comments?post=10932"}],"version-history":[{"count":1,"href":"https:\/\/www.aquilaguna.com\/index.php\/wp-json\/wp\/v2\/posts\/10932\/revisions"}],"predecessor-version":[{"id":10934,"href":"https:\/\/www.aquilaguna.com\/index.php\/wp-json\/wp\/v2\/posts\/10932\/revisions\/10934"}],"wp:featuredmedia":[{"embeddable":true,"href":"https:\/\/www.aquilaguna.com\/index.php\/wp-json\/wp\/v2\/media\/10933"}],"wp:attachment":[{"href":"https:\/\/www.aquilaguna.com\/index.php\/wp-json\/wp\/v2\/media?parent=10932"}],"wp:term":[{"taxonomy":"category","embeddable":true,"href":"https:\/\/www.aquilaguna.com\/index.php\/wp-json\/wp\/v2\/categories?post=10932"},{"taxonomy":"post_tag","embeddable":true,"href":"https:\/\/www.aquilaguna.com\/index.php\/wp-json\/wp\/v2\/tags?post=10932"}],"curies":[{"name":"wp","href":"https:\/\/api.w.org\/{rel}","templated":true}]}}