{"id":10938,"date":"2022-09-05T17:27:48","date_gmt":"2022-09-05T22:27:48","guid":{"rendered":"https:\/\/www.aquilaguna.com\/?p=10938"},"modified":"2022-09-05T17:27:48","modified_gmt":"2022-09-05T22:27:48","slug":"coahuila-confia-en-el-ejercito-afirma-gobernador","status":"publish","type":"post","link":"https:\/\/www.aquilaguna.com\/index.php\/2022\/09\/05\/coahuila-confia-en-el-ejercito-afirma-gobernador\/","title":{"rendered":"&#8220;Coahuila conf\u00eda en el ej\u00e9rcito&#8221;, afirma Gobernador."},"content":{"rendered":"\n<p>Torre\u00f3n, Coahuila.- Coahuila, expreso,\u00a0 &#8220;es un Estado\u00a0 que cree en el Ejercito, que\u00a0 no le ha puesto ning\u00fan pero\u00a0 nunca, pero se\u00f1ala, &#8220;ahora le est\u00e1n dando\u00a0 labores que no le son propias, desde la seguridad interior del pa\u00eds. Creo yo que est\u00e1 perdiendo ah\u00ed, su verdadera misi\u00f3n&#8221;.\u00a0<\/p>\n\n\n\n<p>As\u00ed opino esta ma\u00f1ana, el Gobernador Miguel Angel Riquelme Solis ante el rumbo que\u00a0 lleva\u00a0 la asimilaci\u00f3n operativa y administrativa\u00a0 de la Guardia Nacional por parte de la SEDENA, seg\u00fan proceso\u00a0 \u00a0 que aprob\u00f3 por la mayor\u00eda morenista\u00a0 en la C\u00e1mara\u00a0 de diputados el pasado fin de semana, si bien se encuentra aun pendiente\u00a0 el an\u00e1lisis aprobaci\u00f3n o\u00a0 rechazo por parte de la C\u00e1mara de Senadores.\u00a0\u00a0\u00a0\u00a0\u00a0<\/p>\n\n\n\n<p>Agregando \u00a0 luego, &#8220;pues ya lo aprobaron. Mi postura, reitero, es de confianza \u00a0 en el ejercito mexicano. Esa es mi postura&#8221;, reiter\u00f3.\u00a0<\/p>\n\n\n\n<p>&#8220;Y si le dieron el encargo de la Guardia Nacional pues la realidad es que si est\u00e1bamos de acuerdo o no, ya lo aprobaron, bajo leyes secundarias o artima\u00f1as jur\u00eddicas, pero bueno, la realidad es que el Ej\u00e9rcito, tiene todo nuestro respeto, tiene toda la confianza&#8221;.<\/p>\n\n\n\n<p>&#8220;Aqu\u00ed en Coahuila somos institucionales y aqu\u00ed naci\u00f3 el Ej\u00e9rcito mexicano, de aqu\u00ed son sus\u00a0 ra\u00edces, de Coahuila&#8221;.<\/p>\n\n\n\n<p>Lamentablemente, a\u00f1adi\u00f3\u00a0 el Gobernador a lo antes dicho que, &#8220;desde el inicio de esta administraci\u00f3n federal. Que no decimos nosotros\u00a0 que no tengan capacidad, pero no son propias\u00a0 de sus funciones&#8221;.<\/p>\n\n\n\n<p>&#8220;Estemos de acuerdo o no, ustedes saben mi postura que he manifestado siempre, lamentablemente lo hicieron as\u00ed. No hay un respeto a los Poderes&#8221;.<\/p>\n\n\n\n<p>&#8220;Eso, queda claro, pero aqu\u00ed, vuelvo a repetir, el Ejercito tiene\u00a0 toda nuestra confianza&#8221;.\u00a0\u00a0<\/p>\n\n\n\n<p>&#8220;No hay duda en Coahuila al menos \u00a0 en mi mandato, cuando se defin\u00edan si sal\u00edan a las calles o no, porque aqu\u00ed, s\u00ed sal\u00edan porque aqu\u00ed s\u00ed hicieron funciones tambi\u00e9n preventivas&#8221;.<\/p>\n\n\n\n<p>&#8220;Por la relaci\u00f3n que existe en Coahuila&#8221;, recod\u00f3, &#8220;aqu\u00ed se hac\u00edan muchas cosas que realmente en otros lados tienen temor a una militarizaci\u00f3n. Coahuila&#8221;, reiter\u00f3, &#8220;es amigo del Ej\u00e9rcito mexicano&#8221;.<\/p>\n\n\n\n<p>Con\u00a0 con todo y ello, agreg\u00f3, &#8220;hay cosas que no proceden jur\u00eddicamente\u00a0 y\u00a0 todo mucho menos constitucionalmente&#8221;.<\/p>\n\n\n\n<p>Coahuila respeta al ej\u00e9rcito, porque aqu\u00ed si hay una muy buena coordinaci\u00f3n y sabemos que bajo esa coordinaci\u00f3n los militares protegen desde todos los frentes jur\u00eddicos, porque hay confianza&#8221;.<\/p>\n\n\n\n<p>&#8220;Hay lugares donde dice, que no salgan, otros que dicen gu\u00e1rdenlos, otros dicen no los metan de polic\u00edas. Aqu\u00ed en Coahuila\u00a0 la han hecho de todo, pero de manera Coordinada&#8221;.<\/p>\n\n\n\n<p><strong>SECUELAS.<\/strong><\/p>\n\n\n\n<p>En otro orden de ideas, el Gobernador Riquelme Solis,\u00a0 dijo conocer \u00a0 que\u00a0 se han girado hasta hoy tres ordenes de aprehensi\u00f3n a tres personas\u00a0 por \u00a0 probable comisi\u00f3n de delitos\u00a0 registrados en relaci\u00f3n a la tragedia de la Mina\u00a0 El Pinabete.\u00a0<\/p>\n\n\n\n<p>Confirm\u00f3, que la Fiscal\u00eda General de Justicia, ha colaborado con su similar del orden federal, para las\u00a0 averiguaciones y sobre todo, para las investigaciones y la apertura de las carpetas.<\/p>\n\n\n\n<p>Entonces, dijo, &#8220;seguiremos\u00a0 colaborando, es un tema al cien por ciento federal y la realidad es que en el tema de las minas, sobre todo en los pocitos de carb\u00f3n, siempre hab\u00eda sido muy complicado llegar, primero a qui\u00e9nes\u00a0 tienen la concesi\u00f3n, qui\u00e9n la explota y tercer lugar, a qui\u00e9n le est\u00e1n vendiendo el carb\u00f3n&#8221;.<\/p>\n\n\n\n<p>Espero, afirm\u00f3, &#8220;que se lleguen a conclusiones y que finalmente se deslinden responsabilidades. Siempre hemos estado\u00a0 en contra, dijo, &#8220;de que se trabajen o de que se exploten esas minas verticales por el riesgo que corren ah\u00ed los\u00a0 mineros&#8221;.<\/p>\n\n\n\n<p>&#8220;Lamentablemente \u00a0 pasa un tiempo\u00a0 y la CFE empieza a comprar carb\u00f3n\u00a0 y empiezan el coyotaje\u00a0 empiezan a comprar carb\u00f3n de todos lados, y la responsabilidad&#8221;, reiter\u00f3, &#8220;de esa explotaci\u00f3n, pues es federal&#8221;.\u00a0\u00a0<\/p>\n\n\n\n<p>Concluy\u00f3 en que, &#8220;finalmente se libraron las ordenes de aprehensi\u00f3n y habr\u00e1 consecuencias para quienes de alguna forma no atendieron las indicaciones de prevenci\u00f3n y de riesgo que finalmente terminaron en tragedia. Nosotros, estamos para colaborar&#8221;.<\/p>\n","protected":false},"excerpt":{"rendered":"<p>Torre\u00f3n, Coahuila.- Coahuila, expreso,\u00a0 &#8220;es un Estado\u00a0 que cree en el Ejercito, que\u00a0 no le ha puesto ning\u00fan pero\u00a0 nunca, pero se\u00f1ala, &#8220;ahora le est\u00e1n dando\u00a0 labores que no le son propias, desde la seguridad interior del pa\u00eds. Creo yo que est\u00e1 perdiendo ah\u00ed, su verdadera misi\u00f3n&#8221;.\u00a0 As\u00ed opino esta ma\u00f1ana, el Gobernador Miguel Angel Riquelme Solis ante el rumbo que\u00a0 lleva\u00a0 la asimilaci\u00f3n operativa y administrativa\u00a0 de la Guardia&#8230;<\/p>\n","protected":false},"author":2,"featured_media":0,"comment_status":"closed","ping_status":"","sticky":false,"template":"","format":"standard","meta":{"footnotes":""},"categories":[5,44,15,24],"tags":[],"class_list":["post-10938","post","type-post","status-publish","format-standard","hentry","category-coahuila","category-ejercito","category-gobierno-de-coahuila","category-seguridad","wpcat-5-id","wpcat-44-id","wpcat-15-id","wpcat-24-id"],"_links":{"self":[{"href":"https:\/\/www.aquilaguna.com\/index.php\/wp-json\/wp\/v2\/posts\/10938","targetHints":{"allow":["GET"]}}],"collection":[{"href":"https:\/\/www.aquilaguna.com\/index.php\/wp-json\/wp\/v2\/posts"}],"about":[{"href":"https:\/\/www.aquilaguna.com\/index.php\/wp-json\/wp\/v2\/types\/post"}],"author":[{"embeddable":true,"href":"https:\/\/www.aquilaguna.com\/index.php\/wp-json\/wp\/v2\/users\/2"}],"replies":[{"embeddable":true,"href":"https:\/\/www.aquilaguna.com\/index.php\/wp-json\/wp\/v2\/comments?post=10938"}],"version-history":[{"count":1,"href":"https:\/\/www.aquilaguna.com\/index.php\/wp-json\/wp\/v2\/posts\/10938\/revisions"}],"predecessor-version":[{"id":10939,"href":"https:\/\/www.aquilaguna.com\/index.php\/wp-json\/wp\/v2\/posts\/10938\/revisions\/10939"}],"wp:attachment":[{"href":"https:\/\/www.aquilaguna.com\/index.php\/wp-json\/wp\/v2\/media?parent=10938"}],"wp:term":[{"taxonomy":"category","embeddable":true,"href":"https:\/\/www.aquilaguna.com\/index.php\/wp-json\/wp\/v2\/categories?post=10938"},{"taxonomy":"post_tag","embeddable":true,"href":"https:\/\/www.aquilaguna.com\/index.php\/wp-json\/wp\/v2\/tags?post=10938"}],"curies":[{"name":"wp","href":"https:\/\/api.w.org\/{rel}","templated":true}]}}