{"id":10941,"date":"2022-09-06T16:06:16","date_gmt":"2022-09-06T21:06:16","guid":{"rendered":"https:\/\/www.aquilaguna.com\/?p=10941"},"modified":"2022-09-06T16:06:16","modified_gmt":"2022-09-06T21:06:16","slug":"continua-crih-coahuila-exhumaciones-masivas-recuperan-cuerpos-de-san-pedro","status":"publish","type":"post","link":"https:\/\/www.aquilaguna.com\/index.php\/2022\/09\/06\/continua-crih-coahuila-exhumaciones-masivas-recuperan-cuerpos-de-san-pedro\/","title":{"rendered":"CONTIN\u00daA CRIH COAHUILA EXHUMACIONES MASIVAS: RECUPERAN CUERPOS DE SAN PEDRO."},"content":{"rendered":"\n<p>Torre\u00f3n, Coahuila de Zaragoza; a 6 de Septiembre de 2022.- A casi dos a\u00f1os de la creaci\u00f3n del Centro Regional de Identificaci\u00f3n Humana (CRIH) de la Comisi\u00f3n de B\u00fasqueda del Estado de Coahuila, este lunes inici\u00f3 la s\u00e9ptima intervenci\u00f3n con enfoque masivo en fosas comunes.<\/p>\n\n\n\n<p>La Coordinadora General, Yezka Garza Ram\u00edrez, indic\u00f3 que en esta ocasi\u00f3n el equipo de Arqueolog\u00eda se encuentra exhumando el Pante\u00f3n Municipal de San Pedro, ubicado en San Pedro de las Colonias.<\/p>\n\n\n\n<p>\u201cEsta jornada ser\u00e1 de 19 d\u00edas, iniciamos hoy 5 y concluimos el 23 de septiembre, tenemos informaci\u00f3n documentada de 43 fosas individuales y a trav\u00e9s de la prospecci\u00f3n se detectaron 44 puntos potenciales\u201d, expres\u00f3.<\/p>\n\n\n\n<p>Durante los pr\u00f3ximos d\u00edas, personal del CRIH, de la Comisi\u00f3n Estatal de B\u00fasqueda, de la Fiscal\u00eda de Desaparecidos, de la Comisi\u00f3n Ejecutiva de Atenci\u00f3n a V\u00edctimas, las familias de las personas desaparecidas y con el acompa\u00f1amiento de la Fundaci\u00f3n de Antropolog\u00eda Forense de Guatemala, estar\u00e1n realizando el proceso de recuperaci\u00f3n.<\/p>\n\n\n\n<p>\u201cPosterior a esta s\u00e9ptima intervenci\u00f3n, continuaremos en la Regi\u00f3n Carbon\u00edfera y la Centro, como se estipul\u00f3 en el plan anual que trabajamos en coordinaci\u00f3n con las familias, que nos acompa\u00f1an en este todas las exhumaciones\u201d, concluy\u00f3.<\/p>\n","protected":false},"excerpt":{"rendered":"<p>Torre\u00f3n, Coahuila de Zaragoza; a 6 de Septiembre de 2022.- A casi dos a\u00f1os de la creaci\u00f3n del Centro Regional de Identificaci\u00f3n Humana (CRIH) de la Comisi\u00f3n de B\u00fasqueda del Estado de Coahuila, este lunes inici\u00f3 la s\u00e9ptima intervenci\u00f3n con enfoque masivo en fosas comunes. La Coordinadora General, Yezka Garza Ram\u00edrez, indic\u00f3 que en esta ocasi\u00f3n el equipo de Arqueolog\u00eda se encuentra exhumando el Pante\u00f3n Municipal de San Pedro, ubicado&#8230;<\/p>\n","protected":false},"author":1,"featured_media":10942,"comment_status":"closed","ping_status":"closed","sticky":false,"template":"","format":"standard","meta":{"footnotes":""},"categories":[5,15,28,3],"tags":[],"class_list":["post-10941","post","type-post","status-publish","format-standard","has-post-thumbnail","hentry","category-coahuila","category-gobierno-de-coahuila","category-la-laguna","category-san-pedro","wpcat-5-id","wpcat-15-id","wpcat-28-id","wpcat-3-id"],"_links":{"self":[{"href":"https:\/\/www.aquilaguna.com\/index.php\/wp-json\/wp\/v2\/posts\/10941","targetHints":{"allow":["GET"]}}],"collection":[{"href":"https:\/\/www.aquilaguna.com\/index.php\/wp-json\/wp\/v2\/posts"}],"about":[{"href":"https:\/\/www.aquilaguna.com\/index.php\/wp-json\/wp\/v2\/types\/post"}],"author":[{"embeddable":true,"href":"https:\/\/www.aquilaguna.com\/index.php\/wp-json\/wp\/v2\/users\/1"}],"replies":[{"embeddable":true,"href":"https:\/\/www.aquilaguna.com\/index.php\/wp-json\/wp\/v2\/comments?post=10941"}],"version-history":[{"count":1,"href":"https:\/\/www.aquilaguna.com\/index.php\/wp-json\/wp\/v2\/posts\/10941\/revisions"}],"predecessor-version":[{"id":10943,"href":"https:\/\/www.aquilaguna.com\/index.php\/wp-json\/wp\/v2\/posts\/10941\/revisions\/10943"}],"wp:featuredmedia":[{"embeddable":true,"href":"https:\/\/www.aquilaguna.com\/index.php\/wp-json\/wp\/v2\/media\/10942"}],"wp:attachment":[{"href":"https:\/\/www.aquilaguna.com\/index.php\/wp-json\/wp\/v2\/media?parent=10941"}],"wp:term":[{"taxonomy":"category","embeddable":true,"href":"https:\/\/www.aquilaguna.com\/index.php\/wp-json\/wp\/v2\/categories?post=10941"},{"taxonomy":"post_tag","embeddable":true,"href":"https:\/\/www.aquilaguna.com\/index.php\/wp-json\/wp\/v2\/tags?post=10941"}],"curies":[{"name":"wp","href":"https:\/\/api.w.org\/{rel}","templated":true}]}}