{"id":10960,"date":"2022-09-06T17:38:52","date_gmt":"2022-09-06T22:38:52","guid":{"rendered":"https:\/\/www.aquilaguna.com\/?p=10960"},"modified":"2022-09-06T17:38:52","modified_gmt":"2022-09-06T22:38:52","slug":"instala-gobierno-de-coahuila-centros-de-acopio-para-apoyar-a-viesca-y-matamoros","status":"publish","type":"post","link":"https:\/\/www.aquilaguna.com\/index.php\/2022\/09\/06\/instala-gobierno-de-coahuila-centros-de-acopio-para-apoyar-a-viesca-y-matamoros\/","title":{"rendered":"INSTALA GOBIERNO DE COAHUILA CENTROS DE ACOPIO PARA APOYAR A VIESCA Y MATAMOROS."},"content":{"rendered":"\n<p>\u00b7\u00a0\u00a0\u00a0\u00a0\u00a0\u00a0<strong><em>\u00a0Unidad Deportiva de Torre\u00f3n, abierto de las 08:00 a las 20:00 horas.<\/em><\/strong><\/p>\n\n\n\n<p>\u00b7&nbsp;&nbsp;&nbsp;&nbsp;&nbsp;&nbsp;<strong><em>&nbsp;Edifico Coahuila, abierto de las 09:00 a las 17:00 horas.<\/em><\/strong><\/p>\n\n\n\n<p>Torre\u00f3n, Coahuila de Zaragoza; a 6 de Septiembre a 2022.- El Gobierno de Coahuila, a trav\u00e9s de la Secretar\u00eda de Inclusi\u00f3n y Desarrollo Social (SIDS), instal\u00f3 dos centros de acopio para apoyar a ciudadanos de Viesca y Matamoros, que ante la creciente progresiva del caudal del R\u00edo Aguanaval han tenido que ser trasladados a albergues.<\/p>\n\n\n\n<p>Uno de \u00e9stos se ubica en la Unidad Deportiva Torre\u00f3n y otro en el Edificio Coahuila, dio a conocer el titular de la Unidad de Atenci\u00f3n en La Laguna y representante del Gobernador, David Flores Lavenat, quien invita a la poblaci\u00f3n a sumarse y poder ayudar a quien m\u00e1s necesita el apoyo en estos momentos.<\/p>\n\n\n\n<p>El funcionario inform\u00f3 que desde ayer, el gobernador Miguel \u00c1ngel Riquelme Sol\u00eds les pidi\u00f3 estar alertas ante la creciente de r\u00edo, con el prop\u00f3sito de que no haya p\u00e9rdidas humanas y las afectaciones sean menores.<\/p>\n\n\n\n<p>Es as\u00ed como trabajan en conjunto con el Ej\u00e9rcito Mexicano, la Guardia Nacional, la Secretar\u00eda de Seguridad P\u00fablica del Estado, las Polic\u00edas Municipales, as\u00ed como las Unidades Municipales de Protecci\u00f3n Civil, para poner a salvo a las personas que se encuentran en las m\u00e1rgenes del Aguanaval.<\/p>\n\n\n\n<p>\u201cEn este momento se est\u00e1 trabajando con el apoyo de maquinaria, tratando de generar salidas para la corriente y que no se causen da\u00f1os mayores\u201d, enfatiz\u00f3.<\/p>\n\n\n\n<p>Flores Lavenat invita a las y los laguneros a colaborar en los Centros de Acopio con:<\/p>\n\n\n\n<p>+ Leche en polvo.<\/p>\n\n\n\n<p>+ Agua embotellada.<\/p>\n\n\n\n<p>+ Enlatados como at\u00fan y ma\u00edz.<\/p>\n\n\n\n<p>+ Sopas instant\u00e1neas.<\/p>\n\n\n\n<p>+ Harina de trigo y de ma\u00edz.<\/p>\n\n\n\n<p>+ Alimentos no perecederos.<\/p>\n\n\n\n<p>+ Gasas.<\/p>\n\n\n\n<p>+ Vendas.<\/p>\n\n\n\n<p>+ Desinfectantes de heridas.<\/p>\n\n\n\n<p>+ Suero.<\/p>\n\n\n\n<p>+ Alcohol.<\/p>\n\n\n\n<p>+ Agua oxigenada.<\/p>\n\n\n\n<p>+ Gel antibacterial.<\/p>\n\n\n\n<p>+ Jabones neutros.<\/p>\n\n\n\n<p>+ Pasta de dientes.<\/p>\n\n\n\n<p>+ Cobijas.<\/p>\n\n\n\n<p>+ Ropa.<\/p>\n\n\n\n<p>+ Art\u00edculos de limpieza para el hogar (cubetas, franelas, escobas, cepillos, jab\u00f3n).<\/p>\n\n\n\n<p>+ Art\u00edculos de higiene personal (papel sanitario, toallas femeninas, pa\u00f1ales, etc.).<\/p>\n\n\n\n<p>Una vez m\u00e1s, dijo que los v\u00edveres recolectados son para la poblaci\u00f3n que ha sido evacuada y llevada a dos alberges: En Matamoros, en la Secundaria General N\u00famero 1, y en Viesca, en el Centro C\u00edvico Angora.<\/p>\n\n\n\n<p>En donde la SIDS ya entreg\u00f3 200 despensas, en el primero, y 100 en el segundo sitio, puntualiz\u00f3 el funcionario.<\/p>\n","protected":false},"excerpt":{"rendered":"<p>\u00b7\u00a0\u00a0\u00a0\u00a0\u00a0\u00a0\u00a0Unidad Deportiva de Torre\u00f3n, abierto de las 08:00 a las 20:00 horas. \u00b7&nbsp;&nbsp;&nbsp;&nbsp;&nbsp;&nbsp;&nbsp;Edifico Coahuila, abierto de las 09:00 a las 17:00 horas. Torre\u00f3n, Coahuila de Zaragoza; a 6 de Septiembre a 2022.- El Gobierno de Coahuila, a trav\u00e9s de la Secretar\u00eda de Inclusi\u00f3n y Desarrollo Social (SIDS), instal\u00f3 dos centros de acopio para apoyar a ciudadanos de Viesca y Matamoros, que ante la creciente progresiva del caudal del R\u00edo Aguanaval&#8230;<\/p>\n","protected":false},"author":1,"featured_media":10961,"comment_status":"closed","ping_status":"closed","sticky":false,"template":"","format":"standard","meta":{"footnotes":""},"categories":[27,5,15,28,67,54,45],"tags":[],"class_list":["post-10960","post","type-post","status-publish","format-standard","has-post-thumbnail","hentry","category-clima","category-coahuila","category-gobierno-de-coahuila","category-la-laguna","category-matamoros","category-proteccion-civil","category-viesca","wpcat-27-id","wpcat-5-id","wpcat-15-id","wpcat-28-id","wpcat-67-id","wpcat-54-id","wpcat-45-id"],"_links":{"self":[{"href":"https:\/\/www.aquilaguna.com\/index.php\/wp-json\/wp\/v2\/posts\/10960","targetHints":{"allow":["GET"]}}],"collection":[{"href":"https:\/\/www.aquilaguna.com\/index.php\/wp-json\/wp\/v2\/posts"}],"about":[{"href":"https:\/\/www.aquilaguna.com\/index.php\/wp-json\/wp\/v2\/types\/post"}],"author":[{"embeddable":true,"href":"https:\/\/www.aquilaguna.com\/index.php\/wp-json\/wp\/v2\/users\/1"}],"replies":[{"embeddable":true,"href":"https:\/\/www.aquilaguna.com\/index.php\/wp-json\/wp\/v2\/comments?post=10960"}],"version-history":[{"count":1,"href":"https:\/\/www.aquilaguna.com\/index.php\/wp-json\/wp\/v2\/posts\/10960\/revisions"}],"predecessor-version":[{"id":10962,"href":"https:\/\/www.aquilaguna.com\/index.php\/wp-json\/wp\/v2\/posts\/10960\/revisions\/10962"}],"wp:featuredmedia":[{"embeddable":true,"href":"https:\/\/www.aquilaguna.com\/index.php\/wp-json\/wp\/v2\/media\/10961"}],"wp:attachment":[{"href":"https:\/\/www.aquilaguna.com\/index.php\/wp-json\/wp\/v2\/media?parent=10960"}],"wp:term":[{"taxonomy":"category","embeddable":true,"href":"https:\/\/www.aquilaguna.com\/index.php\/wp-json\/wp\/v2\/categories?post=10960"},{"taxonomy":"post_tag","embeddable":true,"href":"https:\/\/www.aquilaguna.com\/index.php\/wp-json\/wp\/v2\/tags?post=10960"}],"curies":[{"name":"wp","href":"https:\/\/api.w.org\/{rel}","templated":true}]}}