{"id":10975,"date":"2022-09-07T19:03:10","date_gmt":"2022-09-08T00:03:10","guid":{"rendered":"https:\/\/www.aquilaguna.com\/?p=10975"},"modified":"2022-09-07T19:03:11","modified_gmt":"2022-09-08T00:03:11","slug":"lanza-coahuila-convocatoria-para-el-premio-estatal-del-deporte-2022","status":"publish","type":"post","link":"https:\/\/www.aquilaguna.com\/index.php\/2022\/09\/07\/lanza-coahuila-convocatoria-para-el-premio-estatal-del-deporte-2022\/","title":{"rendered":"LANZA COAHUILA CONVOCATORIA PARA EL PREMIO ESTATAL DEL DEPORTE 2022."},"content":{"rendered":"\n<p>Saltillo, Coahuila de Zaragoza; a 7 de Septiembre de 2022.- El Gobierno del Estado, a trav\u00e9s del Instituto Estatal del Deporte de Coahuila (INEDEC) abri\u00f3 la convocatoria del Premio Estatal de Deporte 2022, que ser\u00e1 entregado en siete diferentes categor\u00edas.<\/p>\n\n\n\n<p>Este premio reconoce la excelencia en el deporte de individuos, organismos, instituciones, asociaciones, sociedades y entidades de promoci\u00f3n deportiva.<\/p>\n\n\n\n<p>Alina Garza Herrera, Directora General del INEDEC, en rueda de prensa inform\u00f3 que el Premio Estatal del Deporte 2022 lo recibir\u00e1n atletas, equipos, asociaciones o grupos en las categor\u00edas:<\/p>\n\n\n\n<p>&#8211; Atleta, Equipo o Grupo Absoluto.<\/p>\n\n\n\n<p>&#8211; Entrenador Absoluto.<\/p>\n\n\n\n<p>&#8211; Protecci\u00f3n o Impulso al Deporte.<\/p>\n\n\n\n<p>&#8211; Atleta Veterano.<\/p>\n\n\n\n<p>&#8211; Trayectoria Deportiva.<\/p>\n\n\n\n<p>&#8211; Atleta Infantil-Juvenil Convencional.<\/p>\n\n\n\n<p>&#8211; Atleta Infantil-Juvenil Adaptado.<\/p>\n\n\n\n<p>La titular del Deporte de Coahuila mencion\u00f3 que las candidaturas deber\u00e1n ser presentadas a partir de la publicaci\u00f3n de la presente convocatoria y a m\u00e1s tardar el 12 de octubre de 2022 a las 16:00 horas en las oficinas del Instituto Estatal del Deporte, ubicadas en Calzada Antonio Narro y Perif\u00e9rico Luis Echeverr\u00eda \u00c1lvarez S\/N (Parque Venustiano Carranza Solidaridad), CP 25060, en Saltillo, o en las Coordinaciones Regionales del INEDEC.<\/p>\n\n\n\n<p>De la misma manera, se\u00f1al\u00f3 que la elecci\u00f3n del Premio Estatal 2022 se realizar\u00e1 el d\u00eda 17 de octubre a las 12:00 horas en las instalaciones que ocupa el Centro de Concentraci\u00f3n \u201cEulalio Guti\u00e9rrez Trevi\u00f1o del INEDEC, con la participaci\u00f3n de las personas previamente insaculadas como jurado.<\/p>\n\n\n\n<p>La convocatoria del Premio Estatal del Deporte 2022 se encuentra ya en todas las redes sociales del INEDEC.<\/p>\n\n\n\n<p>\u201cLa entrega del Premio Estatal del Deporte viene a enmarcar la gran estrategia de seguridad que el gobernador Miguel \u00c1ngel Riquelme Sol\u00eds ha llevado en nuestro estado, ya que somos una parte muy importante de ese eje transversal en temas de prevenci\u00f3n al delito\u201d, mencion\u00f3 la titular del Deporte.<\/p>\n\n\n\n<p>Garza Herrera destac\u00f3 que nada de esto ser\u00eda posible sin el apoyo y acompa\u00f1amiento que el Gobernador ha dado al deporte coahuilense desde el primer d\u00eda de su Administraci\u00f3n.&nbsp;<\/p>\n\n\n\n<p>Acompa\u00f1aron a la Directora del INEDEC en esta rueda de prensa, ganadores de ediciones pasadas de este premio, como Ariana Cepeda de la Mora (Frontenis), Edson Ismael Ram\u00edrez Ramos (Tiro Deportivo), Blas Ruiz Mart\u00ednez (Tiro Deportivo) y Noel Guti\u00e9rrez Bouquet.<\/p>\n\n\n\n<p>Adem\u00e1s de Miguel Almonte Ayala, Director de Calidad en el Deporte del INEDEC, y Rosa Mar\u00eda Adam Tovar, Subdirectora de Cultura F\u00edsica y Deporte del Instituto.<\/p>\n","protected":false},"excerpt":{"rendered":"<p>Saltillo, Coahuila de Zaragoza; a 7 de Septiembre de 2022.- El Gobierno del Estado, a trav\u00e9s del Instituto Estatal del Deporte de Coahuila (INEDEC) abri\u00f3 la convocatoria del Premio Estatal de Deporte 2022, que ser\u00e1 entregado en siete diferentes categor\u00edas. Este premio reconoce la excelencia en el deporte de individuos, organismos, instituciones, asociaciones, sociedades y entidades de promoci\u00f3n deportiva. Alina Garza Herrera, Directora General del INEDEC, en rueda de prensa&#8230;<\/p>\n","protected":false},"author":1,"featured_media":10976,"comment_status":"closed","ping_status":"closed","sticky":false,"template":"","format":"standard","meta":{"footnotes":""},"categories":[5,33,15],"tags":[],"class_list":["post-10975","post","type-post","status-publish","format-standard","has-post-thumbnail","hentry","category-coahuila","category-deporte","category-gobierno-de-coahuila","wpcat-5-id","wpcat-33-id","wpcat-15-id"],"_links":{"self":[{"href":"https:\/\/www.aquilaguna.com\/index.php\/wp-json\/wp\/v2\/posts\/10975","targetHints":{"allow":["GET"]}}],"collection":[{"href":"https:\/\/www.aquilaguna.com\/index.php\/wp-json\/wp\/v2\/posts"}],"about":[{"href":"https:\/\/www.aquilaguna.com\/index.php\/wp-json\/wp\/v2\/types\/post"}],"author":[{"embeddable":true,"href":"https:\/\/www.aquilaguna.com\/index.php\/wp-json\/wp\/v2\/users\/1"}],"replies":[{"embeddable":true,"href":"https:\/\/www.aquilaguna.com\/index.php\/wp-json\/wp\/v2\/comments?post=10975"}],"version-history":[{"count":1,"href":"https:\/\/www.aquilaguna.com\/index.php\/wp-json\/wp\/v2\/posts\/10975\/revisions"}],"predecessor-version":[{"id":10977,"href":"https:\/\/www.aquilaguna.com\/index.php\/wp-json\/wp\/v2\/posts\/10975\/revisions\/10977"}],"wp:featuredmedia":[{"embeddable":true,"href":"https:\/\/www.aquilaguna.com\/index.php\/wp-json\/wp\/v2\/media\/10976"}],"wp:attachment":[{"href":"https:\/\/www.aquilaguna.com\/index.php\/wp-json\/wp\/v2\/media?parent=10975"}],"wp:term":[{"taxonomy":"category","embeddable":true,"href":"https:\/\/www.aquilaguna.com\/index.php\/wp-json\/wp\/v2\/categories?post=10975"},{"taxonomy":"post_tag","embeddable":true,"href":"https:\/\/www.aquilaguna.com\/index.php\/wp-json\/wp\/v2\/tags?post=10975"}],"curies":[{"name":"wp","href":"https:\/\/api.w.org\/{rel}","templated":true}]}}