{"id":10988,"date":"2022-09-08T18:58:13","date_gmt":"2022-09-08T23:58:13","guid":{"rendered":"https:\/\/www.aquilaguna.com\/?p=10988"},"modified":"2022-09-08T18:58:13","modified_gmt":"2022-09-08T23:58:13","slug":"coahuila-suma-esfuerzos-en-contra-del-suicidio","status":"publish","type":"post","link":"https:\/\/www.aquilaguna.com\/index.php\/2022\/09\/08\/coahuila-suma-esfuerzos-en-contra-del-suicidio\/","title":{"rendered":"COAHUILA SUMA ESFUERZOS EN CONTRA DEL SUICIDIO."},"content":{"rendered":"\n<p>\u00b7\u00a0\u00a0\u00a0\u00a0\u00a0\u00a0<strong><em>\u00a0Firman convenio de colaboraci\u00f3n la UA de C y el Ayuntamiento de Saltillo con el Gobierno del Estado<\/em><\/strong><\/p>\n\n\n\n<p>Saltillo, Coahuila de Zaragoza; a 8 de Septiembre de 2022.-&nbsp; Para desarrollar acciones o programas encaminados a la prevenci\u00f3n, detecci\u00f3n, atenci\u00f3n de riesgo o conductas antisociales por suicidio, el Gobierno del Estado, el Ayuntamiento de Saltillo y la Universidad Aut\u00f3noma de Coahuila firmaron un convenio de colaboraci\u00f3n.<\/p>\n\n\n\n<p>El Secretario de Salud de Coahuila, Roberto Bernal G\u00f3mez, sign\u00f3 el acuerdo con el Alcalde de Saltillo, Jos\u00e9 Mar\u00eda Fraustro Siller; el&nbsp; Rector de la UA de C, Salvador Hern\u00e1ndez V\u00e9lez; el titular de la Fiscal\u00eda General del Estado, Gerardo M\u00e1rquez Guevara, y Diana Carolina Castillo D\u00edaz, representante del Secretario de Educaci\u00f3n estatal, Francisco Saracho Navarro.<\/p>\n\n\n\n<p>Extern\u00f3 que con esta acci\u00f3n se consolida en Coahuila la red de apoyo interinstitucional para prevenir el suicidio, que tambi\u00e9n involucra a asociaciones civiles y&nbsp; empresas de la Regi\u00f3n Sureste comprometidas socialmente.<\/p>\n\n\n\n<p>Agreg\u00f3 que la Administraci\u00f3n del gobernador Miguel \u00c1ngel Riquelme Sol\u00eds, a trav\u00e9s del Programa de Salud Mental y Prevenci\u00f3n del Suicidio, la Secretar\u00eda a su cargo implement\u00f3 el C\u00d3DIGO 100, dirigido a canalizar pacientes con riesgo de intenci\u00f3n suicida, ante las instancias de salud mental correspondientes.<\/p>\n\n\n\n<p>Su finalidad, dijo, es la formaci\u00f3n de una red entre todos los niveles de atenci\u00f3n, y dar seguimiento a cada persona que llegue con un intento de suicidio, sin importar el grado de letalidad.<\/p>\n\n\n\n<p>Pretende brindar la atenci\u00f3n necesaria para no perder a los pacientes, y una vez recuperados, darles los apoyos psicol\u00f3gico y emocional que requieran, abund\u00f3 Bernal G\u00f3mez.<\/p>\n\n\n\n<p>\u201cManeja distintas estrategias como tamizajes internos, participaci\u00f3n de m\u00e9dicos y pasantes, as\u00ed como brigadas de apoyo de salud mental\u201d, explic\u00f3.<\/p>\n\n\n\n<p>\u201cSe trabajar\u00e1 con asociaciones civiles para coordinar acciones encaminadas a la prevenci\u00f3n del flagelo, mientras que con la UA de C se definir\u00e1n estrategias precisas con las escuelas de Medicina, Psicolog\u00eda, Jurisprudencia, Trabajo Social, Enfermer\u00eda y Comunicaci\u00f3n, entre otras, con el mismo objetivo\u201d.<\/p>\n\n\n\n<p>Por otra parte, el titular de&nbsp; Salud en Coahuila expres\u00f3 que el gobierno de Miguel Riquelme es pionero en impulsar y promover la Feria del Arte y Cultura \u201cValorarte 2022\u201d, en respaldo al C\u00d3DIGO 100.<\/p>\n\n\n\n<p>\u201cLa Feria une a universidades y asociaciones civiles para que a trav\u00e9s de manifestaciones art\u00edsticas se sensibilice a la poblaci\u00f3n, principalmente a los j\u00f3venes, sobre la importancia de la vida\u201d, enfatiz\u00f3 Bernal G\u00f3mez.<\/p>\n\n\n\n<p>En ese sentido, agreg\u00f3: \u201cPromovemos, mediante la elaboraci\u00f3n de cortometrajes, obras de arte, pinturas y murales, entre otros, los principales s\u00edntomas de quien pretende atentar contra su vida\u201d,&nbsp; detall\u00f3.<\/p>\n\n\n\n<p>La cruzada interinstitucional que se fortalece con el acuerdo, que se suscribe en el marco del D\u00eda Mundial contra el Suicidio, permitir\u00e1 salvar vidas, refiri\u00f3.<\/p>\n\n\n\n<p>Por su parte, la representante de la Secretar\u00eda de Educaci\u00f3n, Carolina Castillo D\u00edaz, resalt\u00f3 el compromiso de la instituci\u00f3n de colaborar estrechamente en el esfuerzo interinstitucional para impulsar entre todo el sector acciones encaminadas a la prevenci\u00f3n y combate al suicidio.<\/p>\n\n\n\n<p>En tanto, el titular de la FGE, Gerardo M\u00e1rquez Guevara, expres\u00f3 que la estrategia permitir\u00e1 compartir conocimientos, experiencias y esfuerzos encaminados a la prevenci\u00f3n, detecci\u00f3n y atenci\u00f3n del suicidio, conductas antisociales y de riesgo.<\/p>\n\n\n\n<p>Resalt\u00f3 que desde el 2017, la FGE y el Ayuntamiento de Saltillo iniciaron esfuerzos conjuntos en esa materia, en coordinaci\u00f3n con la Facultad de Psicolog\u00eda de la UA de C.<\/p>\n\n\n\n<p>Asimismo, agreg\u00f3 que en su oportunidad se firm\u00f3 un acurdo de colaboraci\u00f3n con las Secretar\u00edas de Salud y de Educaci\u00f3n estatales para la impartici\u00f3n de talleres, capacitaci\u00f3n de directivos, docentes, personal administrativo y alumnos, encaminados a la detecci\u00f3n de indicadores de riesgo de la conducta suicida.<\/p>\n\n\n\n<p>M\u00e1rquez Guevara indic\u00f3 que en ese tenor trabajar\u00e1n las instituciones p\u00fablicas y las organizaciones de la sociedad civil: \u201cCon un enfoque de Derechos Humanos y visi\u00f3n psicosocial\u201d.<\/p>\n\n\n\n<p>Estim\u00f3 que el suicidio se puede prevenir a trav\u00e9s de la prevenci\u00f3n basada en pruebas como la restricci\u00f3n a los medios para el suicidio, pol\u00edticas de salud mental, la reducci\u00f3n en la ingesta de alcohol y la promoci\u00f3n medi\u00e1tica responsable sobre el fen\u00f3meno.<\/p>\n\n\n\n<p>En tanto, el Alcalde de Saltillo, Jos\u00e9 Mar\u00eda Fraustro Siller, reiter\u00f3 el compromiso de su Administraci\u00f3n de sumar esfuerzos y acciones interinstitucionales para prevenir el suicidio, al tiempo que destac\u00f3 que esta localidad es la primera en sumarse al convenio de colaboraci\u00f3n con las Secretar\u00edas de Salud, de Educaci\u00f3n, de la FGE y de la UA de C.<\/p>\n\n\n\n<p>Por su parte, el Rector de la Aut\u00f3noma de Coahuila, Salvador Hern\u00e1ndez V\u00e9lez, se congratul\u00f3 por el acuerdo y dijo que en la totalidad del \u00e1mbito universitario se impulsar\u00e1n mecanismos tendientes lograr el objetivo.<\/p>\n\n\n\n<p>EXPOSICI\u00d3N PICT\u00d3RICA<\/p>\n\n\n\n<p>Posteriormente, las autoridades inauguraron la Exposici\u00f3n Pict\u00f3rica alusiva al flagelo, que cinco artistas independientes de la localidad montaron en el vest\u00edbulo del Ateneo Fuente, y que permanecer\u00e1 en el lugar hasta el pr\u00f3ximo domingo.<\/p>\n","protected":false},"excerpt":{"rendered":"<p>\u00b7\u00a0\u00a0\u00a0\u00a0\u00a0\u00a0\u00a0Firman convenio de colaboraci\u00f3n la UA de C y el Ayuntamiento de Saltillo con el Gobierno del Estado Saltillo, Coahuila de Zaragoza; a 8 de Septiembre de 2022.-&nbsp; Para desarrollar acciones o programas encaminados a la prevenci\u00f3n, detecci\u00f3n, atenci\u00f3n de riesgo o conductas antisociales por suicidio, el Gobierno del Estado, el Ayuntamiento de Saltillo y la Universidad Aut\u00f3noma de Coahuila firmaron un convenio de colaboraci\u00f3n. El Secretario de Salud de&#8230;<\/p>\n","protected":false},"author":1,"featured_media":10989,"comment_status":"closed","ping_status":"closed","sticky":false,"template":"","format":"standard","meta":{"footnotes":""},"categories":[5,15,14],"tags":[],"class_list":["post-10988","post","type-post","status-publish","format-standard","has-post-thumbnail","hentry","category-coahuila","category-gobierno-de-coahuila","category-salud","wpcat-5-id","wpcat-15-id","wpcat-14-id"],"_links":{"self":[{"href":"https:\/\/www.aquilaguna.com\/index.php\/wp-json\/wp\/v2\/posts\/10988","targetHints":{"allow":["GET"]}}],"collection":[{"href":"https:\/\/www.aquilaguna.com\/index.php\/wp-json\/wp\/v2\/posts"}],"about":[{"href":"https:\/\/www.aquilaguna.com\/index.php\/wp-json\/wp\/v2\/types\/post"}],"author":[{"embeddable":true,"href":"https:\/\/www.aquilaguna.com\/index.php\/wp-json\/wp\/v2\/users\/1"}],"replies":[{"embeddable":true,"href":"https:\/\/www.aquilaguna.com\/index.php\/wp-json\/wp\/v2\/comments?post=10988"}],"version-history":[{"count":1,"href":"https:\/\/www.aquilaguna.com\/index.php\/wp-json\/wp\/v2\/posts\/10988\/revisions"}],"predecessor-version":[{"id":10990,"href":"https:\/\/www.aquilaguna.com\/index.php\/wp-json\/wp\/v2\/posts\/10988\/revisions\/10990"}],"wp:featuredmedia":[{"embeddable":true,"href":"https:\/\/www.aquilaguna.com\/index.php\/wp-json\/wp\/v2\/media\/10989"}],"wp:attachment":[{"href":"https:\/\/www.aquilaguna.com\/index.php\/wp-json\/wp\/v2\/media?parent=10988"}],"wp:term":[{"taxonomy":"category","embeddable":true,"href":"https:\/\/www.aquilaguna.com\/index.php\/wp-json\/wp\/v2\/categories?post=10988"},{"taxonomy":"post_tag","embeddable":true,"href":"https:\/\/www.aquilaguna.com\/index.php\/wp-json\/wp\/v2\/tags?post=10988"}],"curies":[{"name":"wp","href":"https:\/\/api.w.org\/{rel}","templated":true}]}}