{"id":1099,"date":"2021-03-21T20:04:22","date_gmt":"2021-03-22T02:04:22","guid":{"rendered":"https:\/\/www.aquilaguna.com\/?p=1099"},"modified":"2021-03-21T20:04:22","modified_gmt":"2021-03-22T02:04:22","slug":"aqui-laguna-15","status":"publish","type":"post","link":"https:\/\/www.aquilaguna.com\/index.php\/2021\/03\/21\/aqui-laguna-15\/","title":{"rendered":"Aqu\u00ed Laguna."},"content":{"rendered":"\n<p>\u00a1Cat\u00e1strofe ambiental! \u00a0 la que\u00a0 ha generado en solo\u00a0 unas cuantas horas, en unos cuantos\u00a0 d\u00edas, el siniestro que abati\u00f3 mas de 2,000 hect\u00e1reas\u00a0 del pulm\u00f3n ecol\u00f3gico del valle de Saltillo y cuya regeneraci\u00f3n, alcanzar\u00e1, seg\u00fan estiman los expertos, mas de\u00a0 un siglo\u00a0 en recuperar la flora y la fauna desparecidas, esfumadas, hechas humo. El eco de tal tragedia por ac\u00e1, entre los laguneros, sobre todo los que forman parte de las nuevas generaciones, sensibles como son al tema del medio ambiente, obtuvo respuesta solidaria\u00a0 inmediata, \u00a0 convocando y organizando colectas de v\u00edveres, enseres, palas, picos y en met\u00e1lico,\u00a0 con que sumarse al apoyo que la poblaci\u00f3n  sin mediar solicitud de por medio, indispensables para dar el combate que amaine el fuego y con el\u00a0 da\u00f1o que ha generado\u00a0 el incendio \u00a0 y que ello permita tambi\u00e9n evaluar el tama\u00f1o del da\u00f1o econ\u00f3mico que registran sus\u00a0 habitante y\u00a0 ver la forma de\u00a0 superarlo.<\/p>\n\n\n\n<p>Es decir que hoy, hoy\u00a0 a los\u00a0 habitantes afectados en sus patrimonios,\u00a0 les llueve sobre mojado. El gobierno estatal ha hecho lo propio, \u00a0 los gobiernos de los municipios involucrados\u00a0 as\u00ed como la solidaridad\u00a0 en la que se vuelcan los coahuilenses , pero y con todo y ello,\u00a0 se imponen medidas preventivas mas dr\u00e1sticas\u00a0 para poder\u00a0 conservar los beneficios que ha generado la Sierra de Arteaga sobre su entorno y evitar al m\u00e1ximo descuidos criminales como el que hoy parece ser la g\u00e9nesis del siniestro\u00a0 registrado y a reforestar lo da\u00f1ado.<\/p>\n\n\n\n<p>Y en los vericuetos de la ley, veremos los mexicanos, legos o no en materia jur\u00eddica,\u00a0 Fonden, sin que haya\u00a0 organismo p\u00fablico que\u00a0 lo supla en los hechos, con reglas claras para su acceso y con ello\u00a0 se evite discrecionalidad alguna en materia de apoyo a poblaciones que resulten afectadas por\u00a0 fen\u00f3menos naturales, sean estos provocados o no, pero para ello hace falta no solo voluntad pol\u00edtica, sino votos, en los \u00f3rganos legislativos que los crean o los supriman, seg\u00fan\u00a0 se tenga o no\u00a0 mayor\u00eda.<\/p>\n\n\n\n<p>Y\u00a0 en los vericuetos de la ley, habremos de transitar los mexicanos todos, lego o no en materia jur\u00eddica, pues a estos escenarios se traslada la disputa que enfrenta al Poder Ejecutivo contra las decisiones\u00a0 de por lo menos dos miembros calificados del Poder Judicial Federal, quien haciendo gala de\u00a0 autonom\u00eda, concedieron suspensi\u00f3n\u00a0 provisional general, en contra de\u00a0 los apartados contenidos en la contra-reforma el\u00e9ctrica, es decir, contra la reci\u00e9n promulgada Ley General de Energ\u00eda El\u00e9ctrica que como iniciativa preferente\u00a0 fuera enviada primero a la C\u00e1mara Baja\u00a0 por el Presidente Andr\u00e9s Manuel L\u00f3pez \u00a0 Obrador, y\u00a0 tras aprobarse se enviara por \u00e9sta a la C\u00e1mara de Senadores\u00a0y \u00e9sta  aprobara tambi\u00e9n,\u00a0 echaran por tierra los contenidos\u00a0 que daban materia a\u00a0 \u00a0 ese tema, gestada durante la administraci\u00f3n del\u00a0 hoy ex Presidente Enrique Pe\u00f1a Nieto, acci\u00f3n\u00a0 que ha generado un\u00a0 gran enfado y rechazo\u00a0 del Presidente\u00a0 a tal decisi\u00f3n judicial\u00a0 solicitando investigaci\u00f3n sobre los juzgadores que concedieron, hasta hoy\u00a0 ya 28 suspensiones provisionales\u00a0 en contra de la ley mencionada y por extensi\u00f3n al resto de sus potenciales afectados, con lo que la famosa ley de AMLO se encuentra en standby a los juicios definitivos, en los que estar\u00e1n interviniendo los conspicuos Magistrados, de ser necesaria tambi\u00e9n\u00a0 la de los Ministros\u00a0 de\u00a0 la\u00a0 Suprema Corte de Justicia de la Naci\u00f3n, \u00a0 llegado el turno correspondiente\u00a0 y si \u00e9ste\u00a0 le fuera adverso al deseo de AMLO, \u00e9ste\u00a0 anuncia que reformar\u00e1 la Constituci\u00f3n\u00a0 para adecuar su contenido, quiz\u00e1s en el articulo 27 y los que sean necesarios \u00a0 a sus deseos,\u00a0 Y s\u00ed,\u00a0 que ahora resulta \u00a0 que la Ley\u00a0 de la industria El\u00e9ctrica promulgada\u00a0 por EPN, se\u00a0 logr\u00f3, dicen,\u00a0 a la venalidad exhibida, a la corrupci\u00f3n\u00a0 pues, de algunos \u00a0 \u00a0 hoy ya ex\u00a0 legisladores\u00a0 blanquiazules,\u00a0 \u00a0 y ahora resulta que\u00a0 la vigencia\u00a0 de la ley propuesta por AMLO sobre el mismo tema,\u00a0 se pretende alcanzar su vigencia\u00a0 plena\u00a0 por la v\u00eda de la\u00a0 sumisi\u00f3n, \u00a0 ya no de los legisladores federales, sino por los integrantes\u00a0 del Poder Judicial, sujetos hoy por hoy a virtuales amagos.<\/p>\n\n\n\n<p>Bonito l\u00edo, eso sin considerar si el pa\u00eds avanza o no en eso de las\u00a0 energ\u00edas limpias, camino por el que hoy\u00a0 recorre\u00a0 el mundo, o bien regresamos sin mas al uso de hidrocarburos para generar la energ\u00eda que nuestro pa\u00eds requiere.<\/p>\n\n\n\n<p>Y este lunes, ser\u00e1 semana de definiciones, de dejar el juego del gato y el rat\u00f3n, pues todos los partidos que entrar\u00e1n en la\u00a0 megacontienda del primer domingo de junio  ya pr\u00f3ximo, deber\u00e1n tener mas que definidos a quienes habr\u00e1n de encabezar sus formulas para contender\u00a0 por cargos p\u00fablicos que van desde gobernadores, en\u00a0 nueve entidades del pa\u00eds, \u00a0 500 diputados de representaci\u00f3n mayoritaria, y decenas de\u00a0 alcaldes.<\/p>\n\n\n\n<p>Y en Coahuila en muchos\u00a0municipios las identidades\u00a0 de estos son aun misterio, en otros no, pues est\u00e1n mas que definidos desde hace semanas, evidencia\u00a0 con ello capacidad de planeaci\u00f3n y de trabajo, en tanto que otros que dicen contar desde ya con las preferencias de \u00a0 la mayor\u00eda, apenas iniciar\u00e1n esta semana\u00a0 encuestas, s\u00ed, encuestas ahora para definir sus candidatos,\u00a0 con todo y que ni tan solo tienen los acuerdos para\u00a0 saber a quienes habr\u00e1n de subir\u00a0 en el listado y con base en alrededor de mil\u00a0 llamadas \u00a0 telef\u00f3nicas que dicen realizan a igual n\u00famero de ciudadanos, definir \u00a0 a su candidato.<\/p>\n\n\n\n<p>En estas anda, MORENA, en el municipio de Torre\u00f3n al menos, donde el que luce desesperado pro ser inclu\u00eddo &#8221;en tal lista&#8221; resulta ser el ex panista\u00a0 y al parecer ya tambi\u00e9n tr\u00e1nsfuga de las siglas -solo eso-, del Partido del Trabajo, es\u00a0 Jos\u00e9 Angel P\u00e9rez Hern\u00e1ndez,\u00a0 quien siente que se le va, se le va la candidatura a alcalde bajo las siglas de MORENA,\u00a0 donde al parecer\u00a0 otro chiflado, Luis Fernando\u00a0 Salazar Fern\u00e1ndez\u00a0 que no cuenta con &#8221;los padrinos&#8221; que\u00a0 ten\u00eda en la bolsa,\u00a0 y que ve que el caso que\u00a0 envuelve al Gobernador de Tamaulipas Garc\u00eda Cabeza de Vaca, que amenaza con llev\u00e1rselo de encuentro, para dar paso, afirma, a nada menos que a la inefable\u00a0 aspirante Miroslava S\u00e1nchez.<\/p>\n\n\n\n<p>Tambi\u00e9n\u00a0 misterioso silencio envuelve por ahora al aspirante priista Rom\u00e1n Alberto Cepeda Gonz\u00e1lez, que dicen es indispensable para\u00a0 llegar\u00a0 &#8221;con unidad&#8221; a su registro formal como candidato del PRI a la alcald\u00eda de\u00a0 Torre\u00f3n y solo hay como anticip\u00f3, que ser\u00e1 el 5 de abril, cuando inicie\u00a0 las hostilidades\u00a0 electorales\u00a0 p\u00fablicas en pos de tal objetivo.<\/p>\n\n\n\n<p>En las mismas anda el aspirante panista Marcelo Torres Cofi\u00f1o , con todo y que mucho le cuesta permanecer \u00a0 calladito.<\/p>\n\n\n\n<p>En \u00e9ste escenario, a quien empiezan a lanzarse todas las piedras\u00a0 a su\u00a0 tejado, es\u00a0 al alcalde Sergio Lara Galv\u00e1n\u00a0 y su ambicioso\u00a0 y entel\u00e9quico listado de obra p\u00fablica, que trae en mano, constituida por meros retazos de soluciones a problemas de\u00a0 pavimentaci\u00f3n y banquetas, alumbrado etc.,\u00a0 con \u00a0 una obrita all\u00e1 y otra ac\u00e1 de mero relumbr\u00f3n, con que congraciarse\u00a0 con el electorado que no se traga ya ruedas de molino, y una vez que\u00a0 arroj\u00f3 a su partido, el PAN, al s\u00f3tano de las preferencias electorales \u00a0 apenas el pasado octubre.<\/p>\n\n\n\n<p>Con la decisi\u00f3n\u00a0 del Consejo Universitario, al aprobar\u00a0 la propuesta para designar a los titulares de\u00a0 tres puestos claves en la direcci\u00f3n y conducci\u00f3n de la M\u00e1xima Casa de Estudios en Coahuila, se \u00a0 han\u00a0 desvanecido las\u00a0 burbujas que aparecieron durante la pasada\u00a0 elecci\u00f3n universitaria\u00a0 y han colocado ya a cada quien en su lugar, con lo que el rector Salvador\u00a0 Hern\u00e1ndez\u00a0 Velez,\u00a0 pondr\u00e1 todas sus capacidades y tiempo para\u00a0 encauzar a la Universidad\u00a0 p\u00fablica a\u00a0 tener las condiciones necesarias\u00a0 que le permitan enfrentar los retos en puerta, es decir, las nuevas modalidades que la reformada Ley de Educaci\u00f3n Superior le impongan\u00a0 y que incluye entre otras,\u00a0 ingreso gratuito a todos sus estudiantes, aumento en su\u00a0 matr\u00edcula, etc., sin que se diga con que herramientas\u00a0 van a hacerlo, pues sus presupuestos ya se ve, en lugar de ser aumentados, fueron disminuidos.<\/p>\n\n\n\n<p>\u00a1No bajemos\u00a0 la guardia!, sigamos \u00a0 tomando\u00a0 las\u00a0 medidas de prevenci\u00f3n anticovid vigentes.<\/p>\n","protected":false},"excerpt":{"rendered":"<p>\u00a1Cat\u00e1strofe ambiental! \u00a0 la que\u00a0 ha generado en solo\u00a0 unas cuantas horas, en unos cuantos\u00a0 d\u00edas, el siniestro que abati\u00f3 mas de 2,000 hect\u00e1reas\u00a0 del pulm\u00f3n ecol\u00f3gico del valle de Saltillo y cuya regeneraci\u00f3n, alcanzar\u00e1, seg\u00fan estiman los expertos, mas de\u00a0 un siglo\u00a0 en recuperar la flora y la fauna desparecidas, esfumadas, hechas humo. El eco de tal tragedia por ac\u00e1, entre los laguneros, sobre todo los que forman parte&#8230;<\/p>\n","protected":false},"author":2,"featured_media":0,"comment_status":"closed","ping_status":"","sticky":false,"template":"","format":"standard","meta":{"footnotes":""},"categories":[8],"tags":[],"class_list":["post-1099","post","type-post","status-publish","format-standard","hentry","category-aqui-laguna","wpcat-8-id"],"_links":{"self":[{"href":"https:\/\/www.aquilaguna.com\/index.php\/wp-json\/wp\/v2\/posts\/1099","targetHints":{"allow":["GET"]}}],"collection":[{"href":"https:\/\/www.aquilaguna.com\/index.php\/wp-json\/wp\/v2\/posts"}],"about":[{"href":"https:\/\/www.aquilaguna.com\/index.php\/wp-json\/wp\/v2\/types\/post"}],"author":[{"embeddable":true,"href":"https:\/\/www.aquilaguna.com\/index.php\/wp-json\/wp\/v2\/users\/2"}],"replies":[{"embeddable":true,"href":"https:\/\/www.aquilaguna.com\/index.php\/wp-json\/wp\/v2\/comments?post=1099"}],"version-history":[{"count":1,"href":"https:\/\/www.aquilaguna.com\/index.php\/wp-json\/wp\/v2\/posts\/1099\/revisions"}],"predecessor-version":[{"id":1100,"href":"https:\/\/www.aquilaguna.com\/index.php\/wp-json\/wp\/v2\/posts\/1099\/revisions\/1100"}],"wp:attachment":[{"href":"https:\/\/www.aquilaguna.com\/index.php\/wp-json\/wp\/v2\/media?parent=1099"}],"wp:term":[{"taxonomy":"category","embeddable":true,"href":"https:\/\/www.aquilaguna.com\/index.php\/wp-json\/wp\/v2\/categories?post=1099"},{"taxonomy":"post_tag","embeddable":true,"href":"https:\/\/www.aquilaguna.com\/index.php\/wp-json\/wp\/v2\/tags?post=1099"}],"curies":[{"name":"wp","href":"https:\/\/api.w.org\/{rel}","templated":true}]}}