{"id":11073,"date":"2022-09-13T19:15:58","date_gmt":"2022-09-14T00:15:58","guid":{"rendered":"https:\/\/www.aquilaguna.com\/?p=11073"},"modified":"2022-09-13T19:15:59","modified_gmt":"2022-09-14T00:15:59","slug":"conmemora-coahuila-el-175-aniversario-de-la-gesta-de-los-ninos-heroes-de-chapultepec","status":"publish","type":"post","link":"https:\/\/www.aquilaguna.com\/index.php\/2022\/09\/13\/conmemora-coahuila-el-175-aniversario-de-la-gesta-de-los-ninos-heroes-de-chapultepec\/","title":{"rendered":"CONMEMORA COAHUILA EL 175 ANIVERSARIO DE LA GESTA DE LOS NI\u00d1OS H\u00c9ROES DE CHAPULTEPEC."},"content":{"rendered":"\n<p>Saltillo, Coahuila de Zaragoza; a 13 de Septiembre de 2022.- En coordinaci\u00f3n con autoridades castrenses destacamentadas en Coahuila, el Gobierno del Estado conmemor\u00f3 el 175 Aniversario de la gesta de los Ni\u00f1os H\u00e9roes de Chapultepec, quienes ofrendaron su vida en la defensa de la patria el 13 de septiembre de 1847.<\/p>\n\n\n\n<p>En Torre\u00f3n, el Secretario de Gobierno, Fernando de las Fuentes Hern\u00e1ndez, con la representaci\u00f3n del gobernador Miguel \u00c1ngel Riquelme Sol\u00eds, junto al alcalde Rom\u00e1n Cepeda Gonz\u00e1lez y al General Vicente Antonio Hern\u00e1ndez S\u00e1nchez, Jefe de Estado Mayor de la Onceava Regi\u00f3n Militar, presidi\u00f3 la ceremonia que tuvo lugar en la Plaza de la Tortuga, ubicada en la Colonia Torre\u00f3n Jard\u00edn.<\/p>\n\n\n\n<p>En su intervenci\u00f3n, el General Manuel Alejandro Velazco Villanueva, Comandante de la D\u00e9cimo Primera Brigada de la Polic\u00eda Militar y Coordinador en Coahuila de la Guardia Nacional (GAN), evoc\u00f3 la gesta heroica de los Ni\u00f1os H\u00e9roes de Chapultepec.<\/p>\n\n\n\n<p>Destac\u00f3 que en 1847, derivado de la invasi\u00f3n del ej\u00e9rcito norteamericano a M\u00e9xico, nuestro pa\u00eds perdi\u00f3 la mitad de su territorio; \u201cDolorosa lecci\u00f3n que no se debe olvidar\u201d, dijo.<\/p>\n\n\n\n<p>\u201cLos defensores del Castillo de Chapultepec, casi ni\u00f1os, dieron muestra de valor, entrega coraje y patriotismo en la cruenta batalla contra el ej\u00e9rcito invasor, que este 13 de septiembre se conmemora en su 175 Aniversario\u201d, expres\u00f3 el mando castrense.<\/p>\n\n\n\n<p>Luego de la Salva de Honor en memora de los Ni\u00f1os H\u00e9roes, montaron guardia y depositaron una ofrenda floral ante el Hemiciclo erigido en su recuerdo en ese lugar.<\/p>\n\n\n\n<p>CEREMONIA EN SALTILLO<\/p>\n\n\n\n<p>En tanto, en Saltillo, el Consejero Jur\u00eddico del Ejecutivo del Estado, Valeriano Valdez Cabello, a nombre del gobernador Miguel Riquelme, presidi\u00f3 la ceremonia c\u00edvica acompa\u00f1ado del Comandante de la VI Zona Militar, General Gabriel Mart\u00ednez Garc\u00eda; el alcalde Jos\u00e9 Mar\u00eda Fraustro Siller, y el magistrado Guillermo David P\u00e9rez, representante del Presidente del Tribunal Superior de Justicia, Miguel Mery Ayup.<\/p>\n\n\n\n<p>En su intervenci\u00f3n, a nombre del Mandatario estatal, Valdez Cabello rememor\u00f3 los acontecimientos hist\u00f3ricos que se presentaron en M\u00e9xico en 1847, cuando Estados Unidos invadi\u00f3 territorio nacional.<\/p>\n\n\n\n<p>M\u00e1s adelante, destac\u00f3 la valiosa aportaci\u00f3n de las Fuerzas Armadas de M\u00e9xico en las acciones coordinadas de seguridad con las corporaciones estatales y de los 38 Ayuntamientos, que permiten a la entidad mantener la paz y la tranquilidad en beneficio de la poblaci\u00f3n.<\/p>\n\n\n\n<p>\u201cSus hombres y mujeres\u201d, a\u00f1adi\u00f3, \u201chan demostrado con creces seguir el ejemplo de los Ni\u00f1os H\u00e9roes, m\u00e1s all\u00e1 de su labor en Seguridad P\u00fablica.<\/p>\n\n\n\n<p>\u201cA trav\u00e9s del Plan DN III, el Ej\u00e9rcito Mexicano est\u00e1 siempre presente cuando los mexicanos necesitamos de su ayuda\u201d, abund\u00f3 el servidor p\u00fablico estatal,\u201d por ejemplo, en Coahuila hemos contado con nuestros militares y la Guardia Nacional en los \u00faltimos accidentes mineros\u201d.<\/p>\n\n\n\n<p>\u201cEn 2021, en la mina Micar\u00e1n, de M\u00fazquiz; en la de Pinabete, de Sabinas, el pasado 3 de agosto, apoyaron sin descanso las operaciones de rescate en ambos casos.<\/p>\n\n\n\n<p>\u201cIgualmente nos asistieron en las recientes inundaciones en la Regi\u00f3n Laguna y en M\u00fazquiz, al igual que en los incendios forestales que afectaron a la Sierra de Arteaga\u201d, expres\u00f3 al reconocer ampliamente la labor de las Fuerzas Armadas en beneficio de la poblaci\u00f3n de Coahuila.<\/p>\n\n\n\n<p>Adem\u00e1s, agreg\u00f3, participan en las jornadas de vacunaci\u00f3n y atienden eventos como el rescate de migrantes: \u201cHoy, son otros los j\u00f3venes, otras las luchas, pero los valores siguen siendo los mismos: Lealtad, entrega y sacrificio\u201d, subray\u00f3.<\/p>\n\n\n\n<p>Asimismo, Valdez Cabello reiter\u00f3 que la seguridad que se vive en Coahuila tambi\u00e9n es resultado del trabajo del Ej\u00e9rcito Mexicano:<\/p>\n\n\n\n<p>\u201cLa tranquilidad de la que gozamos es parte de la confianza que tienen en Coahuila los empresarios; prueba de ello es que cada d\u00eda se invierten mayores recursos en el estado, que permiten la generaci\u00f3n de m\u00e1s empleos\u201d.<\/p>\n\n\n\n<p>\u201cDe enero a agosto de este a\u00f1o se crearon m\u00e1s que en toda la historia en ese mismo per\u00edodo, (cuando) llegaron a Coahuila m\u00e1s de mil 248 millones de d\u00f3lares de inversi\u00f3n, que permitieron generar 37 mil 850 puestos de trabajo\u201d, resalt\u00f3.<\/p>\n\n\n\n<p>Previamente, el Alcalde de Saltillo, Jos\u00e9 Mar\u00eda Fraustro Siller, resalt\u00f3 que en la Batalla de Chapultepec qued\u00f3 registrada para la historia de M\u00e9xico la entrega, solidaridad y compromiso de los Ni\u00f1os H\u00e9roes de Chapultepec, que dieron su vida en defensa de la patria.<\/p>\n\n\n\n<p>Dijo que en Coahuila, el gobernador Miguel Riquelme brinda su apoyo y respaldo a las y los 38 Alcaldes m\u00e1s all\u00e1 de ideolog\u00edas pol\u00edticas, anteponiendo siempre la calidad de vida de las y los coahuilenses.<\/p>\n\n\n\n<p>Sostuvo que la unidad y el trabajo en equipo que se vive en la entidad han permitido hacer de Saltillo la capital m\u00e1s segura de M\u00e9xico\u201d, que le permiten mantener vigentes altos \u00edndices en desarrollo social y econ\u00f3mico; la atracci\u00f3n de inversiones; generaci\u00f3n de empleos y competitividad.<\/p>\n\n\n\n<p>\u00cdndices, abund\u00f3, donde Saltillo se ubica como referente en M\u00e9xico: \u201cY en memoria de los valerosos Ni\u00f1os H\u00e9roes reconocemos el vivir en un Estado y en un Municipio unido, fuertes y con visi\u00f3n de futuro\u201d.<\/p>\n\n\n\n<p>Tambi\u00e9n asistieron el Fiscal General del Estado, Gerardo M\u00e1rquez Guevara, el Director de&nbsp; Historia, Museos, Patrimonio de la Secretar\u00eda de Cultura, Andr\u00e9s Mendoza Salas, y el Coronel Roberto Jes\u00fas Sol\u00f3rzano Hern\u00e1ndez, Comandante del 69 Batall\u00f3n de Infanter\u00eda.<\/p>\n\n\n\n<p>Autoridades municipales, educativas, docentes y alumnos de diversos planteles de la localidad.<\/p>\n","protected":false},"excerpt":{"rendered":"<p>Saltillo, Coahuila de Zaragoza; a 13 de Septiembre de 2022.- En coordinaci\u00f3n con autoridades castrenses destacamentadas en Coahuila, el Gobierno del Estado conmemor\u00f3 el 175 Aniversario de la gesta de los Ni\u00f1os H\u00e9roes de Chapultepec, quienes ofrendaron su vida en la defensa de la patria el 13 de septiembre de 1847. En Torre\u00f3n, el Secretario de Gobierno, Fernando de las Fuentes Hern\u00e1ndez, con la representaci\u00f3n del gobernador Miguel \u00c1ngel Riquelme&#8230;<\/p>\n","protected":false},"author":1,"featured_media":11074,"comment_status":"closed","ping_status":"closed","sticky":false,"template":"","format":"standard","meta":{"footnotes":""},"categories":[5,15],"tags":[],"class_list":["post-11073","post","type-post","status-publish","format-standard","has-post-thumbnail","hentry","category-coahuila","category-gobierno-de-coahuila","wpcat-5-id","wpcat-15-id"],"_links":{"self":[{"href":"https:\/\/www.aquilaguna.com\/index.php\/wp-json\/wp\/v2\/posts\/11073","targetHints":{"allow":["GET"]}}],"collection":[{"href":"https:\/\/www.aquilaguna.com\/index.php\/wp-json\/wp\/v2\/posts"}],"about":[{"href":"https:\/\/www.aquilaguna.com\/index.php\/wp-json\/wp\/v2\/types\/post"}],"author":[{"embeddable":true,"href":"https:\/\/www.aquilaguna.com\/index.php\/wp-json\/wp\/v2\/users\/1"}],"replies":[{"embeddable":true,"href":"https:\/\/www.aquilaguna.com\/index.php\/wp-json\/wp\/v2\/comments?post=11073"}],"version-history":[{"count":1,"href":"https:\/\/www.aquilaguna.com\/index.php\/wp-json\/wp\/v2\/posts\/11073\/revisions"}],"predecessor-version":[{"id":11075,"href":"https:\/\/www.aquilaguna.com\/index.php\/wp-json\/wp\/v2\/posts\/11073\/revisions\/11075"}],"wp:featuredmedia":[{"embeddable":true,"href":"https:\/\/www.aquilaguna.com\/index.php\/wp-json\/wp\/v2\/media\/11074"}],"wp:attachment":[{"href":"https:\/\/www.aquilaguna.com\/index.php\/wp-json\/wp\/v2\/media?parent=11073"}],"wp:term":[{"taxonomy":"category","embeddable":true,"href":"https:\/\/www.aquilaguna.com\/index.php\/wp-json\/wp\/v2\/categories?post=11073"},{"taxonomy":"post_tag","embeddable":true,"href":"https:\/\/www.aquilaguna.com\/index.php\/wp-json\/wp\/v2\/tags?post=11073"}],"curies":[{"name":"wp","href":"https:\/\/api.w.org\/{rel}","templated":true}]}}