{"id":11116,"date":"2022-09-15T18:09:51","date_gmt":"2022-09-15T23:09:51","guid":{"rendered":"https:\/\/www.aquilaguna.com\/?p=11116"},"modified":"2022-09-15T18:09:51","modified_gmt":"2022-09-15T23:09:51","slug":"dspm-no-descuidara-ningun-sector-de-la-ciudad","status":"publish","type":"post","link":"https:\/\/www.aquilaguna.com\/index.php\/2022\/09\/15\/dspm-no-descuidara-ningun-sector-de-la-ciudad\/","title":{"rendered":"DSPM no descuidar\u00e1 ning\u00fan sector de la ciudad."},"content":{"rendered":"\n<p>Torre\u00f3n, Coahuila.- Durante el presente feriado de las Fiestas Patrias, el objetivo\u00a0 a desarrollar por parte de los grupos\u00a0 policiacos de la Direcci\u00f3n de Seguridad P\u00fablica Municipal a cargo de su Comandante, C\u00e9sar Perales Esparza\u00a0 es\u00a0 el no descuidar sector alguno de esta ciudad,\u00a0 a trav\u00e9s de\u00a0 las estrategias vigentes sobre los cuadrantes designados indicando que\u00a0 se tendr\u00e1 especial cuidado\u00a0 \u00a0 en el sector donde habr\u00e1 de desarrollarse el Grito de Independencia, es decir,\u00a0 en torno a la Plaza Mayor,<\/p>\n\n\n\n<p>Abordado con brevedad esta ma\u00f1ana el funcionario en este marco, recomend\u00f3 a la poblaci\u00f3n de abstenerse de\u00a0 realizar \u00a0 \u00a0 materiales explosivos \u00a0 destinados a\u00a0 juegos\u00a0 de pirotecnia, apelando al criterio de los padres de familia de j\u00f3venes que pretendan\u00a0 amenizar sus reuniones con este tipo de espect\u00e1culos.<\/p>\n\n\n\n<p>Si bien indic\u00f3\u00a0 que ante la DSPM no se present\u00f3\u00a0 solicitud alguna para su uso, toda vez que esta facultad la tiene solo el ej\u00e9rcito, reiter\u00f3 su recomendaci\u00f3n a los pater familias \u00a0 el impedir que\u00a0 menores\u00a0 a su cargo tengan acceso\u00a0 a este tipo de materiales, con el objetivo de evitar cualquier accidente.<\/p>\n\n\n\n<p>Preguntado\u00a0 sobre\u00a0 si \u00a0 el cuerpo polic\u00edaco a su cargo ha detectado\u00a0 en este municipio o en los aleda\u00f1os en esta comarca, elemento alguno que pudiera\u00a0 indicar la existencia de actividades mas all\u00e1 de la mera delincuencia, com\u00fan,\u00a0 sino con otra de mayor rango, que pudieran tratar de perturbar\u00a0 el clima de seguridad que se vive. Como es el caso\u00a0 del registro de tales situaciones en otras entidades del pa\u00eds, el\u00a0 funcionario neg\u00f3 evidencia o presunci\u00f3n alguna al respecto, por el momento.<\/p>\n\n\n\n<p>Con todo y ello, afirm\u00f3 estar alerta,\u00a0 si bien a la fecha no hay ning\u00fan reporte de inteligencia\u00a0 policiaca que\u00a0 haya reportado indicio alguno al respecto.<\/p>\n\n\n\n<p>Con todo y ello repiti\u00f3, &#8220;estaremos atentos a cualquier reporte sobre el tema&#8221;.<\/p>\n","protected":false},"excerpt":{"rendered":"<p>Torre\u00f3n, Coahuila.- Durante el presente feriado de las Fiestas Patrias, el objetivo\u00a0 a desarrollar por parte de los grupos\u00a0 policiacos de la Direcci\u00f3n de Seguridad P\u00fablica Municipal a cargo de su Comandante, C\u00e9sar Perales Esparza\u00a0 es\u00a0 el no descuidar sector alguno de esta ciudad,\u00a0 a trav\u00e9s de\u00a0 las estrategias vigentes sobre los cuadrantes designados indicando que\u00a0 se tendr\u00e1 especial cuidado\u00a0 \u00a0 en el sector donde habr\u00e1 de desarrollarse el Grito&#8230;<\/p>\n","protected":false},"author":2,"featured_media":0,"comment_status":"closed","ping_status":"","sticky":false,"template":"","format":"standard","meta":{"footnotes":""},"categories":[5,28,24,7],"tags":[],"class_list":["post-11116","post","type-post","status-publish","format-standard","hentry","category-coahuila","category-la-laguna","category-seguridad","category-torreon","wpcat-5-id","wpcat-28-id","wpcat-24-id","wpcat-7-id"],"_links":{"self":[{"href":"https:\/\/www.aquilaguna.com\/index.php\/wp-json\/wp\/v2\/posts\/11116","targetHints":{"allow":["GET"]}}],"collection":[{"href":"https:\/\/www.aquilaguna.com\/index.php\/wp-json\/wp\/v2\/posts"}],"about":[{"href":"https:\/\/www.aquilaguna.com\/index.php\/wp-json\/wp\/v2\/types\/post"}],"author":[{"embeddable":true,"href":"https:\/\/www.aquilaguna.com\/index.php\/wp-json\/wp\/v2\/users\/2"}],"replies":[{"embeddable":true,"href":"https:\/\/www.aquilaguna.com\/index.php\/wp-json\/wp\/v2\/comments?post=11116"}],"version-history":[{"count":1,"href":"https:\/\/www.aquilaguna.com\/index.php\/wp-json\/wp\/v2\/posts\/11116\/revisions"}],"predecessor-version":[{"id":11117,"href":"https:\/\/www.aquilaguna.com\/index.php\/wp-json\/wp\/v2\/posts\/11116\/revisions\/11117"}],"wp:attachment":[{"href":"https:\/\/www.aquilaguna.com\/index.php\/wp-json\/wp\/v2\/media?parent=11116"}],"wp:term":[{"taxonomy":"category","embeddable":true,"href":"https:\/\/www.aquilaguna.com\/index.php\/wp-json\/wp\/v2\/categories?post=11116"},{"taxonomy":"post_tag","embeddable":true,"href":"https:\/\/www.aquilaguna.com\/index.php\/wp-json\/wp\/v2\/tags?post=11116"}],"curies":[{"name":"wp","href":"https:\/\/api.w.org\/{rel}","templated":true}]}}