{"id":11125,"date":"2022-09-18T20:01:14","date_gmt":"2022-09-19T01:01:14","guid":{"rendered":"https:\/\/www.aquilaguna.com\/?p=11125"},"modified":"2022-09-18T20:01:15","modified_gmt":"2022-09-19T01:01:15","slug":"coecyt-coahuila-realizara-en-torreon-foro-sobre-problematica-hidrica-y-de-recursos-naturales","status":"publish","type":"post","link":"https:\/\/www.aquilaguna.com\/index.php\/2022\/09\/18\/coecyt-coahuila-realizara-en-torreon-foro-sobre-problematica-hidrica-y-de-recursos-naturales\/","title":{"rendered":"COECYT COAHUILA REALIZAR\u00c1 EN TORRE\u00d3N FORO SOBRE PROBLEM\u00c1TICA H\u00cdDRICA Y DE RECURSOS NATURALES."},"content":{"rendered":"\n<ul class=\"wp-block-list\"><li>El pr\u00f3ximo 26 de Octubre, para la Comarca Lagunera de Coahuila y Durango<\/li><\/ul>\n\n\n\n<p>Saltillo, Coahuila de Zaragoza; a 18 de Septiembre de 2022.-&nbsp; El Consejo Estatal de Ciencia y Tecnolog\u00eda (COECyT) realizar\u00e1 el 26 de octubre en Torre\u00f3n el Primer Foro de la Red de Innovaci\u00f3n de Agua y Recursos Naturales (RIARA), para analizar novedosas propuestas de atenci\u00f3n a la problem\u00e1tica que enfrentan los recursos h\u00eddricos y naturales de la Comarca Lagunera de Coahuila y Durango.<\/p>\n\n\n\n<p>Avelino Hern\u00e1ndez Corichi, Coordinador del&nbsp; COECyT en La Laguna de Coahuila, inform\u00f3 que participar\u00e1n representantes de la sociedad civil, acad\u00e9micos, investigadores y maestros de Educaci\u00f3n Superior de prestigiados planteles de ambas entidades federativas.<\/p>\n\n\n\n<p>RIARA, dijo, es un organismo impulsado por el Consejo&nbsp; Estatal de Ciencia y Tecnolog\u00eda a trav\u00e9s de Consorcio de Redes de Innovaci\u00f3n Cooperativa (CRIC), conformado por otras 16 agrupaciones.<\/p>\n\n\n\n<p>De acuerdo a la Convocatoria lanzada por el COECyT, agreg\u00f3, se convoc\u00f3 a investigadores de instituciones de educaci\u00f3n superior, centros de investigaci\u00f3n, miembros de las organizaciones de la sociedad civil de Coahuila y Durango, empresas y personas f\u00edsicas.<\/p>\n\n\n\n<p>Se les conmin\u00f3 a postular trabajos correspondientes a resultados de investigaci\u00f3n, para conformarlas como propuestas innovadoras para la atenci\u00f3n de problem\u00e1ticas relacionadas a los recursos h\u00eddricos y naturales de la Comarca Lagunera.<\/p>\n\n\n\n<p>\u201cLos proyectos deben aportar soluciones a los sectores de la sociedad sobre el uso, manejo y aprovechamiento del agua y los recursos naturales en el \u00e1mbito de la Comarca Lagunera de Coahuila y de Durango\u201d, agreg\u00f3.<\/p>\n\n\n\n<p>El Primer Foro de la RIARA tendr\u00e1 lugar el 26 de octubre en las instalaciones del COECyT-Laguna, ubicadas en el bulevar San Pedro, n\u00famero 500, del Parque Industrial Ferropuerto-Mieleras, del Parque de Innovaci\u00f3n Tecnol\u00f3gica de Torre\u00f3n, apunt\u00f3 Hern\u00e1ndez Corichi.<\/p>\n\n\n\n<p>En ese sentido, dijo que el COECyT recibi\u00f3 14 propuestas, de las cuales ser\u00e1n seleccionadas cinco, que se debatir\u00e1n en el Foro.<\/p>\n\n\n\n<p>Se\u00f1al\u00f3 que, en breve, integrantes de la Comisi\u00f3n Dictaminadora seleccionar\u00e1n los cinco trabajos de investigaci\u00f3n que se presentar\u00e1n el 26 de octubre.<\/p>\n\n\n\n<p>\u201cEl tema a debatir ser\u00e1 el agua, que en La Laguna es un tema crucial, estrat\u00e9gico, prioritario y&nbsp; enfrenta diversa problem\u00e1tica, relacionada, por ejemplo, con su disponibilidad, uso, distribuci\u00f3n y administraci\u00f3n\u201d.<\/p>\n\n\n\n<p>Adem\u00e1s, se analizar\u00e1 su sobreexplotaci\u00f3n en todos los niveles (agr\u00edcola, industrial, dom\u00e9stico, entre otros), a\u00f1adi\u00f3, y detall\u00f3 que en la Comarca Lagunera se consumen anualmente alrededor 2 mil 700 millones de metros c\u00fabicos.<\/p>\n\n\n\n<p>\u201cDe esta cantidad, m\u00e1s o menos mil 800 (millones de metros c\u00fabicos) los consume el usuario\u201d destac\u00f3 Hern\u00e1ndez Corichi.<\/p>\n\n\n\n<p>Por otra parte, explic\u00f3 que la RIARA es un organismo civil conformado por integrantes de los sectores social, gubernamental, acad\u00e9mico y empresarial.<\/p>\n\n\n\n<p>El COECyT de Coahuila impulsa este organismo, que forma parte de su Programa de Redes de Innovaci\u00f3n Cooperativa, que suman 17 en el estado, integradas cada una de ellas por acad\u00e9micos, empresarios, el sector gobierno, que en el caso de RIARA participa la Comisi\u00f3n Estatal de Aguas y Saneamiento y los organismos municipales de las localidades de la Regi\u00f3n Laguna del estado.<\/p>\n","protected":false},"excerpt":{"rendered":"<p>El pr\u00f3ximo 26 de Octubre, para la Comarca Lagunera de Coahuila y Durango Saltillo, Coahuila de Zaragoza; a 18 de Septiembre de 2022.-&nbsp; El Consejo Estatal de Ciencia y Tecnolog\u00eda (COECyT) realizar\u00e1 el 26 de octubre en Torre\u00f3n el Primer Foro de la Red de Innovaci\u00f3n de Agua y Recursos Naturales (RIARA), para analizar novedosas propuestas de atenci\u00f3n a la problem\u00e1tica que enfrentan los recursos h\u00eddricos y naturales de la&#8230;<\/p>\n","protected":false},"author":1,"featured_media":0,"comment_status":"closed","ping_status":"closed","sticky":false,"template":"","format":"standard","meta":{"footnotes":""},"categories":[32,5,28,7],"tags":[],"class_list":["post-11125","post","type-post","status-publish","format-standard","hentry","category-agua","category-coahuila","category-la-laguna","category-torreon","wpcat-32-id","wpcat-5-id","wpcat-28-id","wpcat-7-id"],"_links":{"self":[{"href":"https:\/\/www.aquilaguna.com\/index.php\/wp-json\/wp\/v2\/posts\/11125","targetHints":{"allow":["GET"]}}],"collection":[{"href":"https:\/\/www.aquilaguna.com\/index.php\/wp-json\/wp\/v2\/posts"}],"about":[{"href":"https:\/\/www.aquilaguna.com\/index.php\/wp-json\/wp\/v2\/types\/post"}],"author":[{"embeddable":true,"href":"https:\/\/www.aquilaguna.com\/index.php\/wp-json\/wp\/v2\/users\/1"}],"replies":[{"embeddable":true,"href":"https:\/\/www.aquilaguna.com\/index.php\/wp-json\/wp\/v2\/comments?post=11125"}],"version-history":[{"count":1,"href":"https:\/\/www.aquilaguna.com\/index.php\/wp-json\/wp\/v2\/posts\/11125\/revisions"}],"predecessor-version":[{"id":11126,"href":"https:\/\/www.aquilaguna.com\/index.php\/wp-json\/wp\/v2\/posts\/11125\/revisions\/11126"}],"wp:attachment":[{"href":"https:\/\/www.aquilaguna.com\/index.php\/wp-json\/wp\/v2\/media?parent=11125"}],"wp:term":[{"taxonomy":"category","embeddable":true,"href":"https:\/\/www.aquilaguna.com\/index.php\/wp-json\/wp\/v2\/categories?post=11125"},{"taxonomy":"post_tag","embeddable":true,"href":"https:\/\/www.aquilaguna.com\/index.php\/wp-json\/wp\/v2\/tags?post=11125"}],"curies":[{"name":"wp","href":"https:\/\/api.w.org\/{rel}","templated":true}]}}