{"id":11150,"date":"2022-09-19T19:47:13","date_gmt":"2022-09-20T00:47:13","guid":{"rendered":"https:\/\/www.aquilaguna.com\/?p=11150"},"modified":"2022-09-19T19:47:14","modified_gmt":"2022-09-20T00:47:14","slug":"presentaron-en-la-filc-2022-el-libro-lonxe-da-terra-gerardo-moscoso-y-caamano","status":"publish","type":"post","link":"https:\/\/www.aquilaguna.com\/index.php\/2022\/09\/19\/presentaron-en-la-filc-2022-el-libro-lonxe-da-terra-gerardo-moscoso-y-caamano\/","title":{"rendered":"Presentaron en la FILC 2022 el Libro \u201cLonxe da Terra: Gerardo Moscoso y Caama\u00f1o\u201d."},"content":{"rendered":"\n<p>ARTEAGA, Coahuila. 19 de septiembre de 2022.- El pasado viernes en el Foro de<br>Escritoras y Escritores Coahuilenses de la Feria Internacional del Libro Coahuila<br>2022, el rector de la Universidad Aut\u00f3noma de Coahuila, Salvador Hern\u00e1ndez<br>V\u00e9lez y la directora de la Escuela de Artes Esc\u00e9nicas y Gesti\u00f3n Cultural, Margarita<br>Barrera Caballero, presentaron el libro \u201cLonxe da terra: Gerardo Moscoso y<br>Caama\u00f1o\u201d, el cual es una compilaci\u00f3n hecha por la jefa de Difusi\u00f3n Cultural<br>Unidad Torre\u00f3n de la UAdeC, Arcelia Ayup Silveti.<\/p>\n\n\n\n<p>Gerardo Moscoso se desempe\u00f1aba como director de la Escuela de Artes<br>Esc\u00e9nicas y Gesti\u00f3n Cultural de la Unidad Torre\u00f3n de la UAdeC y falleci\u00f3 el<br>pasado 23 de mayo de 2021, fue actor, cantante, productor y director de teatro,<br>nacido en la Ciudad de M\u00e9xico en 1945, estudi\u00f3 Medicina en la Universidad de<br>Santiago de Compostela, carrera de la que egres\u00f3 en 1970, para posteriormente,<br>dedicarse al mundo de la actuaci\u00f3n a comienzos de 1977.<\/p>\n\n\n\n<p>Despu\u00e9s de una larga y fruct\u00edfera trayectoria en el \u00e1mbito del cine y el teatro<br>nacionales en donde tuvo la oportunidad de trabajar con los mejores actores de su<br>generaci\u00f3n y con directores como Ludwick Margulles, Ra\u00fal Quintanilla y Luis de<br>Tavira, entre muchos otros, decidi\u00f3, a finales de los a\u00f1os 90, instalar su residencia<br>en Torre\u00f3n, Coahuila.<\/p>\n\n\n\n<p>Fue en esa ciudad donde puso al servicio de la cultura y las artes de la regi\u00f3n un<br>enorme bagaje y c\u00famulo de experiencias que vinieron a trastocar este \u00e1mbito de<br>manera relevante y que lo llev\u00f3 a ser director de la Compa\u00f1\u00eda Coahuilense de<br>Teatro La Gaviota, del Centro Cultural Comunitario Pilar Rioja y del Teatro<br>Salvador Novo en Torre\u00f3n, adem\u00e1s fue articulista en diversos peri\u00f3dicos.<\/p>\n\n\n\n<p>Durante su intervenci\u00f3n, el rector Salvador Hern\u00e1ndez V\u00e9lez comparti\u00f3 que<br>conoci\u00f3 a Gerardo Moscoso en las luchas sociales en la Comarca Lagunera, quien<br>siempre fue un hombre disyuntivo, que nunca se quedaba callado y que sacaba<br>adelante cualquier situaci\u00f3n con una gran determinaci\u00f3n.<\/p>\n\n\n\n<p>As\u00ed mismo, se\u00f1al\u00f3 que hablar de \u00e9l le trae muchos sentimientos encontrados,<br>pues siempre fue un luchador en toda su dimensi\u00f3n y en todas sus facetas, un<br>formador de muchas personas en el teatro, un buen m\u00e9dico, excelente cocinero,<br>gran conversador, un despertador de conciencias, que dej\u00f3 un legado en la gente<br>y en el teatro.<\/p>\n\n\n\n<p>Mientras qu\u00e9, la directora de la Escuela de Artes Esc\u00e9nicas y Gesti\u00f3n Cultural<br>Margarita Barrera Caballero coment\u00f3 que el contenido de la obra trae a la<br>memoria recuerdos de Gerardo Moscoso, pues est\u00e1 llena de experiencias<br>personales de quienes compartieron con una persona que rompi\u00f3 muros, alguien<br>que busc\u00f3 el sentido de la verdad en las cosas y en las personas.<\/p>\n\n\n\n<p>Dijo que en cada una de las an\u00e9cdotas contadas en el libro se comparten las<br>diferentes etapas y sucesos de Gerardo Moscoso y cada una de ellas trae consigo<br>una carga emotiva, por lo que invit\u00f3 a la comunidad universitaria y p\u00fablico en<br>general a leerlo, pues es una experiencia imperdible.<\/p>\n\n\n\n<p>Por otro lado, la compiladora Arcelia Ayup Silveti, se\u00f1al\u00f3 que Gerardo Moscoso y<br>Caama\u00f1o fue un sacudidor de conciencias con una personalidad muy fuerte, un<br>gran maestro de teatro que ayud\u00f3 a muchas personas a cambiar el rumbo de sus<br>vidas a trav\u00e9s del arte, por lo que decidi\u00f3 hacerle un homenaje tangible a trav\u00e9s<br>de este libro, el cual cuenta con la participaci\u00f3n de universitarios que tuvieron la<br>oportunidad de conocerlo.<\/p>\n\n\n\n<p>Durante la presentaci\u00f3n, Ayup Silveti comparti\u00f3 con los asistentes un fragmento<br>del texto de su autor\u00eda titulado \u201cMi carnal moscosaurio\u201d y destac\u00f3 que Moscoso<br>era un gran personaje de la cultura de M\u00e9xico y Espa\u00f1a, quien siempre alentaba el<br>hacer visibles las injusticias.<\/p>\n","protected":false},"excerpt":{"rendered":"<p>ARTEAGA, Coahuila. 19 de septiembre de 2022.- El pasado viernes en el Foro deEscritoras y Escritores Coahuilenses de la Feria Internacional del Libro Coahuila2022, el rector de la Universidad Aut\u00f3noma de Coahuila, Salvador Hern\u00e1ndezV\u00e9lez y la directora de la Escuela de Artes Esc\u00e9nicas y Gesti\u00f3n Cultural, MargaritaBarrera Caballero, presentaron el libro \u201cLonxe da terra: Gerardo Moscoso yCaama\u00f1o\u201d, el cual es una compilaci\u00f3n hecha por la jefa de Difusi\u00f3n CulturalUnidad Torre\u00f3n&#8230;<\/p>\n","protected":false},"author":1,"featured_media":11152,"comment_status":"closed","ping_status":"closed","sticky":false,"template":"","format":"standard","meta":{"footnotes":""},"categories":[5,12,2],"tags":[],"class_list":["post-11150","post","type-post","status-publish","format-standard","has-post-thumbnail","hentry","category-coahuila","category-cultura","category-uadec","wpcat-5-id","wpcat-12-id","wpcat-2-id"],"_links":{"self":[{"href":"https:\/\/www.aquilaguna.com\/index.php\/wp-json\/wp\/v2\/posts\/11150","targetHints":{"allow":["GET"]}}],"collection":[{"href":"https:\/\/www.aquilaguna.com\/index.php\/wp-json\/wp\/v2\/posts"}],"about":[{"href":"https:\/\/www.aquilaguna.com\/index.php\/wp-json\/wp\/v2\/types\/post"}],"author":[{"embeddable":true,"href":"https:\/\/www.aquilaguna.com\/index.php\/wp-json\/wp\/v2\/users\/1"}],"replies":[{"embeddable":true,"href":"https:\/\/www.aquilaguna.com\/index.php\/wp-json\/wp\/v2\/comments?post=11150"}],"version-history":[{"count":1,"href":"https:\/\/www.aquilaguna.com\/index.php\/wp-json\/wp\/v2\/posts\/11150\/revisions"}],"predecessor-version":[{"id":11153,"href":"https:\/\/www.aquilaguna.com\/index.php\/wp-json\/wp\/v2\/posts\/11150\/revisions\/11153"}],"wp:featuredmedia":[{"embeddable":true,"href":"https:\/\/www.aquilaguna.com\/index.php\/wp-json\/wp\/v2\/media\/11152"}],"wp:attachment":[{"href":"https:\/\/www.aquilaguna.com\/index.php\/wp-json\/wp\/v2\/media?parent=11150"}],"wp:term":[{"taxonomy":"category","embeddable":true,"href":"https:\/\/www.aquilaguna.com\/index.php\/wp-json\/wp\/v2\/categories?post=11150"},{"taxonomy":"post_tag","embeddable":true,"href":"https:\/\/www.aquilaguna.com\/index.php\/wp-json\/wp\/v2\/tags?post=11150"}],"curies":[{"name":"wp","href":"https:\/\/api.w.org\/{rel}","templated":true}]}}