{"id":11157,"date":"2022-09-19T19:52:35","date_gmt":"2022-09-20T00:52:35","guid":{"rendered":"https:\/\/www.aquilaguna.com\/?p=11157"},"modified":"2022-09-19T19:52:35","modified_gmt":"2022-09-20T00:52:35","slug":"bloque-opositor-defendera-a-mexico-en-contra-de-aberracion-que-busca-permanencia-de-las-fuerzas-armadas-en-las-calles-lopez-rabadan","status":"publish","type":"post","link":"https:\/\/www.aquilaguna.com\/index.php\/2022\/09\/19\/bloque-opositor-defendera-a-mexico-en-contra-de-aberracion-que-busca-permanencia-de-las-fuerzas-armadas-en-las-calles-lopez-rabadan\/","title":{"rendered":"BLOQUE OPOSITOR DEFENDER\u00c1 A M\u00c9XICO EN CONTRA DE \u201cABERRACI\u00d3N\u201d QUE BUSCA PERMANENCIA DE LAS FUERZAS ARMADAS EN LAS CALLES: L\u00d3PEZ RABAD\u00c1N."},"content":{"rendered":"\n<ul class=\"wp-block-list\"><li><strong>Tenemos las cifras m\u00e1s altas de asesinatos y de desaparecidos de la historia moderna, subray\u00f3<\/strong><\/li><\/ul>\n\n\n\n<ul class=\"wp-block-list\"><li><strong>El PAN no apoya ninguna reforma constitucional que militarice al pa\u00eds, dijo<\/strong><strong><\/strong><\/li><\/ul>\n\n\n\n<p>El Grupo Parlamentario del PAN, como parte de una oposici\u00f3n firme en el Senado de la Rep\u00fablica, defender\u00e1&nbsp;a M\u00e9xico de la \u201caberraci\u00f3n\u201d que busca extender la permanencia de las Fuerzas Armadas en las calles, afirm\u00f3 la senadora Kenia L\u00f3pez Rabad\u00e1n.<\/p>\n\n\n\n<p>En este Senado el PAN lo ha dicho claro y fuerte: no vamos a apoyar ninguna reforma constitucional para militarizar al pa\u00eds. Nosotros s\u00ed reconocemos la exigencia de organismos nacionales e internacionales para que las fuerzas de seguridad sean civiles. Sabemos que esta iniciativa no es la soluci\u00f3n, remarc\u00f3.<\/p>\n\n\n\n<p>Desde Palacio Nacional se frotan las manos esperando que la oposici\u00f3n se divida, pero se equivocan, ya que esta semana se demostrar\u00e1 c\u00f3mo el bloque opositor se encuentra fuerte y unido para defender a M\u00e9xico, indic\u00f3 durante su conferencia de prensa \u201cLa Contrama\u00f1anera\u201d.&nbsp;&nbsp;<\/p>\n\n\n\n<p>&#8220;Saben que la oposici\u00f3n junta en el Senado le ha hecho frente a las propuestas improvisadas de Morena. Saben que hemos alzado la voz para que las malas decisiones del gobierno de L\u00f3pez Obrador no sigan da\u00f1ando a las familias mexicanas. Y por eso es que apuestan a la divisi\u00f3n\u201d, expuso.<\/p>\n\n\n\n<p>En ese sentido, L\u00f3pez Rabad\u00e1n dijo que es incre\u00edble lo que est\u00e1 pasando en el pa\u00eds, ya que el gobierno sigue empe\u00f1ado en una estrategia que, lastimosamente, est\u00e1 haciendo sufrir a los mexicanos.<\/p>\n\n\n\n<p>\u201cUna estrategia que ha generado inseguridad, con las cifras m\u00e1s altas de asesinatos y&nbsp;de desaparecidos de la historia moderna\u201d, se\u00f1al\u00f3.<\/p>\n\n\n\n<p>Por otro lado, la vicecoordinadora del PAN en el Senado agreg\u00f3 que las decisiones fallidas han creado una alt\u00edsima inflaci\u00f3n. Las familias no pueden llevar comida a sus mesas por los precios tan altos.<\/p>\n\n\n\n<p>&#8220;A Morena le incomoda que los mexicanos levanten la voz para exigir medicamentos. Le disgusta que la oposici\u00f3n exija transparencia y, por supuesto, tambi\u00e9n les molesta que exijamos que se castigue a los corruptos de este gobierno. Por eso sue\u00f1an con que la oposici\u00f3n se divida y, lastimosamente, est\u00e1n m\u00e1s interesados en que la oposici\u00f3n se fracture y as\u00ed estar en una franca mayor\u00eda para lastimar y seguir medrando a los mexicanos\u201d, dijo.<\/p>\n\n\n\n<p>Lo que hoy nos toca hacer desde el Senado de la Rep\u00fablica es seguir construyendo con el bloque opositor para detener los abusos del poder.<\/p>\n\n\n\n<p>Indic\u00f3 que, en la Ciudad de M\u00e9xico&nbsp;la oposici\u00f3n se encuentra unida para defender a los ciudadanos.<\/p>\n\n\n\n<p>&#8220;Lo que necesitamos los chilangos es reactivar la econom\u00eda tras la pandemia, que mejoren los sistemas de salud, que mejore el abasto de agua, que haya seguridad para la gente, que no haya impunidad y que los delincuentes se vayan a la c\u00e1rcel\u201d, expuso la legisladora del PAN.<\/p>\n\n\n\n<p>Asegur\u00f3, que la oposici\u00f3n tiene claro que se necesita fortalecer a las polic\u00edas civiles y mejorar las condiciones de vida de los capitalinos.<\/p>\n\n\n\n<p>\u201cPor eso debemos mantenernos unidos\u201d, reiter\u00f3 la vicecoordinadora del GPPAN.<\/p>\n","protected":false},"excerpt":{"rendered":"<p>Tenemos las cifras m\u00e1s altas de asesinatos y de desaparecidos de la historia moderna, subray\u00f3 El PAN no apoya ninguna reforma constitucional que militarice al pa\u00eds, dijo El Grupo Parlamentario del PAN, como parte de una oposici\u00f3n firme en el Senado de la Rep\u00fablica, defender\u00e1&nbsp;a M\u00e9xico de la \u201caberraci\u00f3n\u201d que busca extender la permanencia de las Fuerzas Armadas en las calles, afirm\u00f3 la senadora Kenia L\u00f3pez Rabad\u00e1n. En este Senado&#8230;<\/p>\n","protected":false},"author":1,"featured_media":0,"comment_status":"closed","ping_status":"closed","sticky":false,"template":"","format":"standard","meta":{"footnotes":""},"categories":[17,51],"tags":[],"class_list":["post-11157","post","type-post","status-publish","format-standard","hentry","category-pan","category-senado","wpcat-17-id","wpcat-51-id"],"_links":{"self":[{"href":"https:\/\/www.aquilaguna.com\/index.php\/wp-json\/wp\/v2\/posts\/11157","targetHints":{"allow":["GET"]}}],"collection":[{"href":"https:\/\/www.aquilaguna.com\/index.php\/wp-json\/wp\/v2\/posts"}],"about":[{"href":"https:\/\/www.aquilaguna.com\/index.php\/wp-json\/wp\/v2\/types\/post"}],"author":[{"embeddable":true,"href":"https:\/\/www.aquilaguna.com\/index.php\/wp-json\/wp\/v2\/users\/1"}],"replies":[{"embeddable":true,"href":"https:\/\/www.aquilaguna.com\/index.php\/wp-json\/wp\/v2\/comments?post=11157"}],"version-history":[{"count":1,"href":"https:\/\/www.aquilaguna.com\/index.php\/wp-json\/wp\/v2\/posts\/11157\/revisions"}],"predecessor-version":[{"id":11158,"href":"https:\/\/www.aquilaguna.com\/index.php\/wp-json\/wp\/v2\/posts\/11157\/revisions\/11158"}],"wp:attachment":[{"href":"https:\/\/www.aquilaguna.com\/index.php\/wp-json\/wp\/v2\/media?parent=11157"}],"wp:term":[{"taxonomy":"category","embeddable":true,"href":"https:\/\/www.aquilaguna.com\/index.php\/wp-json\/wp\/v2\/categories?post=11157"},{"taxonomy":"post_tag","embeddable":true,"href":"https:\/\/www.aquilaguna.com\/index.php\/wp-json\/wp\/v2\/tags?post=11157"}],"curies":[{"name":"wp","href":"https:\/\/api.w.org\/{rel}","templated":true}]}}