{"id":11173,"date":"2022-09-20T17:15:44","date_gmt":"2022-09-20T22:15:44","guid":{"rendered":"https:\/\/www.aquilaguna.com\/?p=11173"},"modified":"2022-09-20T17:15:45","modified_gmt":"2022-09-20T22:15:45","slug":"mezquite-danza-contemporanea-presenta-programacion-de-septiembre-a-diciembre","status":"publish","type":"post","link":"https:\/\/www.aquilaguna.com\/index.php\/2022\/09\/20\/mezquite-danza-contemporanea-presenta-programacion-de-septiembre-a-diciembre\/","title":{"rendered":"Mezquite, danza contempor\u00e1nea presenta programaci\u00f3n de septiembre a diciembre."},"content":{"rendered":"\n<p>Luego de un ayuno esc\u00e9nico obligado de quince meses, la compa\u00f1\u00eda Mezquite Danza<br>contempor\u00e1nea, con gusto, nuevos br\u00edos y \u00e1nimos por bailar nuevamente, por estar en contacto con<br>el p\u00fablico y con ese otro cielo que es el escenario, comparte la realizaci\u00f3n de una serie de<br>actividades esc\u00e9nicas, acad\u00e9micas, art\u00edsticas y de intercambio que, a partir de este mes y hasta<br>agosto del pr\u00f3ximo a\u00f1o, inician los festejos de su XXV aniversario.<\/p>\n\n\n\n<p>Anotamos la programaci\u00f3n para este semestre:<br>&#8211; Septiembre 18 \/ Feria Internacional del Libro \/ Saltillo, Coahuila.<br>&#8211; Octubre 13 \/ Feria Internacional del Libro \/ Monterrey, N.L.<br>&#8211; Octubre 17 \/ Feria del Libro Infantil y Juvenil \/ Torre\u00f3n, Coahuila.<br>&#8211; Noviembre 19 \/ Teatro casa La besana \/ Saltillo, Coahuila.<br>&#8211; Noviembre 24 \/ Teatro Victoria \/ Durango, Dgo.<br>&#8211; Noviembre 29 \/ Teatro Nazas \/ Torre\u00f3n, Coahuila.<br>&#8211; Diciembre 3 \/ Parras de la Fuente, Coahuila.<\/p>\n\n\n\n<p>\u201cLectura sin fin\u201d, nombre del programa que le hace un gui\u00f1o al poema de Jos\u00e9<br>Gorostiza, se presentar\u00e1 en Las ferias del libro, es una danza de creaci\u00f3n colectiva<br>dise\u00f1ada para espacios no convencionales de representaci\u00f3n esc\u00e9nica y espacios<br>ambulatorios. En el segundo programa: \u201cReencuentros\u2026\u201d se presentan tres estrenos,<br>de Judith T\u00e9llez, Juan Pablo Nuncio y Jaime Hinojosa y dos obras de repertorio de Sara<br>Ovalle y de Alam Sarmiento.<\/p>\n\n\n\n<p>Un cuarto de siglo de terquedad, resistencia y vocaci\u00f3n -entre otras muchas cosas-, caracterizan a<br>Mezquite DC y la ubican como la compa\u00f1\u00eda de danza contempor\u00e1nea m\u00e1s longeva y productiva del<br>noreste. Las invitaciones de participaci\u00f3n que integran esta gira regional llegaron por invitaci\u00f3n<br>directa y cuentan con apoyo del Instituto Municipal de Cultura y Educaci\u00f3n de Torre\u00f3n.<\/p>\n","protected":false},"excerpt":{"rendered":"<p>Luego de un ayuno esc\u00e9nico obligado de quince meses, la compa\u00f1\u00eda Mezquite Danzacontempor\u00e1nea, con gusto, nuevos br\u00edos y \u00e1nimos por bailar nuevamente, por estar en contacto conel p\u00fablico y con ese otro cielo que es el escenario, comparte la realizaci\u00f3n de una serie deactividades esc\u00e9nicas, acad\u00e9micas, art\u00edsticas y de intercambio que, a partir de este mes y hastaagosto del pr\u00f3ximo a\u00f1o, inician los festejos de su XXV aniversario. Anotamos la&#8230;<\/p>\n","protected":false},"author":1,"featured_media":11174,"comment_status":"closed","ping_status":"closed","sticky":false,"template":"","format":"standard","meta":{"footnotes":""},"categories":[12,13],"tags":[],"class_list":["post-11173","post","type-post","status-publish","format-standard","has-post-thumbnail","hentry","category-cultura","category-danza","wpcat-12-id","wpcat-13-id"],"_links":{"self":[{"href":"https:\/\/www.aquilaguna.com\/index.php\/wp-json\/wp\/v2\/posts\/11173","targetHints":{"allow":["GET"]}}],"collection":[{"href":"https:\/\/www.aquilaguna.com\/index.php\/wp-json\/wp\/v2\/posts"}],"about":[{"href":"https:\/\/www.aquilaguna.com\/index.php\/wp-json\/wp\/v2\/types\/post"}],"author":[{"embeddable":true,"href":"https:\/\/www.aquilaguna.com\/index.php\/wp-json\/wp\/v2\/users\/1"}],"replies":[{"embeddable":true,"href":"https:\/\/www.aquilaguna.com\/index.php\/wp-json\/wp\/v2\/comments?post=11173"}],"version-history":[{"count":1,"href":"https:\/\/www.aquilaguna.com\/index.php\/wp-json\/wp\/v2\/posts\/11173\/revisions"}],"predecessor-version":[{"id":11175,"href":"https:\/\/www.aquilaguna.com\/index.php\/wp-json\/wp\/v2\/posts\/11173\/revisions\/11175"}],"wp:featuredmedia":[{"embeddable":true,"href":"https:\/\/www.aquilaguna.com\/index.php\/wp-json\/wp\/v2\/media\/11174"}],"wp:attachment":[{"href":"https:\/\/www.aquilaguna.com\/index.php\/wp-json\/wp\/v2\/media?parent=11173"}],"wp:term":[{"taxonomy":"category","embeddable":true,"href":"https:\/\/www.aquilaguna.com\/index.php\/wp-json\/wp\/v2\/categories?post=11173"},{"taxonomy":"post_tag","embeddable":true,"href":"https:\/\/www.aquilaguna.com\/index.php\/wp-json\/wp\/v2\/tags?post=11173"}],"curies":[{"name":"wp","href":"https:\/\/api.w.org\/{rel}","templated":true}]}}