{"id":11212,"date":"2022-09-21T18:09:44","date_gmt":"2022-09-21T23:09:44","guid":{"rendered":"https:\/\/www.aquilaguna.com\/?p=11212"},"modified":"2022-09-21T18:09:44","modified_gmt":"2022-09-21T23:09:44","slug":"concluye-crih-coahuila-exhumacion-en-san-pedro","status":"publish","type":"post","link":"https:\/\/www.aquilaguna.com\/index.php\/2022\/09\/21\/concluye-crih-coahuila-exhumacion-en-san-pedro\/","title":{"rendered":"CONCLUYE CRIH COAHUILA EXHUMACI\u00d3N EN SAN PEDRO."},"content":{"rendered":"\n<p>Torre\u00f3n, Coahuila de Zaragoza; a 21 de Septiembre de 2022.- Debido a las condiciones favorables del lugar y a la optimizaci\u00f3n de tiempos, el equipo de arqueolog\u00eda del Centro Regional de Identificaci\u00f3n Humana (CRIH) de la Comisi\u00f3n de B\u00fasqueda del Estado de Coahuila, el d\u00eda martes 20 de septiembre concluy\u00f3 la exhumaci\u00f3n en el Pante\u00f3n Municipal de San Pedro.<\/p>\n\n\n\n<p>La Coordinadora General del CRIH, Yezka Garza Ram\u00edrez, indic\u00f3 que durante este periodo de trabajo, iniciado el pasado lunes 19 de septiembre y concluido este martes, se recuper\u00f3 el n\u00famero m\u00ednimo de 37 individuos.<\/p>\n\n\n\n<p>\u201cEn su mayor\u00eda fueron cuerpos esqueletizados los que trasladamos al centro, los cuales ya se encuentran resguardados con su trazabilidad adecuada, mientras que el \u00e1rea de An\u00e1lisis Post Mortem realiza la toma de muestra y el an\u00e1lisis multidisciplinario\u201d, dijo Garza Ram\u00edrez.<\/p>\n\n\n\n<p>A\u00f1adi\u00f3 que conforme se realizan las intervenciones, el equipo de arqueolog\u00eda robustece la metodolog\u00eda, lo que permite consolidar las intervenciones de una manera m\u00e1s eficaz.<\/p>\n\n\n\n<p>Garza Ram\u00edrez agradeci\u00f3 a los familiares de las personas desaparecidas, quienes estuvieron haciendo el acompa\u00f1amiento y documentando el proceso durante estos d\u00edas de trabajo en el pante\u00f3n de la Regi\u00f3n Laguna.<\/p>\n","protected":false},"excerpt":{"rendered":"<p>Torre\u00f3n, Coahuila de Zaragoza; a 21 de Septiembre de 2022.- Debido a las condiciones favorables del lugar y a la optimizaci\u00f3n de tiempos, el equipo de arqueolog\u00eda del Centro Regional de Identificaci\u00f3n Humana (CRIH) de la Comisi\u00f3n de B\u00fasqueda del Estado de Coahuila, el d\u00eda martes 20 de septiembre concluy\u00f3 la exhumaci\u00f3n en el Pante\u00f3n Municipal de San Pedro. La Coordinadora General del CRIH, Yezka Garza Ram\u00edrez, indic\u00f3 que durante&#8230;<\/p>\n","protected":false},"author":1,"featured_media":11213,"comment_status":"closed","ping_status":"closed","sticky":false,"template":"","format":"standard","meta":{"footnotes":""},"categories":[5,15,3,24],"tags":[],"class_list":["post-11212","post","type-post","status-publish","format-standard","has-post-thumbnail","hentry","category-coahuila","category-gobierno-de-coahuila","category-san-pedro","category-seguridad","wpcat-5-id","wpcat-15-id","wpcat-3-id","wpcat-24-id"],"_links":{"self":[{"href":"https:\/\/www.aquilaguna.com\/index.php\/wp-json\/wp\/v2\/posts\/11212","targetHints":{"allow":["GET"]}}],"collection":[{"href":"https:\/\/www.aquilaguna.com\/index.php\/wp-json\/wp\/v2\/posts"}],"about":[{"href":"https:\/\/www.aquilaguna.com\/index.php\/wp-json\/wp\/v2\/types\/post"}],"author":[{"embeddable":true,"href":"https:\/\/www.aquilaguna.com\/index.php\/wp-json\/wp\/v2\/users\/1"}],"replies":[{"embeddable":true,"href":"https:\/\/www.aquilaguna.com\/index.php\/wp-json\/wp\/v2\/comments?post=11212"}],"version-history":[{"count":1,"href":"https:\/\/www.aquilaguna.com\/index.php\/wp-json\/wp\/v2\/posts\/11212\/revisions"}],"predecessor-version":[{"id":11214,"href":"https:\/\/www.aquilaguna.com\/index.php\/wp-json\/wp\/v2\/posts\/11212\/revisions\/11214"}],"wp:featuredmedia":[{"embeddable":true,"href":"https:\/\/www.aquilaguna.com\/index.php\/wp-json\/wp\/v2\/media\/11213"}],"wp:attachment":[{"href":"https:\/\/www.aquilaguna.com\/index.php\/wp-json\/wp\/v2\/media?parent=11212"}],"wp:term":[{"taxonomy":"category","embeddable":true,"href":"https:\/\/www.aquilaguna.com\/index.php\/wp-json\/wp\/v2\/categories?post=11212"},{"taxonomy":"post_tag","embeddable":true,"href":"https:\/\/www.aquilaguna.com\/index.php\/wp-json\/wp\/v2\/tags?post=11212"}],"curies":[{"name":"wp","href":"https:\/\/api.w.org\/{rel}","templated":true}]}}