{"id":11221,"date":"2022-09-21T18:14:53","date_gmt":"2022-09-21T23:14:53","guid":{"rendered":"https:\/\/www.aquilaguna.com\/?p=11221"},"modified":"2022-09-21T18:14:54","modified_gmt":"2022-09-21T23:14:54","slug":"entregan-reconocimientos-a-integrantes-del-grupo-de-ballet-folklorico-de-la-uadec-por-haber-ganado-el-4-campeonato-mundial-de-danza-fidaf-brasil-2022","status":"publish","type":"post","link":"https:\/\/www.aquilaguna.com\/index.php\/2022\/09\/21\/entregan-reconocimientos-a-integrantes-del-grupo-de-ballet-folklorico-de-la-uadec-por-haber-ganado-el-4-campeonato-mundial-de-danza-fidaf-brasil-2022\/","title":{"rendered":"Entregan Reconocimientos a Integrantes del Grupo de Ballet Folkl\u00f3rico de la UAdeC por haber ganado el 4\u00b0 Campeonato Mundial de Danza FIDAF Brasil 2022."},"content":{"rendered":"\n<p>ARTEAGA, Coahuila. 21 de septiembre de 2022.- Este mi\u00e9rcoles se reconoci\u00f3 a<br>los integrantes del Grupo de Ballet Folkl\u00f3rico de la Universidad Aut\u00f3noma de<br>Coahuila, por haber obtenido el t\u00edtulo de Campe\u00f3n Mundial de Danza Folkl\u00f3rica<br>del 4\u00b0 Campeonato Mundial FIDAF (Federation of International Dance Festivals)<br>Brasil en el 18 Festival Internacional de Folclore de Nova Prata.<\/p>\n\n\n\n<p>Del 7 al 11 de septiembre, el Ballet Folkl\u00f3rico de la UAdeC, integrado por 22<br>bailarines, siete m\u00fasicos y el director del grupo, compitieron con grupos de danza<br>folcl\u00f3rica de pa\u00edses seleccionados entre ellos Espa\u00f1a, Grecia, Per\u00fa, Tailandia,<br>Polonia, Letonia y Martinica, y demostraron los bailes tradicionales de las distintas<br>regiones de nuestro pa\u00eds, ganando no solo el t\u00edtulo de campe\u00f3n mundial, sino<br>tambi\u00e9n el del Premio a la Mejor Coreograf\u00eda y Premio del P\u00fablico.<\/p>\n\n\n\n<p>La ceremonia se llev\u00f3 a cabo en el Lobby de la Infoteca de Ciudad Universitaria<br>Campus Arteaga, en representaci\u00f3n del gobernador del Estado de Coahuila,<br>Miguel \u00c1ngel Riquelme Sol\u00eds, estuvo presente la titular de la Secretar\u00eda de Cultura,<br>Ana Sof\u00eda Garc\u00eda Camil, el alcalde de Saltillo, Jos\u00e9 Mar\u00eda Fraustro Siller, el rector<br>de la m\u00e1xima casa de estudios, Salvador Hern\u00e1ndez V\u00e9lez, la coordinadora<br>general de Difusi\u00f3n y Patrimonio Cultural, Ana Sof\u00eda Rodr\u00edguez Cepeda, el<br>coordinador de Unidad Saltillo, Julio Saucedo Zul, la coordinadora de Unidad<br>Torre\u00f3n, Sandra L\u00f3pez Chavarr\u00eda, el director del Grupo de Ballet Folcl\u00f3rico, Miguel<br>\u00c1ngel Salazar Vald\u00e9s y del Instituto Municipal de Cultura, Leticia Rodarte Rangel.<\/p>\n\n\n\n<p>En su mensaje, el alcalde de Saltillo, Jos\u00e9 Mar\u00eda Fraustro Siller felicit\u00f3 al Grupo de<br>Ballet Folcl\u00f3rico por haber obtenido este premio, y se\u00f1al\u00f3 que Saltillo siente un<br>gran orgullo por este logro y los alent\u00f3 a continuar trabajando para que sigan<br>cosechando \u00e9xitos, a la vez que reiter\u00f3 el apoyo y respaldo del gobierno<br>municipal, porque unidos se pueden lograr las metas que se planteen.<\/p>\n\n\n\n<p>Por su parte, el rector de la UAdeC, Salvador Hern\u00e1ndez V\u00e9lez dijo que conseguir<br>este premio no fue una tarea f\u00e1cil para el Ballet Folcl\u00f3rico, pues requiri\u00f3<br>preparaci\u00f3n previa, para la cual se invirti\u00f3 mucho tiempo, destac\u00f3 que con logros<br>como este se rescatan y conservan las tradiciones del pa\u00eds; as\u00ed mismo, dijo que<br>los integrantes del grupo son un ejemplo para las y los j\u00f3venes estudiantes, ya<br>que demuestran lo que se puede lograr con esfuerzo, entrega y dedicaci\u00f3n; felicit\u00f3<br>a su director Miguel \u00c1ngel Salazar por dirigir al Ballet con gran disciplina.<\/p>\n\n\n\n<p>Mientras qu\u00e9, la coordinadora general de Difusi\u00f3n y Patrimonio Cultural, Ana Sof\u00eda<br>Rodr\u00edguez Cepeda dijo que los miembros del Grupo de Ballet Folcl\u00f3rico son un<br>orgullo por ser universitarios que han logrado un reconocimiento internacional,<br>esto al difundir las costumbres y tradiciones del pa\u00eds y destac\u00f3 el trabajo y<br>profesionalismo del director Miguel \u00c1ngel Salazar, quien se ha entregado al grupo<br>en cuerpo y alma.<\/p>\n\n\n\n<p>Por otro lado, el director del Grupo de Ballet Folcl\u00f3rico, Miguel \u00c1ngel Salazar<br>Vald\u00e9s coment\u00f3 que la danza folcl\u00f3rica mexicana ha estado presente en la UAdeC<br>desde hace 40 a\u00f1os y que el Ballet atiende a la difusi\u00f3n de la cultura, pues con la<br>danza se busca expresar las ideas culturales, morales y religiosas en diversas<br>etapas de M\u00e9xico y est\u00e1 competencia les trajo el reto de encuadrar una<br>representaci\u00f3n del pa\u00eds en solo siete minutos, por lo que est\u00e1n contentos de poner<br>en alto el nombre de la Universidad en el \u00e1mbito art\u00edstico.<\/p>\n\n\n\n<p>Recibieron reconocimiento: el director del grupo, Miguel \u00c1ngel Salazar y los<br>integrantes, Erika Adriana Campos S\u00e1nchez, Celise Elizabeth Mart\u00ednez Quiroz,<br>Ximena Mart\u00ednez Ramos, Melina Z\u00fa\u00f1iga Mu\u00f1iz, Nelly Ballesteros Moya, Griselda<br>Gonz\u00e1lez L\u00f3pez, Irlanda Patricia Escamilla Hern\u00e1ndez, Ra\u00fal Alejandro Hern\u00e1ndez<br>Nava, Gerardo S\u00e1nchez S\u00e1nchez, Edgar Alejandro Jim\u00e9nez de la Rosa, Alexis<br>D\u00e1vila Sifuentes, Dar\u00edo Alfredo Valerio Ortiz, Jos\u00e9 Eduardo Lazalde, Ricardo<br>Dami\u00e1n Meza, Samuel de Jes\u00fas Rojas Rodr\u00edguez y Raymundo Esquivel<br>Hern\u00e1ndez; durante la ceremonia el Grupo de Ballet Folcl\u00f3rico hizo entrega al<br>rector Salvador Hern\u00e1ndez V\u00e9lez del trofeo de campeones, as\u00ed como el premio a<br>mejor coreograf\u00eda y premio otorgado por el p\u00fablico.<\/p>\n","protected":false},"excerpt":{"rendered":"<p>ARTEAGA, Coahuila. 21 de septiembre de 2022.- Este mi\u00e9rcoles se reconoci\u00f3 alos integrantes del Grupo de Ballet Folkl\u00f3rico de la Universidad Aut\u00f3noma deCoahuila, por haber obtenido el t\u00edtulo de Campe\u00f3n Mundial de Danza Folkl\u00f3ricadel 4\u00b0 Campeonato Mundial FIDAF (Federation of International Dance Festivals)Brasil en el 18 Festival Internacional de Folclore de Nova Prata. Del 7 al 11 de septiembre, el Ballet Folkl\u00f3rico de la UAdeC, integrado por 22bailarines, siete m\u00fasicos&#8230;<\/p>\n","protected":false},"author":1,"featured_media":11222,"comment_status":"closed","ping_status":"closed","sticky":false,"template":"","format":"standard","meta":{"footnotes":""},"categories":[12,13,2],"tags":[],"class_list":["post-11221","post","type-post","status-publish","format-standard","has-post-thumbnail","hentry","category-cultura","category-danza","category-uadec","wpcat-12-id","wpcat-13-id","wpcat-2-id"],"_links":{"self":[{"href":"https:\/\/www.aquilaguna.com\/index.php\/wp-json\/wp\/v2\/posts\/11221","targetHints":{"allow":["GET"]}}],"collection":[{"href":"https:\/\/www.aquilaguna.com\/index.php\/wp-json\/wp\/v2\/posts"}],"about":[{"href":"https:\/\/www.aquilaguna.com\/index.php\/wp-json\/wp\/v2\/types\/post"}],"author":[{"embeddable":true,"href":"https:\/\/www.aquilaguna.com\/index.php\/wp-json\/wp\/v2\/users\/1"}],"replies":[{"embeddable":true,"href":"https:\/\/www.aquilaguna.com\/index.php\/wp-json\/wp\/v2\/comments?post=11221"}],"version-history":[{"count":1,"href":"https:\/\/www.aquilaguna.com\/index.php\/wp-json\/wp\/v2\/posts\/11221\/revisions"}],"predecessor-version":[{"id":11223,"href":"https:\/\/www.aquilaguna.com\/index.php\/wp-json\/wp\/v2\/posts\/11221\/revisions\/11223"}],"wp:featuredmedia":[{"embeddable":true,"href":"https:\/\/www.aquilaguna.com\/index.php\/wp-json\/wp\/v2\/media\/11222"}],"wp:attachment":[{"href":"https:\/\/www.aquilaguna.com\/index.php\/wp-json\/wp\/v2\/media?parent=11221"}],"wp:term":[{"taxonomy":"category","embeddable":true,"href":"https:\/\/www.aquilaguna.com\/index.php\/wp-json\/wp\/v2\/categories?post=11221"},{"taxonomy":"post_tag","embeddable":true,"href":"https:\/\/www.aquilaguna.com\/index.php\/wp-json\/wp\/v2\/tags?post=11221"}],"curies":[{"name":"wp","href":"https:\/\/api.w.org\/{rel}","templated":true}]}}