{"id":11224,"date":"2022-09-21T18:28:58","date_gmt":"2022-09-21T23:28:58","guid":{"rendered":"https:\/\/www.aquilaguna.com\/?p=11224"},"modified":"2022-09-21T18:28:58","modified_gmt":"2022-09-21T23:28:58","slug":"presentaran-en-puerto-noas-exposicion-y-venta-de-obras-de-gibran","status":"publish","type":"post","link":"https:\/\/www.aquilaguna.com\/index.php\/2022\/09\/21\/presentaran-en-puerto-noas-exposicion-y-venta-de-obras-de-gibran\/","title":{"rendered":"Presentar\u00e1n en Puerto Noas exposici\u00f3n y venta de obras de Gibr\u00e1n."},"content":{"rendered":"\n<p>Torre\u00f3n, Coahuila.- Puerto Noas, Telef\u00e9rico Torre\u00f3n,\u00a0 da a conocer\u00a0 que este d\u00eda\u00a0 jueves 22\u00a0 inaugurar\u00e1 \u00a0 una galer\u00eda con exposici\u00f3n y venta de la obra de Gibr\u00e1n,\u00a0 pintor torreonense de reconocido prestigio \u00a0 nacional, en el mundo de las artes pl\u00e1sticas.\u00a0<\/p>\n\n\n\n<p>Acompa\u00f1ada\u00a0 del artista exponente, la titular del sitio Licenciada Ver\u00f3nica Soto, \u00a0 inform\u00f3 sobre \u00e9ste nuevo agregado al objetivo de hacer\u00a0 del Puerto Noas, ubicado en la cima del cerro\u00a0 del mismo nombre\u00a0 como el sitio de reuni\u00f3n de los laguneros, al que no solo se acude con motivaciones de orden religiosa, seg\u00fan el origen del mismo, sino que se ha ampliado como referencia de recreaci\u00f3n y entretenimiento para los laguneros y sus familias.<\/p>\n\n\n\n<p>La inauguraci\u00f3n tendr\u00e1 lugar a las 18:00 horas, por lo que hace extensiva la invitaci\u00f3n de todos los interesados en las artes pl\u00e1sticas, de las cuales el artista Gibr\u00e1n Mancisidor, es\u00a0 hoy por hoy uno de sus mas destacados exponentes.<\/p>\n\n\n\n<p>Gibr\u00e1n \u00a0 tras agradecer \u00a0 las facilidades obtenidas para aperturar\u00a0 una nueva galer\u00eda\u00a0 para la pl\u00e1stica regional\u00a0 y otras expresiones art\u00edsticas, estar\u00e1 a disposici\u00f3n de quienes as\u00ed lo soliciten\u00a0 adem\u00e1s de anunciar que estar\u00e1\u00a0 presidiendo un taller \u00a0 de pintura, a realizarse en el sitio mencionado.<\/p>\n\n\n\n<p>La exposici\u00f3n \u00a0 consistir\u00e1 en 37 obras de las cuales 36, ser\u00e1n\u00a0 pinturas\u00a0 en las cuales \u00a0 \u00a0 se gira en torno al tema de la &#8220;contemplaci\u00f3n&#8221;, indispensable en los tiempos que corren donde la agitaci\u00f3n, la prisa es el signo dominante.<\/p>\n\n\n\n<p>Me enfoqu\u00e9,\u00a0 explic\u00f3 el artista,\u00a0 &#8220;en hacer esta exposici\u00f3n en donde las im\u00e1genes\u00a0 plasmadas sean suficientes para\u00a0 que el espectador asimile el concepto de las obras&#8221;.<\/p>\n\n\n\n<p>Mi objetivo, reconoci\u00f3 el artista, &#8220;es poder conectar con la audiencia,\u00a0 en mi trabajo y que se\u00a0 tome unos momentos para apreciar mi obra&#8221;.<\/p>\n\n\n\n<p>&#8220;La obra a presentar est\u00e1\u00a0 elaborada a trav\u00e9s\u00a0 de t\u00e9cnicas como el \u00f3leo, al carboncillo, acr\u00edlico, t\u00e9cnicas mixtas\u00a0 y como obra n\u00famero 37,\u00a0 una escultura, esperando que sea del agrado del p\u00fablico que asista, que a mi consideraci\u00f3n,\u00a0 forma parte importante de la obra exhibida, que en conjunto es super colorida, bastante moderna, y creo, si no\u00a0 han visto o conocen mi trabajo, \u00a0 vale la pena verla&#8221;.<\/p>\n\n\n\n<p>\u00a0&#8220;El trabajo es pulido, fresco&#8221;, opin\u00f3.\u00a0<\/p>\n\n\n\n<p>Indic\u00f3\u00a0 que la obra expuesta estar\u00e1 a\u00a0 la venta, siendo sus precios \u00a0 \u00a0 desde 3,000 hasta 25 mil pesos por pieza\u00a0 y que sus tama\u00f1os abarcan desde peque\u00f1os formatos, hasta\u00a0 la mas grande que abarca\u00a0 un metro 20 cent\u00edmetros por un metro.<\/p>\n\n\n\n<p>Las obras permanecer\u00e1n expuestas a lo largo de un mes, dando as\u00ed a los laguneros la oportunidad de conocerla, de juzgarla y adquirirla, si es el caso.<\/p>\n\n\n\n<p>Preguntado\u00a0 sobre su trayectoria profesional en el mundo de la pl\u00e1stica, el Pintor Gibr\u00e1n\u00a0 comparti\u00f3 algunos datos sobre su curr\u00edcula, que incluye sus estudios en el Hospicio Caba\u00f1as, en la ciudad de Guadalajara, habiendo regresado a su natal Torre\u00f3n desde hace 16 a\u00f1os,\u00a0 dedicado a ser maestro de Artes Pl\u00e1sticas a particulares\u00a0 e impartir\u00a0 c\u00e1tedra en una universidad local.<\/p>\n\n\n\n<p>Ha presentado\u00a0 su obra en exposiciones \u00a0 realizadas en la Ciudad de M\u00e9xico, Guadalajara, expuesto y enviado obra a Estados Unidos, Panam\u00e1, Amsterdam,\u00a0 Espa\u00f1a.\u00a0<\/p>\n\n\n\n<p>Pero, quiso puntualizar\u00a0 que, &#8220;la que estoy por presentar en Torre\u00f3n es de la que mas orgulloso me siento, fue realizada a lo largo de los dos \u00faltimos\u00a0 dos a\u00f1os en el aislamiento que impuso la pandemia&#8221;, tiempo que afirm\u00f3, &#8220;increment\u00e9 el conocimiento de mi mismo. Creo que esta exposici\u00f3n\u00a0 es un reflejo de tal proceso&#8221;.\u00a0<\/p>\n\n\n\n<p>Reconoci\u00f3 luego la importancia de que Puerto Noas se convierta en un nuevo escenario donde los artistas laguneros, que en los que abunda el talento, tengan los espacios para exponer su obra, pero mucho mas importante resulta ser que haya p\u00fablico que acuda a conocerlos, &#8220;pues si no hay gente que\u00a0 las contemple el arte, pierde\u00a0 sentido&#8221;.<\/p>\n","protected":false},"excerpt":{"rendered":"<p>Torre\u00f3n, Coahuila.- Puerto Noas, Telef\u00e9rico Torre\u00f3n,\u00a0 da a conocer\u00a0 que este d\u00eda\u00a0 jueves 22\u00a0 inaugurar\u00e1 \u00a0 una galer\u00eda con exposici\u00f3n y venta de la obra de Gibr\u00e1n,\u00a0 pintor torreonense de reconocido prestigio \u00a0 nacional, en el mundo de las artes pl\u00e1sticas.\u00a0 Acompa\u00f1ada\u00a0 del artista exponente, la titular del sitio Licenciada Ver\u00f3nica Soto, \u00a0 inform\u00f3 sobre \u00e9ste nuevo agregado al objetivo de hacer\u00a0 del Puerto Noas, ubicado en la cima del&#8230;<\/p>\n","protected":false},"author":2,"featured_media":0,"comment_status":"closed","ping_status":"","sticky":false,"template":"","format":"standard","meta":{"footnotes":""},"categories":[5,12,28,7],"tags":[],"class_list":["post-11224","post","type-post","status-publish","format-standard","hentry","category-coahuila","category-cultura","category-la-laguna","category-torreon","wpcat-5-id","wpcat-12-id","wpcat-28-id","wpcat-7-id"],"_links":{"self":[{"href":"https:\/\/www.aquilaguna.com\/index.php\/wp-json\/wp\/v2\/posts\/11224","targetHints":{"allow":["GET"]}}],"collection":[{"href":"https:\/\/www.aquilaguna.com\/index.php\/wp-json\/wp\/v2\/posts"}],"about":[{"href":"https:\/\/www.aquilaguna.com\/index.php\/wp-json\/wp\/v2\/types\/post"}],"author":[{"embeddable":true,"href":"https:\/\/www.aquilaguna.com\/index.php\/wp-json\/wp\/v2\/users\/2"}],"replies":[{"embeddable":true,"href":"https:\/\/www.aquilaguna.com\/index.php\/wp-json\/wp\/v2\/comments?post=11224"}],"version-history":[{"count":1,"href":"https:\/\/www.aquilaguna.com\/index.php\/wp-json\/wp\/v2\/posts\/11224\/revisions"}],"predecessor-version":[{"id":11225,"href":"https:\/\/www.aquilaguna.com\/index.php\/wp-json\/wp\/v2\/posts\/11224\/revisions\/11225"}],"wp:attachment":[{"href":"https:\/\/www.aquilaguna.com\/index.php\/wp-json\/wp\/v2\/media?parent=11224"}],"wp:term":[{"taxonomy":"category","embeddable":true,"href":"https:\/\/www.aquilaguna.com\/index.php\/wp-json\/wp\/v2\/categories?post=11224"},{"taxonomy":"post_tag","embeddable":true,"href":"https:\/\/www.aquilaguna.com\/index.php\/wp-json\/wp\/v2\/tags?post=11224"}],"curies":[{"name":"wp","href":"https:\/\/api.w.org\/{rel}","templated":true}]}}