{"id":11267,"date":"2022-09-23T17:50:33","date_gmt":"2022-09-23T22:50:33","guid":{"rendered":"https:\/\/www.aquilaguna.com\/?p=11267"},"modified":"2022-09-23T17:50:34","modified_gmt":"2022-09-23T22:50:34","slug":"entrega-marcela-gorgon-apoyos-a-coahuilenses-con-discapacidad","status":"publish","type":"post","link":"https:\/\/www.aquilaguna.com\/index.php\/2022\/09\/23\/entrega-marcela-gorgon-apoyos-a-coahuilenses-con-discapacidad\/","title":{"rendered":"ENTREGA MARCELA GORG\u00d3N APOYOS A COAHUILENSES CON DISCAPACIDAD."},"content":{"rendered":"\n<p>\u00b7\u00a0\u00a0\u00a0\u00a0\u00a0\u00a0<strong><em>DIF Coahuila trabaja de manera coordinada con la sociedad civil por la inclusi\u00f3n.<\/em><\/strong><\/p>\n\n\n\n<p>Torre\u00f3n, Coahuila de Zaragoza; a 23 de Septiembre de 2022.- La Presidenta Honoraria del DIF Coahuila, Marcela Gorg\u00f3n Carrillo, arranc\u00f3 la entrega de 260 sillas de ruedas de trabajo que ser\u00e1n distribuidas en todo el estado, as\u00ed como de equipamiento por m\u00e1s de 600 mil pesos que ser\u00e1 destinado a 15 Unidades B\u00e1sicas de Rehabilitaci\u00f3n.<\/p>\n\n\n\n<p>Esto forma parte de los m\u00e1s de 150 eventos que se han realizado en todo el estado junto a los Sistemas DIF Municipales para conmemorar el Mes de la Discapacidad.<\/p>\n\n\n\n<p>\u201cEn Coahuila todos hacemos equipo para brindar programas, servicios y acciones que impulsen la inclusi\u00f3n de las personas con discapacidad, mejorando con ello su calidad de vida\u201d, resalt\u00f3 Marcela Gorg\u00f3n.<\/p>\n\n\n\n<p>Inform\u00f3 que a trav\u00e9s del programa UNEDIF se han brindado m\u00e1s de 909 mil traslados; los Centros de Rehabilitaci\u00f3n Integral han brindado m\u00e1s de 1.5 millones de sesiones de terapia f\u00edsica, y se han otorgado m\u00e1s de 2 mil sillas de ruedas convencionales, PCI y Modelo Vida Independiente, apunt\u00f3.<\/p>\n\n\n\n<p>Junto a Manolo Jim\u00e9nez, Secretario de Inclusi\u00f3n y Desarrollo&nbsp;&nbsp;Social del Estado, y la senadora Ver\u00f3nica Mart\u00ednez Garc\u00eda, la Presidenta Honoraria del DIF Estatal entreg\u00f3&nbsp;&nbsp;54 de las 260 sillas de ruedas de trabajo que se distribuir\u00e1n en todas las regiones de la entidad gracias a las gestiones hechas con la Fundaci\u00f3n Internacional Oasis.<\/p>\n\n\n\n<p>\u201cAgradezco a mi amigo Rafael R\u00edos Reyna, presidente de esta fundaci\u00f3n, por sumarse a las nobles causas del DIF Coahuila\u201d, resalt\u00f3.<\/p>\n\n\n\n<p>As\u00ed tambi\u00e9n, entreg\u00f3 equipo diverso a las Unidades B\u00e1sicas de Rehabilitaci\u00f3n, destacando que durante el presente a\u00f1o 15 de ellas habr\u00e1n recibido apoyo por 600 mil pesos.<\/p>\n\n\n\n<p>En su mensaje, Manolo Jim\u00e9nez Salinas reconoci\u00f3 la labor que realiza la Presidenta Honoraria del DIF Coahuila, Marcela Gorg\u00f3n, a favor de las personas que viven en situaci\u00f3n de vulnerabilidad.<\/p>\n\n\n\n<p>Destac\u00f3 que con el apoyo del gobernador Miguel \u00c1ngel Riquelme Sol\u00eds, se trabaja en equipo para unir esfuerzos y multiplicar resultados a favor de las y los coahuilenses.<\/p>\n\n\n\n<p>\u201cEsa f\u00f3rmula entre la sociedad civil organizada y el Gobierno es lo que permite ayudar a m\u00e1s gente. El objetivo de todas y todos es que lo que hagamos se traduzca en que nuestra gente viva mejor\u201d, remarc\u00f3.<\/p>\n\n\n\n<p>A su vez, Manolo Jim\u00e9nez destac\u00f3 que el apoyo que el DIF Coahuila entrega a las Unidades B\u00e1sicas de Rehabilitaci\u00f3n permitir\u00e1 equipar estos centros en favor de la ciudadan\u00eda.<\/p>\n\n\n\n<p>\u201cReiteramos el compromiso de seguir trabajando con ustedes; con el DIF Coahuila y en equipo con las secretarias, secretarios; las alcaldesas y los alcaldes, que han sido grandes aliados, y con los organismos de la sociedad civil y las y los empresarios\u201d, a\u00f1adi\u00f3.<\/p>\n\n\n\n<p>En su oportunidad, Rafael R\u00edos Reyna, presidente de la Fundaci\u00f3n Internacional Oasis, reconoci\u00f3 el trabajo que han realizado el gobernador Miguel Riquelme y la Presidenta Honoraria del DIF Estatal, Marcela Gorg\u00f3n, porque desde que eran Alcalde y Presidenta del DIF Torre\u00f3n, respectivamente, han trabajado a favor de las personas que viven con alguna discapacidad.<\/p>\n\n\n\n<p>\u201cUna de las cosas que siempre ha distinguido a la se\u00f1ora Marcela (Gorg\u00f3n) es el gran coraz\u00f3n que tiene por ayudar a otros. Es un honor para nosotros poder participar buscando siempre la donaci\u00f3n y ayudar a nuestro estado\u201d resalt\u00f3.<\/p>\n\n\n\n<p>R\u00edos Reyna apunt\u00f3 que las sillas de ruedas de trabajo tienen una vida \u00fatil de 15 a\u00f1os, y que su material de fabricaci\u00f3n y dise\u00f1o permite a las y los usuarios transportarse de manera segura y c\u00f3moda, llevando consigo los utensilios que requieran para su trabajo o escuela.<\/p>\n\n\n\n<p>En su momento, Roberto C\u00e1rdenas Zavala, Director General del DIF Coahuila, expuso que las sillas de ruedas de trabajo que hoy se entregan fueron el logro de gestiones realizadas por Marcela Gorg\u00f3n.<\/p>\n\n\n\n<p>Aunado a ello, resalt\u00f3 que el DIF Estatal, junto a las Unidades B\u00e1sicas de Rehabilitaci\u00f3n operadas por los Sistemas DIF Municipales, se han brindado m\u00e1s de 185 mil sesiones de terapia f\u00edsica, ocupacional y de lenguaje.<\/p>\n\n\n\n<p>\u201cMuchas gracias, amigo Manolo Jim\u00e9nez, por sumar todo el trabajo de \u2018Mejora Coahuila\u2019 al que realiza nuestra Presidenta, Marcela Gorg\u00f3n, para multiplicar los apoyos a favor de quienes m\u00e1s nos necesita\u201d.<\/p>\n\n\n\n<p>En el evento estuvieron presentes las presidentas honorarias de los Sistemas DIF Municipales de la Regi\u00f3n Laguna; el Subsecretario de Salud, Eliud Aguirre V\u00e1zquez; as\u00ed como Josu\u00e9 Gabino Jim\u00e9nez, Director de Familia Saludable y Apoyos Complementarios, y Arturo Rangel Aguirre, Coordinador Regional en la Laguna del DIF Coahuila.<\/p>\n","protected":false},"excerpt":{"rendered":"<p>\u00b7\u00a0\u00a0\u00a0\u00a0\u00a0\u00a0DIF Coahuila trabaja de manera coordinada con la sociedad civil por la inclusi\u00f3n. Torre\u00f3n, Coahuila de Zaragoza; a 23 de Septiembre de 2022.- La Presidenta Honoraria del DIF Coahuila, Marcela Gorg\u00f3n Carrillo, arranc\u00f3 la entrega de 260 sillas de ruedas de trabajo que ser\u00e1n distribuidas en todo el estado, as\u00ed como de equipamiento por m\u00e1s de 600 mil pesos que ser\u00e1 destinado a 15 Unidades B\u00e1sicas de Rehabilitaci\u00f3n. Esto forma&#8230;<\/p>\n","protected":false},"author":1,"featured_media":11268,"comment_status":"closed","ping_status":"closed","sticky":false,"template":"","format":"standard","meta":{"footnotes":""},"categories":[5,26,15],"tags":[],"class_list":["post-11267","post","type-post","status-publish","format-standard","has-post-thumbnail","hentry","category-coahuila","category-dif","category-gobierno-de-coahuila","wpcat-5-id","wpcat-26-id","wpcat-15-id"],"_links":{"self":[{"href":"https:\/\/www.aquilaguna.com\/index.php\/wp-json\/wp\/v2\/posts\/11267","targetHints":{"allow":["GET"]}}],"collection":[{"href":"https:\/\/www.aquilaguna.com\/index.php\/wp-json\/wp\/v2\/posts"}],"about":[{"href":"https:\/\/www.aquilaguna.com\/index.php\/wp-json\/wp\/v2\/types\/post"}],"author":[{"embeddable":true,"href":"https:\/\/www.aquilaguna.com\/index.php\/wp-json\/wp\/v2\/users\/1"}],"replies":[{"embeddable":true,"href":"https:\/\/www.aquilaguna.com\/index.php\/wp-json\/wp\/v2\/comments?post=11267"}],"version-history":[{"count":1,"href":"https:\/\/www.aquilaguna.com\/index.php\/wp-json\/wp\/v2\/posts\/11267\/revisions"}],"predecessor-version":[{"id":11269,"href":"https:\/\/www.aquilaguna.com\/index.php\/wp-json\/wp\/v2\/posts\/11267\/revisions\/11269"}],"wp:featuredmedia":[{"embeddable":true,"href":"https:\/\/www.aquilaguna.com\/index.php\/wp-json\/wp\/v2\/media\/11268"}],"wp:attachment":[{"href":"https:\/\/www.aquilaguna.com\/index.php\/wp-json\/wp\/v2\/media?parent=11267"}],"wp:term":[{"taxonomy":"category","embeddable":true,"href":"https:\/\/www.aquilaguna.com\/index.php\/wp-json\/wp\/v2\/categories?post=11267"},{"taxonomy":"post_tag","embeddable":true,"href":"https:\/\/www.aquilaguna.com\/index.php\/wp-json\/wp\/v2\/tags?post=11267"}],"curies":[{"name":"wp","href":"https:\/\/api.w.org\/{rel}","templated":true}]}}