{"id":11343,"date":"2022-09-27T18:53:46","date_gmt":"2022-09-27T23:53:46","guid":{"rendered":"https:\/\/www.aquilaguna.com\/?p=11343"},"modified":"2022-09-27T18:53:46","modified_gmt":"2022-09-27T23:53:46","slug":"arranca-unedif-en-parras-de-la-fuente-entregan-dos-unidades-y-apoyos-a-personas-con-discapacidad","status":"publish","type":"post","link":"https:\/\/www.aquilaguna.com\/index.php\/2022\/09\/27\/arranca-unedif-en-parras-de-la-fuente-entregan-dos-unidades-y-apoyos-a-personas-con-discapacidad\/","title":{"rendered":"ARRANCA UNEDIF EN PARRAS DE LA FUENTE; ENTREGAN DOS UNIDADES Y APOYOS A PERSONAS CON DISCAPACIDAD."},"content":{"rendered":"\n<p>\u00b7\u00a0\u00a0\u00a0\u00a0\u00a0\u00a0<strong><em>Con el impulso del goberndor Miguel Riquelme y Marcela Gorg\u00f3n, Presidenta Honoraria del DIF Coahuila, el UNEDIF cuenta con presencia en 27 de los 38 municipios.<\/em><\/strong><\/p>\n\n\n\n<p>\u00b7&nbsp;&nbsp;&nbsp;&nbsp;&nbsp;&nbsp;<strong><em>&nbsp;Agradece alcalde Fernando Orozco apoyos del Gobierno de Coahuila y del DIF Estatal.<\/em><\/strong><\/p>\n\n\n\n<p>\u00b7&nbsp;&nbsp;&nbsp;&nbsp;&nbsp;&nbsp;<strong><em>&nbsp;UNEDIF ha brindado m\u00e1s de 900 mil servicios de traslado a personas con discapacidad.<\/em><\/strong><\/p>\n\n\n\n<p>Parras de la Fuente, Coahuila de Zaragoza; a 27 de Septiembre de 2022.- Con la entrega de dos unidades, arranc\u00f3 en Parras de la Fuente el programa UNEDIF, que brindar\u00e1 el servicio de traslado a personas con discapacidad motriz en esa localidad.<\/p>\n\n\n\n<p>En representaci\u00f3n de la Presidenta Honoraria del DIF Estatal, Marcela Gorg\u00f3n Carrillo, el Director General de la dependencia, Roberto C\u00e1rdenas Zavala, el alcalde Fernando Orozco Lara y su esposa, la se\u00f1ora Palhoma Riojas Ramos, dieron arranque a este programa, con lo que ahora 27 municipios de Coahuila cuentan con el servicio de UNEDIF.<\/p>\n\n\n\n<p>C\u00e1rdenas Zavala resalt\u00f3 que gracias al impulso de la Presidenta Honoraria de DIF Coahuila, Marcela Gorg\u00f3n, y al respaldo del gobernador Miguel \u00c1ngel Riquelme Sol\u00eds, UNEDIF ha brindado m\u00e1s de 900 mil servicios de traslado en lo que va de la presente Administraci\u00f3n.<\/p>\n\n\n\n<p>Al destacar que este programa opera con recursos 100 por ciento estatales y la suma de los Sistemas DIF Municipales, el Director General del DIF Estatal resalt\u00f3 que la visi\u00f3n de Riquelme Sol\u00eds fue que este programa no s\u00f3lo tuviera presencia en los municipios de mayor poblaci\u00f3n, sino que tambi\u00e9n llegara a las localidades m\u00e1s peque\u00f1as e incrementar la cobertura del servicio.<\/p>\n\n\n\n<p>\u201cEstamos llegando a todos los municipios de Coahuila y as\u00ed vamos a seguir, apoyando a las personas m\u00e1s vulnerables\u201d, subray\u00f3 C\u00e1rdenas Zavala.<\/p>\n\n\n\n<p>En su momento, el Alcalde de Parras, Fernando Orozco Lara, agradeci\u00f3 el apoyo de Marcela Gorg\u00f3n y del gobernador Miguel Riquelme para trabajar en equipo con su Municipio, desplegando programas y acciones a favor de la comunidad.<\/p>\n\n\n\n<p>\u201cMiguel Riquelme es un gobernador atento, cercano; nos ha apoyado con 15 pavimentaciones m\u00e1s, con obras, en seguridad y salud\u201d, reconoci\u00f3 el Alcalde parrense.<\/p>\n\n\n\n<p>A su vez, destac\u00f3 que de la mano con el DIF Coahuila, el DIF Parras colabora con los programas de Adulto Mayor en Abandono (AMA); as\u00ed como con el Centro Comunitario y Comedor de las Personas Adultas Mayores y el Centro de Rehabilitaci\u00f3n Integral, entre otras acciones.<\/p>\n\n\n\n<p>\u201cHoy se ve la unidad, se ve la coordinaci\u00f3n. Es el resultado de un compromiso en beneficio de la gente de Parras\u201d, destac\u00f3 el Alcalde.<\/p>\n\n\n\n<p>En el evento tambi\u00e9n se entregaron sillas de ruedas, aparatos funcionales y apoyos alimentarios a poblaci\u00f3n en situaci\u00f3n de vulnerabilidad y a beneficiarias y beneficiarios del programa AMA.<\/p>\n\n\n\n<p>En el evento estuvo presente Herminio Rodr\u00edguez Torres, Director del CRIT Coahuila; Roc\u00edo Ramos Moncada, Coordinadora Regional de DIF Coahuila; Josu\u00e9 Gabino Jim\u00e9nez, Director de Familia Saludable y Apoyos Complementarios, as\u00ed como funcionarios estatales,&nbsp;&nbsp;municipales y miembros del Cabildo de Parras.<\/p>\n","protected":false},"excerpt":{"rendered":"<p>\u00b7\u00a0\u00a0\u00a0\u00a0\u00a0\u00a0Con el impulso del goberndor Miguel Riquelme y Marcela Gorg\u00f3n, Presidenta Honoraria del DIF Coahuila, el UNEDIF cuenta con presencia en 27 de los 38 municipios. \u00b7&nbsp;&nbsp;&nbsp;&nbsp;&nbsp;&nbsp;&nbsp;Agradece alcalde Fernando Orozco apoyos del Gobierno de Coahuila y del DIF Estatal. \u00b7&nbsp;&nbsp;&nbsp;&nbsp;&nbsp;&nbsp;&nbsp;UNEDIF ha brindado m\u00e1s de 900 mil servicios de traslado a personas con discapacidad. Parras de la Fuente, Coahuila de Zaragoza; a 27 de Septiembre de 2022.- Con la entrega de&#8230;<\/p>\n","protected":false},"author":1,"featured_media":11344,"comment_status":"closed","ping_status":"closed","sticky":false,"template":"","format":"standard","meta":{"footnotes":""},"categories":[5,26,15],"tags":[],"class_list":["post-11343","post","type-post","status-publish","format-standard","has-post-thumbnail","hentry","category-coahuila","category-dif","category-gobierno-de-coahuila","wpcat-5-id","wpcat-26-id","wpcat-15-id"],"_links":{"self":[{"href":"https:\/\/www.aquilaguna.com\/index.php\/wp-json\/wp\/v2\/posts\/11343","targetHints":{"allow":["GET"]}}],"collection":[{"href":"https:\/\/www.aquilaguna.com\/index.php\/wp-json\/wp\/v2\/posts"}],"about":[{"href":"https:\/\/www.aquilaguna.com\/index.php\/wp-json\/wp\/v2\/types\/post"}],"author":[{"embeddable":true,"href":"https:\/\/www.aquilaguna.com\/index.php\/wp-json\/wp\/v2\/users\/1"}],"replies":[{"embeddable":true,"href":"https:\/\/www.aquilaguna.com\/index.php\/wp-json\/wp\/v2\/comments?post=11343"}],"version-history":[{"count":1,"href":"https:\/\/www.aquilaguna.com\/index.php\/wp-json\/wp\/v2\/posts\/11343\/revisions"}],"predecessor-version":[{"id":11345,"href":"https:\/\/www.aquilaguna.com\/index.php\/wp-json\/wp\/v2\/posts\/11343\/revisions\/11345"}],"wp:featuredmedia":[{"embeddable":true,"href":"https:\/\/www.aquilaguna.com\/index.php\/wp-json\/wp\/v2\/media\/11344"}],"wp:attachment":[{"href":"https:\/\/www.aquilaguna.com\/index.php\/wp-json\/wp\/v2\/media?parent=11343"}],"wp:term":[{"taxonomy":"category","embeddable":true,"href":"https:\/\/www.aquilaguna.com\/index.php\/wp-json\/wp\/v2\/categories?post=11343"},{"taxonomy":"post_tag","embeddable":true,"href":"https:\/\/www.aquilaguna.com\/index.php\/wp-json\/wp\/v2\/tags?post=11343"}],"curies":[{"name":"wp","href":"https:\/\/api.w.org\/{rel}","templated":true}]}}